{"id":3992,"date":"2016-11-21T22:38:51","date_gmt":"2016-11-21T21:38:51","guid":{"rendered":"http:\/\/bassdu.mine.bz\/?p=3992"},"modified":"2017-10-22T16:45:15","modified_gmt":"2017-10-22T15:45:15","slug":"liga-pentru-eliberarea-nimenilor-l-e-n-povesti-3","status":"publish","type":"post","link":"https:\/\/bassdu.mine.bz\/?p=3992","title":{"rendered":"\u201eLiga pentru Libertatea Nimenilor\u201d (L.L.N.) \u2013 Pove\u015fti (3)"},"content":{"rendered":"<p>FLOCEA IZMENESCU<br \/>\nFlocea Izmenescu este un \u00eentreprinz\u0103tor de succes, fost securist al \u201e\u00eempu\u015fcatului\u201d, care a reu\u015fit \u00een 20 de ani s\u0103 devin\u0103 unul dintre cei mai boga\u0163i oameni din \u0163ar\u0103. A fost printre pu\u0163inii care au trimis \u00een strad\u0103 mii de cump\u0103r\u0103tori de ac\u0163iuni imediat dup\u0103 instaurarea \u201edemocra\u0163iei originale\u201d. Statul a v\u00e2ndut de fapt atunci ceea ce nu era al s\u0103u, adic\u0103 \u00eentreaga Industrie \u015fi Agricultur\u0103, ce fuseser\u0103 de drept ALE \u00ceNTREGULUI POPOR, ci nu ale STATULUI. Pe baza acestor fi\u0163uici f\u0103r\u0103 valoare juridic\u0103, Izmenescu a devenit patronul a diverse fabrici pe care le-a falimentat rapid, v\u00e2nz\u00e2nd apoi totul la fier vechi la \u201eindica\u0163iile pre\u0163ioase\u201d ale noilor ST\u0102P\u00c2NI occidentali, care aveau nevoie de PIA\u0162\u0102 DE DESFACERE pentru produsele lor, nicidecum de CONCUREN\u0162\u0102. Este adev\u0103rat c\u0103 era necesar\u0103 o RETEHNOLOGIZARE a industriei pentru a r\u0103spunde noilor standarde, dar de unde bani pentru a\u015fa ceva, c\u0103 b\u0103ncile devenite aproape exclusiv cu capital str\u0103in, numai la asta nu se g\u00e2ndeau!?&#8230; \u015fi atunci au intrat \u00een joc \u201elichidatorii economici\u201d, printre care \u015fi Izmenescu. Dar Izmenescu era un om cu consilieri \u201ecapabili\u201d, astfel c\u0103 a mai cump\u0103rat \u015fi c\u00e2teva nave maritime de mare tonaj, hoteluri, iar c\u00e2nd au avut loc retroced\u0103rile de terenuri \u015fi cl\u0103diri c\u0103tre fo\u015ftii proprietari, a fost din nou \u00een prima linie, profit\u00e2nd de pre\u0163urile ridicole ce se practicau cu bun\u0103 \u015ftiin\u0163\u0103 sub obl\u0103duirea SPECULATORILOR INTERNA\u0162IONALI. \u00cen ultimii ani s-a lansat \u00een activit\u0103\u0163i productive \u00een industria textil\u0103 \u015fi de \u00eenc\u0103l\u0163\u0103minte, profit\u00e2nd de SALARIILE DE MIZERIE ale lucr\u0103torilor rom\u00e2ni. C\u00e2nd ace\u015ftia au \u00eenceput s\u0103 cear\u0103 m\u0103riri de salariu datorit\u0103 scumpirii costului vie\u0163ii, Izmenescu i-a concediat \u015fi a angajat emigran\u0163i asiatici \u015fi africani pe care-i aducea \u00een \u0163ar\u0103 \u015fi-i \u201eadministra la s\u00e2nge\u201d printr-un ONG creat ad-hoc. La o astfel de fabric\u0103, pe 11.11.2017 diminea\u0163\u0103, pe turnul de ap\u0103 trona un banner cu urm\u0103torul mesaj:<br \/>\n<span style=\"color: #000080;\">\u201e<em>&#8211; PATRONUL acestei fabrici pentru \u00ceNALTA MOD\u0102 c\u00e2\u015ftig\u0103 pe lun\u0103 de 10.000 de ori mai mult dec\u00e2t TO\u0162I muncitorii lua\u0163i \u00eempreun\u0103.<\/em><\/span><br \/>\n<span style=\"color: #000080;\"><em>&#8211; PATRONUL aceste fabrici exploateaz\u0103 la s\u00e2nge EMIGRAN\u0162II asiatici \u015fi africani prin intermediul ONG-ului \u201eEUROPA MULTICULTURAL\u0102\u201d.<\/em><\/span><br \/>\n<span style=\"color: #000080;\"><em>&#8211; PATRONUL acestei fabrici a finan\u0163at campania electoral\u0103 a politicienilor locali \u015fi a actualului primar \u015fi le condi\u0163ioneaz\u0103 activitatea \u00een folos propriu.<\/em><\/span><br \/>\n<span style=\"color: #000080;\"><em>L.L.N.<\/em><\/span>\u201d<br \/>\nPOLI\u0162IA PRIVAT\u0102 a lui Izmenescu a intervenit imediat, dar nu a putut cobor\u00ee bannerul, deoarece scara de acces fusese distrus\u0103. Anun\u0163at despre ceea ce se pretrece, Izmenescu se precipit\u0103 spre locul cu pricina, dar pe drumul s\u0103u fu interceptat \u015fi blocat pe o strad\u0103 l\u0103turalnic\u0103 de 11 tineri masca\u0163i de Carnaval, pe ale c\u0103ror tricouri era scris: \u201ee\u015fti un tr\u0103d\u0103tor de \u0163ar\u0103\u201d, \u201ee\u015fti un mizerabil\u201d, \u201eai v\u00e2ndut flota maritim\u0103\u201d, \u201eai v\u00e2ndut la fier vechi 12 fabrici\u201d, \u201eai cultivat OMG pe terenurile ob\u0163inute ca REVOLU\u0162IONAR\u201d, \u201eexploatezi la s\u00e2nge emigran\u0163i economici\u201d, \u201evei da socoteal\u0103\u201d, \u201eai cump\u0103rat politicieni \u015fi primari\u201d, \u201eai speculat la Burs\u0103\u201d, \u201eai fost securist comunist, iar acum e\u015fti magnat capitalist\u201d, \u201ePupi moa\u015fte \u015fi vinzi \u0163ara\u201d. Bine\u00een\u0163eles c\u0103 dedesubtul fiec\u0103rui mesaj era sigla L.L.N.<br \/>\nSperiat de moarte se \u00eentoarse din drum \u015fi se precipit\u0103 la vila sa magnific\u0103 din Corl\u0103te\u015fti. R\u0103mase cu gura c\u0103scat\u0103 c\u00e2nd observ\u0103 c\u0103 tot personalul de serviciu \u00eel p\u0103r\u0103sise, l\u0103s\u00e2nd pe impun\u0103torul frontispiciu al vilei un banner cu scrisul:<br \/>\n<span style=\"color: #000080;\">\u201eNU MAI SERVIM BOGA\u0162I!!!<br \/>\nNU MAI VREM SCLAVIE!!!<br \/>\nNIMENI NU POATE DEVENI BOGAT F\u0102R\u0102 S\u0102 FURE!!!\u201d<\/span><br \/>\nNu trecu mult timp, c\u0103 \u00eencepu s\u0103 primeasc\u0103 telefoane de la \u201ecolegi\u201d care trecuser\u0103 prin aceea\u015fi experien\u0163\u0103.<br \/>\nDe fiecare dat\u0103 se ajungea la finalul conversa\u0163iei cu \u00eentrebarea retoric\u0103:<br \/>\n<span style=\"color: #800000;\">\u015eI ACUM, CE NE FACEM SINGURI???<\/span><\/p>\n<p>(va urma)<\/p>\n","protected":false},"excerpt":{"rendered":"<p>FLOCEA IZMENESCU Flocea Izmenescu este un \u00eentreprinz\u0103tor de succes, fost securist al \u201e\u00eempu\u015fcatului\u201d, care a reu\u015fit \u00een 20 de ani s\u0103 devin\u0103 unul dintre cei mai boga\u0163i oameni din \u0163ar\u0103. A fost printre pu\u0163inii care au trimis \u00een strad\u0103 mii de cump\u0103r\u0103tori de ac\u0163iuni imediat dup\u0103 instaurarea \u201edemocra\u0163iei originale\u201d. Statul a v\u00e2ndut de fapt atunci [&hellip;]<\/p>\n","protected":false},"author":2,"featured_media":0,"comment_status":"open","ping_status":"open","sticky":false,"template":"","format":"standard","meta":{"footnotes":""},"categories":[1619],"tags":[1626,572,644,1079,1627,1625,1624],"jetpack_featured_media_url":"","_links":{"self":[{"href":"https:\/\/bassdu.mine.bz\/index.php?rest_route=\/wp\/v2\/posts\/3992"}],"collection":[{"href":"https:\/\/bassdu.mine.bz\/index.php?rest_route=\/wp\/v2\/posts"}],"about":[{"href":"https:\/\/bassdu.mine.bz\/index.php?rest_route=\/wp\/v2\/types\/post"}],"author":[{"embeddable":true,"href":"https:\/\/bassdu.mine.bz\/index.php?rest_route=\/wp\/v2\/users\/2"}],"replies":[{"embeddable":true,"href":"https:\/\/bassdu.mine.bz\/index.php?rest_route=%2Fwp%2Fv2%2Fcomments&post=3992"}],"version-history":[{"count":2,"href":"https:\/\/bassdu.mine.bz\/index.php?rest_route=\/wp\/v2\/posts\/3992\/revisions"}],"predecessor-version":[{"id":4162,"href":"https:\/\/bassdu.mine.bz\/index.php?rest_route=\/wp\/v2\/posts\/3992\/revisions\/4162"}],"wp:attachment":[{"href":"https:\/\/bassdu.mine.bz\/index.php?rest_route=%2Fwp%2Fv2%2Fmedia&parent=3992"}],"wp:term":[{"taxonomy":"category","embeddable":true,"href":"https:\/\/bassdu.mine.bz\/index.php?rest_route=%2Fwp%2Fv2%2Fcategories&post=3992"},{"taxonomy":"post_tag","embeddable":true,"href":"https:\/\/bassdu.mine.bz\/index.php?rest_route=%2Fwp%2Fv2%2Ftags&post=3992"}],"curies":[{"name":"wp","href":"https:\/\/api.w.org\/{rel}","templated":true}]}}