{"id":4064,"date":"2017-03-04T13:37:29","date_gmt":"2017-03-04T12:37:29","guid":{"rendered":"http:\/\/bassdu.mine.bz\/?p=4064"},"modified":"2017-03-04T22:04:48","modified_gmt":"2017-03-04T21:04:48","slug":"de-ce-nu-are-succes-miscarea-dacia-1","status":"publish","type":"post","link":"https:\/\/bassdu.mine.bz\/?p=4064","title":{"rendered":"DE CE NU ARE SUCCES \u201eMI\u015eCAREA DACIA\u201d? (1)"},"content":{"rendered":"<p>&nbsp;<\/p>\n<h5>MI\u015eCAREA DACIA are o \u201eistorie\u201d de 8 ani \u00een care \u015fi-a propus proiectarea unei NOI PARADIGME SOCIO-ECONOMICE, pornind de la constatarea c\u0103 cea actual\u0103 fr\u00e2neaz\u0103 <span style=\"font-size: small;\">EVOLU\u0162IA SPECIEI OMENE\u015eTI<\/span><span style=\"font-size: small;\">, <\/span><span style=\"font-size: small;\">ba chiar o amenin\u0163\u0103 cu EXTINC\u0162IA<\/span><span style=\"font-size: small;\">. Tot mai mul\u0163i indivizi sesizeaz\u0103 c\u0103 \u201enu e bine vacii noastre\u201d, dar pu\u0163ini sunt aceia care se g\u00e2ndesc la \u201evindecare\u201d atac\u00e2nd CAUZELE, majoritatea limit\u00e2ndu-se la combaterea unor EFECTE!?&#8230; despre \u201emajoritatea democratic\u0103\u201d nici nu mai vorbim, deoarece este IGNORANT\u0102 \u015fi deci incapabil\u0103 s\u0103 produc\u0103 vreo SCHIMBARE pe baza LIBERULUI ARBITRU care-i lipse\u015fte cu des\u0103v\u00e2r\u015fire, fiind subiectul docil al MANIPUL\u0102RII \u00ceN MAS\u0102.<br \/>\nMI\u015eCAREA DACIA a elaborat INTUITIV de la \u00eenceputuri, ni\u015fte PRINCIPII de baz\u0103 pe care le-a cizelat, <\/span><span style=\"font-size: small;\">le-a redefinit, <\/span><span style=\"font-size: small;\">le-a documentat \u015fi le-a sus\u0163inut \u00een timp f\u0103r\u0103 a le denatura, prin DEZBATERI INTERNE \u015fi \u00een urma\u00a0unor INFORM\u0102RI DIN SURSE DE MARE VALOARE, de cele mai multe ori inaccesibile publicului larg prin str\u0103duin\u0163a SISTEMULUI \u201eOLD WORLD ORDER\u201d (OWO). Acesta este interesat \u00een men\u0163inerea status-quo-ului, adic\u0103 a unui SISTEM SCLAVAGIST \u00een care \u201eo m\u00e2n\u0103 de oameni\u201d controleaz\u0103 \u015fi supune restul popula\u0163iei. MI\u015eCAREA DACIA nu-\u015fi face iluzii, cunosc\u00e2nd ADEV\u0102RUL c\u0103 cca. 95% din oameni au o PERSONALITATE DE DOMINA\u0162I, dar mai \u015ftie \u015fi c\u0103 TO\u0162I OAMENII AU O \u201eSC\u00c2NTEIE DIVIN\u0102\u201d \u015fi c\u0103 BUN\u0102STAREA INDIVIDUAL\u0102 este str\u00e2ns legat\u0103 de BUN\u0102STAREA COLECTIV\u0102.<br \/>\nMI\u015eCAREA DACIA a priceput c\u0103 Omenirea se afl\u0103 \u00een pragul unei MARI SCHIMB\u0102RI DE PARADIGM\u0102, pornind de la constatarea c\u0103 actuala e NESUSTENABIL\u0102.<br \/>\nMI\u015eCAREA DACIA a priceput de asemenea c\u0103 O<\/span><span style=\"font-size: small;\">ld <\/span><span style=\"font-size: small;\">W<\/span><span style=\"font-size: small;\">orld <\/span><span style=\"font-size: small;\">O<\/span><span style=\"font-size: small;\">rder (OWO)<\/span><span style=\"font-size: small;\"> \u015ftie c\u0103 SISTEMUL este NESUSTENABIL \u015fi se preg\u0103te\u015fte s\u0103 controleze \u00een continuare prin REDUCEREA DRASTIC\u0102 A POPULA\u0162IEI, pornind de la eviden\u0163a c\u0103 PROGRESUL \u015eTIIN\u0162IFIC \u015fi TEHNOLOGIC a redus \u201enecesitatea de sclavi\u201d, c\u0103 RESURSELE sunt insuficiente pentru to\u0163i \u015fi c\u0103 un num\u0103r prea mare de SCLAVI DE\u015eTEPTA\u0162I prezint\u0103 un PERICOL pentru ei. Iat\u0103 de ce MI\u015eCAREA DACIA \u201ea cobor\u00e2t \u00een aren\u0103\u201d, tocmai pentru a elabora un alt \u201escenariu\u201d pentru Omenire, \u00een sintonie cu grupuri similare de pe mapamond. Acest \u201escenariu\u201d este prezentat pe scurt \u00een Manifestul \u201e<\/span><span style=\"color: #1d2129;\"><span style=\"font-family: Helvetica, Arial, sans-serif;\"><span style=\"font-size: small;\">\u03a9 NOU\u0102 LUME \u2013 OPORTUNIT\u0102\u021aI EGALE PENTRU TO\u021aI COPIII<\/span><\/span><\/span><span style=\"color: #1d2129;\"><span style=\"font-family: Helvetica, Arial, sans-serif;\"><span style=\"font-size: small;\">\u201d ce poate fi citit gratis aici: <a href=\"https:\/\/www.academia.edu\/29966650\/%CE%A9_NOUA_LUME.pdf\">https:\/\/www.academia.edu\/29966650\/%CE%A9_NOUA_LUME.pdf<\/a><br \/>\n<\/span><\/span><\/span><span style=\"color: #000000;\"><span style=\"font-family: Helvetica, Arial, sans-serif;\"><span style=\"font-size: small;\">Nu avem preten\u0163ia de a fi la \u201epunctul omega\u201d, dar nici nu o s\u0103 manifest\u0103m o fals\u0103 modestie, deoarece \u015eTIM c\u0103 acest Manifest este <\/span><\/span><\/span><span style=\"color: #000000;\"><span style=\"font-family: Helvetica, Arial, sans-serif;\"><span style=\"font-size: small;\">UNIC<\/span><\/span><\/span><span style=\"color: #000000;\"><span style=\"font-family: Helvetica, Arial, sans-serif;\"><span style=\"font-size: small;\"> \u00een spa\u0163iul rom\u00e2nesc \u015fi c\u0103 are o mare VALOARE INTELECTUAL\u0102 \u015fi UMANIST\u0102 <\/span><\/span><\/span><span style=\"color: #000000;\"><span style=\"font-family: Helvetica, Arial, sans-serif;\"><span style=\"font-size: small;\">av\u00e2nd la baz\u0103 PRINCIPII ILUMINISTE.<\/span><\/span><\/span> <span style=\"color: #000000;\"><span style=\"font-family: Helvetica, Arial, sans-serif;\"><span style=\"font-size: small;\">Nu este u\u015for s\u0103 contempli la 360 de grade Societatea Omeneasc\u0103, ba s\u0103 mai \u015fi propui un Proiect de aceast\u0103 anvergur\u0103, dar MI\u015eCAREA DACIA a f\u0103cut-o! Nu a beneficiat de POPULARIZARE de\u015fi ne-am str\u0103duit s\u0103 \u201epenetr\u0103m\u201d \u015fi cu mici excep\u0163ii, nu am reu\u015fit s\u0103 atragem mai mul\u0163i colaboratori, fiind noi limita\u0163i de \u201enivelul (sub)cultural al Fakebook-ului\u201d unde i-am c\u0103utat \u00een lips\u0103 de altceva.<br \/>\nMI\u015eCAREA DACIA \u015fi-a atins Obiectivul pentru aceast\u0103 prim\u0103 etap\u0103: editarea Manifestului <\/span><\/span><\/span><span style=\"color: #000000;\"><span style=\"font-family: Helvetica, Arial, sans-serif;\"><span style=\"font-size: small;\">\u201e<\/span><\/span><\/span><span style=\"color: #1d2129;\"><span style=\"font-family: Helvetica, Arial, sans-serif;\"><span style=\"font-size: small;\">\u03a9 NOU\u0102 LUME \u2013 OPORTUNIT\u0102\u021aI EGALE PENTRU TO\u021aI COPIII<\/span><\/span><\/span><span style=\"color: #1d2129;\"><span style=\"font-family: Helvetica, Arial, sans-serif;\"><span style=\"font-size: small;\">\u201d.<br \/>\n<\/span><\/span><\/span><span style=\"color: #1d2129;\"><span style=\"font-family: Helvetica, Arial, sans-serif;\"><span style=\"font-size: small;\">\u00cen viitor, cei care-l vor adopta \u015fi (de ce nu?) \u00eembun\u0103t\u0103\u0163i, au o \u201ebaz\u0103 de pornire\u201d&#8230; au o IDEOLOGIE ILUMINIST\u0102&#8230; au un MANIFEST. Mai r\u0103m\u00e2ne s\u0103 se ORGANIZEZE \u00een vederea GUVERN\u0102RII.<br \/>\nDe acum, nimeni nu mai poate DETURNA sau DENATURA nimic, deoarece ESTE TOTUL SCRIS!&#8230; are deja un loc \u00een MINTEA UNIVERSULUI <\/span><\/span><\/span><span style=\"color: #1d2129;\"><span style=\"font-family: Helvetica, Arial, sans-serif;\"><span style=\"font-size: small;\">\u015fi ar trebui s\u0103 fie un motiv de m\u00e2ndrie pentru IDENTITATEA ROM\u00c2NEASC\u0102.<\/span><\/span><\/span><span style=\"color: #1d2129;\"><span style=\"font-family: Helvetica, Arial, sans-serif;\"><span style=\"font-size: small;\"><br \/>\nCon\u015ftien\u0163i de valoarea Proiectului nostru, <\/span><\/span><\/span><span style=\"color: #1d2129;\"><span style=\"font-family: Helvetica, Arial, sans-serif;\"><span style=\"font-size: small;\">nu ne \u201edezarm\u0103m\u201d \u00een fa\u0163a \u201elipsei de interes\u201d, deoarece <\/span><\/span><\/span><span style=\"color: #1d2129;\"><span style=\"font-family: Helvetica, Arial, sans-serif;\"><span style=\"font-size: small;\">\u015ftim <\/span><\/span><\/span><span style=\"color: #1d2129;\"><span style=\"font-family: Helvetica, Arial, sans-serif;\"><span style=\"font-size: small;\">DE CE<\/span><\/span><\/span><span style=\"color: #1d2129;\"><span style=\"font-family: Helvetica, Arial, sans-serif;\"><span style=\"font-size: small;\"> nu avem ADEREN\u0162I <\/span><\/span><\/span><span style=\"color: #1d2129;\"><span style=\"font-family: Helvetica, Arial, sans-serif;\"><span style=\"font-size: small;\">\u015fi \u015ftim c\u0103 aceast\u0103 situa\u0163ie se va schimba rapid c\u00e2nd vor fi CONJUNCTURI FAVORABILE. Dac\u0103 asta nu se va petrece, deoarece suntem \u00eentr-o LUPT\u0102 pe care o \u015fi putem pierde, Omenirea va suporta CONSECIN\u0162E GRAVE&#8230; nu c\u0103 o spunem noi, ci al\u0163ii mult mai DE\u015eTEPTA\u0162I ca noi!!! <\/span><\/span><\/span><span style=\"color: #1d2129;\"><span style=\"font-family: Helvetica, Arial, sans-serif;\"><span style=\"font-size: small;\">Oricum, chiar dac\u0103 vom pierde aceast\u0103 LUPT\u0102, R\u0102ZBOIUL va fi c\u00e2\u015ftigat\u00a0\u00een cele din urm\u0103, deoarece EVOLU\u0162IA (BECOMING) este OBLIGATORIE conform LEGILOR UNIVERSALE.<br \/>\nDac\u0103 R\u0102ZBOIUL va fi pierdut, adic\u0103 vom r\u0103m\u00e2ne sclavii MATERIALISMULUI (BEING), OMENIREA a\u015fa cum o cunoa\u015ftem VA DISPARE \u015fi va apare o alt\u0103 RAS\u0102\/SPECIE pe PLANETA ALBASTR\u0102 care s\u0103 r\u0103spund\u0103 COMANDAMENTULUI UNIVERSAL&#8230;. la voi ALEGEREA!<\/span><\/span><\/span><span style=\"color: #1d2129;\"><span style=\"font-family: Helvetica, Arial, sans-serif;\"><span style=\"font-size: small;\"><br \/>\nP\u00e2n\u0103 atunci, s\u0103 vedem DE CE NU AVEM SUS\u0162IN\u0102TORI.<br \/>\n<\/span><\/span><\/span><span style=\"color: #1d2129;\"><span style=\"font-family: Helvetica, Arial, sans-serif;\"><span style=\"font-size: small;\">R\u0103spunsul e evident pentru noi: SUNT PRIZONIERI AI SISTEMULUI.<br \/>\nIat\u0103 cine sunt ace\u015ftia:<\/span><\/span><\/span><span style=\"color: #1d2129;\"><span style=\"font-family: Helvetica, Arial, sans-serif;\"><span style=\"font-size: small;\"><br \/>\n<\/span><\/span><\/span><span style=\"color: #1d2129;\"><span style=\"font-family: Helvetica, Arial, sans-serif;\"><span style=\"font-size: small;\"><br \/>\n<\/span><\/span><\/span><span style=\"color: #1d2129;\"><span style=\"font-family: Helvetica, Arial, sans-serif;\"><span style=\"font-size: small;\">(va urma)<\/span><\/span><\/span><\/h5>\n","protected":false},"excerpt":{"rendered":"<p>&nbsp; MI\u015eCAREA DACIA are o \u201eistorie\u201d de 8 ani \u00een care \u015fi-a propus proiectarea unei NOI PARADIGME SOCIO-ECONOMICE, pornind de la constatarea c\u0103 cea actual\u0103 fr\u00e2neaz\u0103 EVOLU\u0162IA SPECIEI OMENE\u015eTI, ba chiar o amenin\u0163\u0103 cu EXTINC\u0162IA. Tot mai mul\u0163i indivizi sesizeaz\u0103 c\u0103 \u201enu e bine vacii noastre\u201d, dar pu\u0163ini sunt aceia care se g\u00e2ndesc la \u201evindecare\u201d [&hellip;]<\/p>\n","protected":false},"author":2,"featured_media":0,"comment_status":"open","ping_status":"open","sticky":false,"template":"","format":"standard","meta":{"footnotes":""},"categories":[1593],"tags":[1393,1595,1662,1596,1663,177,210,1660,295,1661,1655],"jetpack_featured_media_url":"","_links":{"self":[{"href":"https:\/\/bassdu.mine.bz\/index.php?rest_route=\/wp\/v2\/posts\/4064"}],"collection":[{"href":"https:\/\/bassdu.mine.bz\/index.php?rest_route=\/wp\/v2\/posts"}],"about":[{"href":"https:\/\/bassdu.mine.bz\/index.php?rest_route=\/wp\/v2\/types\/post"}],"author":[{"embeddable":true,"href":"https:\/\/bassdu.mine.bz\/index.php?rest_route=\/wp\/v2\/users\/2"}],"replies":[{"embeddable":true,"href":"https:\/\/bassdu.mine.bz\/index.php?rest_route=%2Fwp%2Fv2%2Fcomments&post=4064"}],"version-history":[{"count":7,"href":"https:\/\/bassdu.mine.bz\/index.php?rest_route=\/wp\/v2\/posts\/4064\/revisions"}],"predecessor-version":[{"id":4071,"href":"https:\/\/bassdu.mine.bz\/index.php?rest_route=\/wp\/v2\/posts\/4064\/revisions\/4071"}],"wp:attachment":[{"href":"https:\/\/bassdu.mine.bz\/index.php?rest_route=%2Fwp%2Fv2%2Fmedia&parent=4064"}],"wp:term":[{"taxonomy":"category","embeddable":true,"href":"https:\/\/bassdu.mine.bz\/index.php?rest_route=%2Fwp%2Fv2%2Fcategories&post=4064"},{"taxonomy":"post_tag","embeddable":true,"href":"https:\/\/bassdu.mine.bz\/index.php?rest_route=%2Fwp%2Fv2%2Ftags&post=4064"}],"curies":[{"name":"wp","href":"https:\/\/api.w.org\/{rel}","templated":true}]}}