{"id":4086,"date":"2017-03-16T22:50:07","date_gmt":"2017-03-16T21:50:07","guid":{"rendered":"http:\/\/bassdu.mine.bz\/?p=4086"},"modified":"2017-06-08T21:02:21","modified_gmt":"2017-06-08T20:02:21","slug":"despre-familie","status":"publish","type":"post","link":"https:\/\/bassdu.mine.bz\/?p=4086","title":{"rendered":"DESPRE &#8230; FAMILIE"},"content":{"rendered":"<p><span style=\"color: #1d2129;\"><span style=\"font-family: Helvetica, Arial, sans-serif;\"><span style=\"font-size: small;\">Din capul locului vom spune c\u0103 MI\u015eCAREA DACIA are o pozi\u0163ie \u201eatipic\u0103\u201d \u00een leg\u0103tur\u0103 cu FAMILIA, <\/span><\/span><\/span><span style=\"color: #1d2129;\"><span style=\"font-family: Helvetica, Arial, sans-serif;\"><span style=\"font-size: small;\">la fel ca \u015fi \u00een toate celelalte chestiuni. Ne-am dori s\u0103 nu fie astfel, dar diferen\u0163a major\u0103 dintre noi \u015fi \u201erestul lumii\u201d este profund\u0103 \u015fi poate fi redus\u0103 la contradic\u0163ia dintre LOGOS-ul pe care-l cultiv\u0103m noi \u015fi MYTOS-ul care afecteaz\u0103 pe ceilal\u0163i. <\/span><\/span><\/span><span style=\"color: #1d2129;\"><span style=\"font-family: Helvetica, Arial, sans-serif;\"><span style=\"font-size: small;\">Noi ne baz\u0103m pe CUNOA\u015eTERE, RA\u0162IUNE, iar restul pe CREDIN\u0162E (aten\u0163ie, c\u0103 \u015fi \u015etiin\u0163a de exemplu e b\u00e2ntuit\u0103 de Credin\u0163e, dup\u0103 cum e explicat\u00a0\u00een Manifestul \u201e\u03a9 NOU\u0102 LUME \u2013 OPORTUNIT\u0102\u021aI EGALE PENTRU TO\u021aI COPIII\u201d)<\/span><\/span><\/span><span style=\"color: #1d2129;\"><span style=\"font-family: Helvetica, Arial, sans-serif;\"><span style=\"font-size: small;\"><br \/>\n\u00cen societatea rom\u00e2neasc\u0103, <\/span><\/span><\/span><span style=\"color: #1d2129;\"><span style=\"font-family: Helvetica, Arial, sans-serif;\"><span style=\"font-size: small;\">\u201emajoritatea democratic\u0103\u201d are o pozi\u0163ie CONSERVATOARE \u00een acest domeniu \u015fi cine are \u201emintea deschis\u0103\u201d, va pricepe din r\u00e2ndurile de mai jos de ce o consider\u0103m astfel, <\/span><\/span><\/span><span style=\"color: #1d2129;\"><span style=\"font-family: Helvetica, Arial, sans-serif;\"><span style=\"font-size: small;\">Expunerea aceasta este sintetic\u0103, dar suntem disponibili la detalieri pentru cei interesa\u0163i.<br \/>\n<\/span><\/span><\/span><span style=\"color: #1d2129;\"><span style=\"font-family: Helvetica, Arial, sans-serif;\"><span style=\"font-size: small;\"><br \/>\n<\/span><\/span><\/span><span style=\"color: #1d2129;\"><span style=\"font-family: Helvetica, Arial, sans-serif;\"><span style=\"font-size: small;\"><b>FAMILIA versus INDIVID<\/b><\/span><\/span><\/span><\/p>\n<p>MI\u015eCAREA DACIA pune pe primul loc INDIVIDUL, <span style=\"color: #1d2129;\"><span style=\"font-family: Helvetica, Arial, sans-serif;\"><span style=\"font-size: small;\">ci nu FAMILIA.<\/span><\/span><\/span><span style=\"color: #1d2129;\"><span style=\"font-family: Helvetica, Arial, sans-serif;\"><span style=\"font-size: small;\"><br \/>\nSTATUL MERITOCRATIC ILUMINIST pe care-l avem la PRINCIPII, se va ocupa de INDIVID \u015fi se va dezinteresa de FAMILIE a\u015fa cum e perceput\u0103 azi. Conceptul potrivit c\u0103ruia \u201eFAMILIA st\u0103 la baza societ\u0103\u0163ii\u201d este toxic \u015fi este impus opiniei publice de c\u0103tre FAMILIILE PRIVILEGIATE care \u00ee\u015fi asigur\u0103 astfel conducerea socio-economic\u0103. Acest lucru e posibil datorit\u0103 institu\u0163iei MO\u015eTENIRII MATERIALE. <\/span><\/span><\/span><span style=\"color: #1d2129;\"><span style=\"font-family: Helvetica, Arial, sans-serif;\"><span style=\"font-size: small;\">Aceasta este sus\u0163inut\u0103 de conceptul de PROPRIETATE PRIVAT\u0102, pe care PRIVILEGIA\u0162II au avut mare grij\u0103 s\u0103-l introduc\u0103 \u00een Constitu\u0163<\/span><\/span><\/span><span style=\"color: #1d2129;\"><span style=\"font-family: Helvetica, Arial, sans-serif;\"><span style=\"font-size: small;\">ii.<\/span><\/span><\/span><span style=\"color: #1d2129;\"><span style=\"font-family: Helvetica, Arial, sans-serif;\"><span style=\"font-size: small;\"><br \/>\nAsfel, Privilegia\u0163ii (SOMEBODIES) \u00ee\u015fi p\u0103streaz\u0103 PUTEREA asupra S\u0103racilor (NOBODIES).<br \/>\n<\/span><\/span><\/span><span style=\"color: #1d2129;\"><span style=\"font-family: Helvetica, Arial, sans-serif;\"><span style=\"font-size: small;\">F<\/span><\/span><\/span><span style=\"color: #1d2129;\"><span style=\"font-family: Helvetica, Arial, sans-serif;\"><span style=\"font-size: small;\">AMILIA<\/span><\/span><\/span><span style=\"color: #1d2129;\"><span style=\"font-family: Helvetica, Arial, sans-serif;\"><span style=\"font-size: small;\"> este piatra de temelie a <\/span><\/span><\/span><span style=\"color: #1d2129;\"><span style=\"font-family: Helvetica, Arial, sans-serif;\"><span style=\"font-size: small;\">Vechii <\/span><\/span><\/span><span style=\"color: #1d2129;\"><span style=\"font-family: Helvetica, Arial, sans-serif;\"><span style=\"font-size: small;\">Ordini Mondiale <\/span><\/span><\/span><span style=\"color: #1d2129;\"><span style=\"font-family: Helvetica, Arial, sans-serif;\"><span style=\"font-size: small;\">(OWO)<\/span><\/span><\/span><span style=\"color: #1d2129;\"><span style=\"font-family: Helvetica, Arial, sans-serif;\"><span style=\"font-size: small;\">. <\/span><\/span><\/span><span style=\"color: #1d2129;\"><span style=\"font-family: Helvetica, Arial, sans-serif;\"><span style=\"font-size: small;\"><br \/>\n\u00cen MERITOCRA\u0162IA ILUMINIST\u0102 proprietatea este INDIVIZ\u0102\/OB\u015eTEASC\u0102 \u015fi \u201eto\u0163i INDIVIZII au acelea\u015fi oportunit\u0103\u0163i\u201d, deci NU EXIST\u0102 PRIVILEGIA\u0162I.<br \/>\n<\/span><\/span><\/span><span style=\"color: #1d2129;\"><span style=\"font-family: Helvetica, Arial, sans-serif;\"><span style=\"font-size: small;\">Modalitatea prin care MI\u015eCAREA DACIA <\/span><\/span><\/span><span style=\"color: #1d2129;\"><span style=\"font-family: Helvetica, Arial, sans-serif;\"><span style=\"font-size: small;\">ar<\/span><\/span><\/span><span style=\"color: #1d2129;\"><span style=\"font-family: Helvetica, Arial, sans-serif;\"><span style=\"font-size: small;\"> elimina MO\u015eTENIREA MATERIAL\u0102 incompatibil\u0103 cu OPORTUNIT\u0102\u0162I EGALE PENTRU TO\u0162I COPIII, este TAXA DE SUCCESIUNE DE 100%<\/span><\/span><\/span><\/p>\n<p><span style=\"color: #1d2129;\"><span style=\"font-family: Helvetica, Arial, sans-serif;\"><span style=\"font-size: small;\"><b>FAMILIA versus STATUL PUTERNIC<\/b><\/span><\/span><\/span><\/p>\n<p>MERITOCRA\u0162IA ILUMINIST\u0102 preconizeaz\u0103 un STAT PUTERNIC, \u00een contradic\u0163ie cu LIBERALISMUL actual ce urm\u0103re\u015fte exact contrariul.<br \/>\nDac\u0103 ne g\u00e2ndim la \u201ec\u00e2te genii s-au irosit datorit\u0103 <span style=\"color: #1d2129;\"><span style=\"font-family: Helvetica, Arial, sans-serif;\"><span style=\"font-size: small;\">lipsei de oportunit\u0103\u0163i egale pentru to\u0163i copiii\u201d, tragem LOGIC concluzia c\u0103 STATUL PUTERNIC nu poate fi privat de existen\u0163a unui num\u0103r maxim de COMPETEN\u0162I <\/span><\/span><\/span><span style=\"color: #1d2129;\"><span style=\"font-family: Helvetica, Arial, sans-serif;\"><span style=\"font-size: small;\">sub niciun motiv.<\/span><\/span><\/span><span style=\"color: #1d2129;\"><span style=\"font-family: Helvetica, Arial, sans-serif;\"><span style=\"font-size: small;\"> Iat\u0103 cum STATUL PUTERNIC este \u00een contradic\u0163ie cu actualul concept de FAMILIE \u015fi \u00een general, cu actuala paradigm\u0103 socio-economic\u0103.<br \/>\n<\/span><\/span><\/span><span style=\"color: #1d2129;\"><span style=\"font-family: Helvetica, Arial, sans-serif;\"><span style=\"font-size: small;\">FAMILIA ap\u0103r\u0103 Interesul <\/span><\/span><\/span><span style=\"color: #1d2129;\"><span style=\"font-family: Helvetica, Arial, sans-serif;\"><span style=\"font-size: small;\">P<\/span><\/span><\/span><span style=\"color: #1d2129;\"><span style=\"font-family: Helvetica, Arial, sans-serif;\"><span style=\"font-size: small;\">ropriu, care de <\/span><\/span><\/span><span style=\"color: #1d2129;\"><span style=\"font-family: Helvetica, Arial, sans-serif;\"><span style=\"font-size: small;\">cele mai <\/span><\/span><\/span><span style=\"color: #1d2129;\"><span style=\"font-family: Helvetica, Arial, sans-serif;\"><span style=\"font-size: small;\">multe ori nu coincide cu <\/span><\/span><\/span><span style=\"color: #1d2129;\"><span style=\"font-family: Helvetica, Arial, sans-serif;\"><span style=\"font-size: small;\">I<\/span><\/span><\/span><span style=\"color: #1d2129;\"><span style=\"font-family: Helvetica, Arial, sans-serif;\"><span style=\"font-size: small;\">nteresul Comunit\u0103\u0163ii\/Statului.<br \/>\n<\/span><\/span><\/span><span style=\"color: #1d2129;\"><span style=\"font-family: Helvetica, Arial, sans-serif;\"><span style=\"font-size: small;\">Statul trebuie s\u0103-<\/span><\/span><\/span><span style=\"color: #1d2129;\"><span style=\"font-family: Helvetica, Arial, sans-serif;\"><span style=\"font-size: small;\">\u015fi<\/span><\/span><\/span><span style=\"color: #1d2129;\"><span style=\"font-family: Helvetica, Arial, sans-serif;\"><span style=\"font-size: small;\"> impun\u0103 autoritatea \u00een cazul \u00een care este <\/span><\/span><\/span><span style=\"color: #1d2129;\"><span style=\"font-family: Helvetica, Arial, sans-serif;\"><span style=\"font-size: small;\">\u00eempiedicat<\/span><\/span><\/span> <span style=\"color: #1d2129;\"><span style=\"font-family: Helvetica, Arial, sans-serif;\"><span style=\"font-size: small;\">de <\/span><\/span><\/span><span style=\"color: #1d2129;\"><span style=\"font-family: Helvetica, Arial, sans-serif;\"><span style=\"font-size: small;\">a realiza <\/span><\/span><\/span><span style=\"color: #1d2129;\"><span style=\"font-family: Helvetica, Arial, sans-serif;\"><span style=\"font-size: small;\">o societate dreapt\u0103, meritocratic\u0103.<\/span><\/span><\/span><span style=\"color: #1d2129;\"><span style=\"font-family: Helvetica, Arial, sans-serif;\"><span style=\"font-size: small;\"> Aceasta nu poate avea succes dac\u0103 permite <\/span><\/span><\/span><span style=\"color: #1d2129;\"><span style=\"font-family: Helvetica, Arial, sans-serif;\"><span style=\"font-size: small;\">unor <\/span><\/span><\/span><span style=\"color: #1d2129;\"><span style=\"font-family: Helvetica, Arial, sans-serif;\"><span style=\"font-size: small;\">fac\u021biuni din interiorul statului s\u0103 urm\u0103reasc\u0103 programe distincte \u0219i opuse. \u00cen cuvintele nemuritoare ale lui <\/span><\/span><\/span><span style=\"color: #1d2129;\"><span style=\"font-family: Helvetica, Arial, sans-serif;\"><span style=\"font-size: small;\">J.J. <\/span><\/span><\/span><span style=\"color: #1d2129;\"><span style=\"font-family: Helvetica, Arial, sans-serif;\"><span style=\"font-size: small;\">Rousseau, oamenii ar trebui s\u0103 fie &#8220;for\u021ba\u021bi s\u0103 fie liber<\/span><\/span><\/span><span style=\"color: #1d2129;\"><span style=\"font-family: Helvetica, Arial, sans-serif;\"><span style=\"font-size: small;\">i<\/span><\/span><\/span><span style=\"color: #1d2129;\"><span style=\"font-family: Helvetica, Arial, sans-serif;\"><span style=\"font-size: small;\">&#8220;.<\/span><\/span><\/span><\/p>\n<p><span style=\"color: #1d2129;\"><span style=\"font-family: Helvetica, Arial, sans-serif;\"><span style=\"font-size: small;\"><b>FAMILIA versus EDUCA\u0162IE<\/b><\/span><\/span><\/span><\/p>\n<p>Nu este un secret, sau o der\u00e2dere, ci REALITATEA: \u201emajoritatea familiilor sunt ignorante\u201d din motive obiective procurate de actuala paradigm\u0103 socio-economic\u0103 ce favorizeaz\u0103 procesul. MI\u015eCAREA DACIA are \u00een vedere contrariul, adic\u0103 promovarea CUNOA\u015eTERII \u00een a\u015fa fel ca fiecare INDIVID s\u0103-\u015fi poat\u0103 realiza deplin Poten\u0163ialul cu care s-a n\u0103scut.<br \/>\n\u00cen aceast\u0103 situa\u0163ie a delega FAMILIILOR IGNORANTE procesul EDUCATIV este un nonsens cu grave consecin\u0163e asupra COMUNIT\u0102\u0162II \u015fi asupra <span style=\"color: #1d2129;\"><span style=\"font-family: Helvetica, Arial, sans-serif;\"><span style=\"font-size: small;\">EVOLU\u0162IEI OMENIRII<\/span><\/span><\/span><span style=\"color: #1d2129;\"><span style=\"font-family: Helvetica, Arial, sans-serif;\"><span style=\"font-size: small;\">.<br \/>\n<\/span><\/span><\/span><span style=\"color: #1d2129;\"><span style=\"font-family: Helvetica, Arial, sans-serif;\"><span style=\"font-size: small;\">EDUCA\u0162IA constituie pentru MERITOCRA\u0162IA ILUMINIST\u0102, primul \u015fi cel mai important OBIECTIV \u015fi va avea conota\u0163ii total diferite fa\u0163\u0103 de actuala situa\u0163ie. De exemplu, EDUCA\u0162IA se va face \u00een \u015eCOLI-INTERNAT sub \u00eendrumarea celor mai Iluminate Min\u0163i ale Comunit\u0103\u0163ii.<br \/>\nBine\u00een\u0163eles c\u0103 FAMILIA poate oferi ceea ce Statul nu poate \u015fi anume DRAGOSTEA P\u0102RINTEASC\u0102.<br \/>\nAceasta va avea prilejul s\u0103 se manifeste de S\u0103rb\u0103tori \u015fi \u00een Vacan\u0163e, prilej pentru p\u0103rin\u0163i s\u0103 ia act de DEVENIREA propriilor fii \u015fi fiice <\/span><\/span><\/span><span style=\"color: #1d2129;\"><span style=\"font-family: Helvetica, Arial, sans-serif;\"><span style=\"font-size: small;\">\u015fi viceversa, deoarece p\u0103rin\u0163ii vor avea timp suplimentar pentru propria DEVENIRE.<\/span><\/span><\/span><\/p>\n<p><span style=\"color: #1d2129;\"><span style=\"font-family: Helvetica, Arial, sans-serif;\"><span style=\"font-size: small;\"><b>FAMILIA versus RELIGIILE MAJORE<\/b><\/span><\/span><\/span><\/p>\n<p>Pozi\u0163ia MI\u015eC\u0102RII DACIA \u00een leg\u0103tur\u0103 cu RELIGIILE MAJORE este c\u0103 \u201efiecare e liber s\u0103 cread\u0103 ce<span style=\"color: #1d2129;\"><span style=\"font-family: Helvetica, Arial, sans-serif;\"><span style=\"font-size: small;\"> vrea pe plan INDIVIDUAL<\/span><\/span><\/span><span style=\"color: #1d2129;\"><span style=\"font-family: Helvetica, Arial, sans-serif;\"><span style=\"font-size: small;\">, dar \u00eei este interzis PROZELITISMUL de orice fel<\/span><\/span><\/span><span style=\"color: #1d2129;\"><span style=\"font-family: Helvetica, Arial, sans-serif;\"><span style=\"font-size: small;\">\u201d<\/span><\/span><\/span><span style=\"color: #1d2129;\"><span style=\"font-family: Helvetica, Arial, sans-serif;\"><span style=\"font-size: small;\">. Cine dore\u015fte s\u0103 cunoasc\u0103 RELIGIILE este liber s\u0103 se INFORMEZE, iar Statul se oblig\u0103 s\u0103 asigure <\/span><\/span><\/span><span style=\"color: #1d2129;\"><span style=\"font-family: Helvetica, Arial, sans-serif;\"><span style=\"font-size: small;\">celor interesa\u0163i <\/span><\/span><\/span><span style=\"color: #1d2129;\"><span style=\"font-family: Helvetica, Arial, sans-serif;\"><span style=\"font-size: small;\">studierea TUTUROR RELIGIILOR <\/span><\/span><\/span><span style=\"color: #1d2129;\"><span style=\"font-family: Helvetica, Arial, sans-serif;\"><span style=\"font-size: small;\">\u015fi a ISTORIEI <\/span><\/span><\/span><span style=\"color: #1d2129;\"><span style=\"font-family: Helvetica, Arial, sans-serif;\"><span style=\"font-size: small;\">acestora<\/span><\/span><\/span><span style=\"color: #1d2129;\"><span style=\"font-family: Helvetica, Arial, sans-serif;\"><span style=\"font-size: small;\">, \u00een a\u015fa fel ca fiecare INDIVID s\u0103-\u015fi fac\u0103 propria IDEE \u015fi s\u0103 adopte <\/span><\/span><\/span><span style=\"color: #1d2129;\"><span style=\"font-family: Helvetica, Arial, sans-serif;\"><span style=\"font-size: small;\">la o v\u00e2rst\u0103 potrivit\u0103 \u015fi <\/span><\/span><\/span><span style=\"color: #1d2129;\"><span style=\"font-family: Helvetica, Arial, sans-serif;\"><span style=\"font-size: small;\">conform LIBERULUI ARBITRU, religia care i se pare mai potrivit\u0103, <\/span><\/span><\/span><span style=\"color: #1d2129;\"><span style=\"font-family: Helvetica, Arial, sans-serif;\"><span style=\"font-size: small;\">dac\u0103 exist\u0103 a\u015fa ceva<\/span><\/span><\/span><span style=\"color: #1d2129;\"><span style=\"font-family: Helvetica, Arial, sans-serif;\"><span style=\"font-size: small;\">.<br \/>\nAst\u0103zi sunt \u00eenc\u0103lcate grosolan aceste PRINCIPII \u00een special \u00een FAMILIE \u015fi \u00een EDUCA\u0162IE, copiii fi<\/span><\/span><\/span><span style=\"color: #1d2129;\"><span style=\"font-family: Helvetica, Arial, sans-serif;\"><span style=\"font-size: small;\">i<\/span><\/span><\/span><span style=\"color: #1d2129;\"><span style=\"font-family: Helvetica, Arial, sans-serif;\"><span style=\"font-size: small;\">nd \u00eendoctrina\u0163i religios \u00eenainte de a avea bazele necesare de \u00ceN\u0162ELEGERE \u015fi CUNOA\u015eTERE.<br \/>\nRELIGIILE MAJORE \u015fi-au demonstrat toxicitatea <\/span><\/span><\/span><span style=\"color: #1d2129;\"><span style=\"font-family: Helvetica, Arial, sans-serif;\"><span style=\"font-size: small;\">de-a lungul mileniilor <\/span><\/span><\/span><span style=\"color: #1d2129;\"><span style=\"font-family: Helvetica, Arial, sans-serif;\"><span style=\"font-size: small;\">\u015fi au fost \u015fi sunt instrumente de baz\u0103 ale actualei paradigme socio-economice.<br \/>\n<\/span><\/span><\/span><span style=\"color: #1d2129;\"><span style=\"font-family: Helvetica, Arial, sans-serif;\"><span style=\"font-size: small;\">A\u015fa cum<\/span><\/span><\/span><span style=\"color: #1d2129;\"><span style=\"font-family: Helvetica, Arial, sans-serif;\"><span style=\"font-size: small;\"> familia este fundamental \u00een contradic\u021bie cu statul, dat fiind c\u0103 urm\u0103re\u0219te s\u0103 pun\u0103 propriile sale interese peste cele ale statului, <\/span><\/span><\/span><span style=\"color: #1d2129;\"><span style=\"font-family: Helvetica, Arial, sans-serif;\"><span style=\"font-size: small;\">tot a\u015fa<\/span><\/span><\/span><span style=\"color: #1d2129;\"><span style=\"font-family: Helvetica, Arial, sans-serif;\"><span style=\"font-size: small;\"> este <\/span><\/span><\/span><span style=\"color: #1d2129;\"><span style=\"font-family: Helvetica, Arial, sans-serif;\"><span style=\"font-size: small;\">\u015fi<\/span><\/span><\/span><span style=\"color: #1d2129;\"><span style=\"font-family: Helvetica, Arial, sans-serif;\"><span style=\"font-size: small;\"> religia. Religia \u00ee\u0219i propune s\u0103 promoveze propria agend\u0103 inflexibil<\/span><\/span><\/span><span style=\"color: #1d2129;\"><span style=\"font-family: Helvetica, Arial, sans-serif;\"><span style=\"font-size: small;\">\u0103<\/span><\/span><\/span><span style=\"color: #1d2129;\"><span style=\"font-family: Helvetica, Arial, sans-serif;\"><span style=\"font-size: small;\">, care nu este cea a <\/span><\/span><\/span><span style=\"color: #1d2129;\"><span style=\"font-family: Helvetica, Arial, sans-serif;\"><span style=\"font-size: small;\">S<\/span><\/span><\/span><span style=\"color: #1d2129;\"><span style=\"font-family: Helvetica, Arial, sans-serif;\"><span style=\"font-size: small;\">tatului. <\/span><\/span><\/span><span style=\"color: #1d2129;\"><span style=\"font-family: Helvetica, Arial, sans-serif;\"><span style=\"font-size: small;\"><br \/>\nUn STAT PUTERNIC nu poate admite alte REGULI \u015fi COMPORTAMENTE \u00een afar\u0103 de cele GENERAL-<\/span><\/span><\/span><span style=\"color: #1d2129;\"><span style=\"font-family: Helvetica, Arial, sans-serif;\"><span style=\"font-size: small;\">VALABILE<\/span><\/span><\/span><span style=\"color: #1d2129;\"><span style=\"font-family: Helvetica, Arial, sans-serif;\"><span style=\"font-size: small;\">, RA\u0162IONALE, \u015eTIIN\u0162IFICE, bazate pe CUNOA\u015eTERE \u015fi nicidecum pe CREDIN\u0162E. Acestea se pot manifesta exclusiv pe plan INDIVIDUAL, ci nu SOCIAL. Pentru asta, averile bisericilor vor fi SECULARIZATE \u015fi li se va interzice amestecul \u00een Politic\u0103, Economie, Media, Educa\u0163ie \u015fi S\u0103n\u0103tate. Toate astea sunt apanajul exclusiv al Statului.<\/span><\/span><\/span><\/p>\n<p><span style=\"color: #1d2129;\"><span style=\"font-family: Helvetica, Arial, sans-serif;\"><span style=\"font-size: small;\"><b>C\u0103s\u0103torie<\/b><\/span><\/span><\/span><\/p>\n<p><span style=\"color: #1d2129;\"><span style=\"font-family: Helvetica, Arial, sans-serif;\"><span style=\"font-size: small;\">Institu\u0163ia C\u0102S\u0102TORIEI este anacronic\u0103 \u015fi putem vedea cu ochii no\u015ftri diver\u015fi babal\u00e2ci \u00eenso\u0163i\u0163i de tinere voluptuoase, numai datorit\u0103 BOG\u0102\u0162IEI primilor <\/span><\/span><\/span><span style=\"color: #1d2129;\"><span style=\"font-family: Helvetica, Arial, sans-serif;\"><span style=\"font-size: small;\">(c\u0103s\u0103torii de convenien\u0163\u0103)<\/span><\/span><\/span><span style=\"color: #1d2129;\"><span style=\"font-family: Helvetica, Arial, sans-serif;\"><span style=\"font-size: small;\">. Putem vedea <\/span><\/span><\/span><span style=\"color: #1d2129;\"><span style=\"font-family: Helvetica, Arial, sans-serif;\"><span style=\"font-size: small;\">mirese cump\u0103rate, poligamia \u015fi <\/span><\/span><\/span><span style=\"color: #1d2129;\"><span style=\"font-family: Helvetica, Arial, sans-serif;\"><span style=\"font-size: small;\">feti\u0163e \u201ec\u0103s\u0103torite\u201d la v\u00e2rsta pubert\u0103\u0163ii, pentru c\u0103 o RELIGIE ABRAHAMIC\u0102 o permite <\/span><\/span><\/span><span style=\"color: #1d2129;\"><span style=\"font-family: Helvetica, Arial, sans-serif;\"><span style=\"font-size: small;\">(c\u0103s\u0103torii for\u0163ate)<\/span><\/span><\/span><span style=\"color: #1d2129;\"><span style=\"font-family: Helvetica, Arial, sans-serif;\"><span style=\"font-size: small;\">. Putem vedea c\u0103s\u0103torii ce se men\u0163in doar pe baza <\/span><\/span><\/span><span style=\"color: #1d2129;\"><span style=\"font-family: Helvetica, Arial, sans-serif;\"><span style=\"font-size: small;\">CONTRACTULUI INI\u0162IAL<\/span><\/span><\/span><span style=\"color: #1d2129;\"><span style=\"font-family: Helvetica, Arial, sans-serif;\"><span style=\"font-size: small;\"> a c\u0103rui rupere ar produce diverse consecin\u0163e materiale <\/span><\/span><\/span><span style=\"color: #1d2129;\"><span style=\"font-family: Helvetica, Arial, sans-serif;\"><span style=\"font-size: small;\">nepl\u0103cute. Putem vedea ABUZURI de toate tipurile ale so\u0163ilor asupra so\u0163i<\/span><\/span><\/span><span style=\"color: #1d2129;\"><span style=\"font-family: Helvetica, Arial, sans-serif;\"><span style=\"font-size: small;\">ilor \u015fi invers<\/span><\/span><\/span><span style=\"color: #1d2129;\"><span style=\"font-family: Helvetica, Arial, sans-serif;\"><span style=\"font-size: small;\">, \u015famd.<\/span><\/span><\/span><\/p>\n<p><span style=\"color: #1d2129;\"><span style=\"font-family: Helvetica, Arial, sans-serif;\"><span style=\"font-size: small;\">C\u0103s\u0103tori<\/span><\/span><\/span><span style=\"color: #1d2129;\"><span style=\"font-family: Helvetica, Arial, sans-serif;\"><span style=\"font-size: small;\">a<\/span><\/span><\/span><span style=\"color: #1d2129;\"><span style=\"font-family: Helvetica, Arial, sans-serif;\"><span style=\"font-size: small;\"> va fi o institu\u021bie pe cale de dispari\u021bie \u00eentr-o societate meritocratic<\/span><\/span><\/span><span style=\"color: #1d2129;\"><span style=\"font-family: Helvetica, Arial, sans-serif;\"><span style=\"font-size: small;\">\u0103<\/span><\/span><\/span><span style=\"color: #1d2129;\"><span style=\"font-family: Helvetica, Arial, sans-serif;\"><span style=\"font-size: small;\">. <\/span><\/span><\/span><span style=\"color: #1d2129;\"><span style=\"font-family: Helvetica, Arial, sans-serif;\"><span style=\"font-size: small;\">Interesul societ\u0103\u0163ii se va deplasa de la <\/span><\/span><\/span><span style=\"color: #1d2129;\"><span style=\"font-family: Helvetica, Arial, sans-serif;\"><span style=\"font-size: small;\"> famili<\/span><\/span><\/span><span style=\"color: #1d2129;\"><span style=\"font-family: Helvetica, Arial, sans-serif;\"><span style=\"font-size: small;\">e<\/span><\/span><\/span> <span style=\"color: #1d2129;\"><span style=\"font-family: Helvetica, Arial, sans-serif;\"><span style=\"font-size: small;\">la<\/span><\/span><\/span><span style=\"color: #1d2129;\"><span style=\"font-family: Helvetica, Arial, sans-serif;\"><span style=\"font-size: small;\"> individ: noua unitate func\u021bional\u0103 a statului. C\u0103s\u0103tori<\/span><\/span><\/span><span style=\"color: #1d2129;\"><span style=\"font-family: Helvetica, Arial, sans-serif;\"><span style=\"font-size: small;\">a <\/span><\/span><\/span><span style=\"color: #1d2129;\"><span style=\"font-family: Helvetica, Arial, sans-serif;\"><span style=\"font-size: small;\">ar deveni apoi pur \u0219i simplu un aranjament privat \u00eentre indivizi. Nu ar fi recunoscut de c\u0103tre stat, \u0219i cu siguran\u021b\u0103 nu ar atrage privilegii fiscale sau un tratament preferen\u021bial. Statul trebuie s\u0103 se defineasc\u0103 <\/span><\/span><\/span><span style=\"color: #1d2129;\"><span style=\"font-family: Helvetica, Arial, sans-serif;\"><span style=\"font-size: small;\">drept<\/span><\/span><\/span><span style=\"color: #1d2129;\"><span style=\"font-family: Helvetica, Arial, sans-serif;\"><span style=\"font-size: small;\"> o entitate populat\u0103 de cet\u0103\u021beni, nu de cupluri \u0219i familii.<br \/>\nStatul are o datorie fa\u021b\u0103 de indivi<\/span><\/span><\/span><span style=\"color: #1d2129;\"><span style=\"font-family: Helvetica, Arial, sans-serif;\"><span style=\"font-size: small;\">zi<\/span><\/span><\/span><span style=\"color: #1d2129;\"><span style=\"font-family: Helvetica, Arial, sans-serif;\"><span style=\"font-size: small;\">, \u0219i nici<\/span><\/span><\/span><span style=\"color: #1d2129;\"><span style=\"font-family: Helvetica, Arial, sans-serif;\"><span style=\"font-size: small;\">una fa\u0163\u0103 de<\/span><\/span><\/span><span style=\"color: #1d2129;\"><span style=\"font-family: Helvetica, Arial, sans-serif;\"><span style=\"font-size: small;\"> institu\u021bi<\/span><\/span><\/span><span style=\"color: #1d2129;\"><span style=\"font-family: Helvetica, Arial, sans-serif;\"><span style=\"font-size: small;\">a<\/span><\/span><\/span><span style=\"color: #1d2129;\"><span style=\"font-family: Helvetica, Arial, sans-serif;\"><span style=\"font-size: small;\"> c\u0103s\u0103toriei. Statul nu poate sta deoparte \u0219i <\/span><\/span><\/span><span style=\"color: #1d2129;\"><span style=\"font-family: Helvetica, Arial, sans-serif;\"><span style=\"font-size: small;\">s\u0103 lase <\/span><\/span><\/span><span style=\"color: #1d2129;\"><span style=\"font-family: Helvetica, Arial, sans-serif;\"><span style=\"font-size: small;\">familiile <\/span><\/span><\/span><span style=\"color: #1d2129;\"><span style=\"font-family: Helvetica, Arial, sans-serif;\"><span style=\"font-size: small;\">s\u0103 creasc\u0103 r\u0103u <\/span><\/span><\/span><span style=\"color: #1d2129;\"><span style=\"font-family: Helvetica, Arial, sans-serif;\"><span style=\"font-size: small;\">copii<\/span><\/span><\/span><span style=\"color: #1d2129;\"><span style=\"font-family: Helvetica, Arial, sans-serif;\"><span style=\"font-size: small;\">i.<\/span><\/span><\/span> <span style=\"color: #1d2129;\"><span style=\"font-family: Helvetica, Arial, sans-serif;\"><span style=\"font-size: small;\">Statul Meritocratic este maxim interesat de COPII, deoarece ei reprezint\u0103 EVOLU\u0162IA (\u201ecapra sare masa, iada sare casa\u201d).<\/span><\/span><\/span><\/p>\n<p>Inclusiv chestiunea C\u0102S\u0102TORIILOR HOMOSEXUALE se rezolv\u0103 prin DISPARI\u0162IE, deoarece CONVIVEN\u0162A DEVINE O CHESTIUNE PRIVAT\u0102, \u00eentre cet\u0103\u0163eni, f\u0103r\u0103 interven\u0163ia Statului. Ceea ce trebuie reglementat, se reglementeaz\u0103 prin conven\u0163ii \u00eentre INDIVIZI. \u00cen condi\u0163iile dispari\u0163iei EREDIT\u0102\u0162II \u015fi a PROPRIET\u0102\u0162II PRIVATE,\u00a0precum \u015fi \u00een condi\u0163iile garant\u0103rii OPORTUNIT\u0102\u0162ILOR EGALE, reglement\u0103rile se reduc drastic, p\u00e2n\u0103 la dispari\u0163ie. Desigur c\u0103 av\u00e2nd \u00een vedere grija suprem\u0103 a STATULUI MERITOCRATIC pentru COPII, ace\u015ftia nu vor fi la cheremul nim\u0103nui deci nici al homosexualilor, ce se vor obi\u015fnui cu g\u00e2ndul c\u0103 nu pot procrea. Este o LEGE NATURAL\u0102, iar cu astea nu se discut\u0103! Sunt at\u00e2tea femei \u015fi at\u00e2\u0163ia b\u0103rba\u0163i care nu procreeaz\u0103 de\u015fi heterosexuali, \u00eenc\u00e2t e superfluu a discuta chestiunea. Oricum, \u00een SOCIETATEA MERITOCRATIC\u0102 ILUMINIST\u0102, rolul principal \u00een EDUCA\u0162IA \u015fi CRE\u015eTEREA copiilor va reveni Statului \u015fi Comunit\u0103\u0163ii, p\u0103rin\u0163ii oferind numai ceea ce acestea\u00a0nu pot oferi la acela\u015fi nivel: AFEC\u0162IUNEA P\u0102RINTEASC\u0102 \u00een primii ani de via\u0163\u0103.<br \/>\nChestiunea SEXUALIT\u0102\u0162II INDIVIZILOR nu este relevant\u0103 pentru STATUL MERITOCRATIC, dec\u00e2t \u00een m\u0103sura \u00een care d\u0103uneaz\u0103 Comunit\u0103\u0163ii. CONVIVEN\u0162II de orice fel \u00ee\u015fi vor reglementa situa\u0163iile conform LIBERULUI ARBITRU, orice DISCRIMINARE sau ABUZ fiind excluse.<br \/>\nSUPRAPOPULA\u0162IA este deja o PROBLEM\u0102 \u00een actualele condi\u0163ii, iar STATUL MERITOCRATIC ILUMINIST nu consider\u0103 PROCREAREA ca un PRIVILEGIU, OBLIGA\u0162IE sau DREPT, ci ca o ATITUDINE RESPONSABIL\u0102 bazat\u0103 pe AFEC\u0162IUNEA RECIPROC\u0102 dintre parteneri, dedicat\u0103 PERPETU\u0102RII SPECIEI \u015fi MAXIMEI EVOLU\u0162II a acesteia prin atingerea de c\u0103tre INDIVIZI a MAXIMULUI POTEN\u0162IAL cu care s-au n\u0103scut. Procrearea nu este un act \u00ceNT\u00c2MPL\u0102TOR, VIOLENT, sau NENUM\u0102RAT, ci RESPONSABIL, iar atunci c\u00e2nd nu se \u0163ine cont de INTERESUL GENERAL, Statul trebuie s\u0103 intervin\u0103.<br \/>\nVor fi descurajate toate \u00eencerc\u0103rile de ignorare a LEGILOR NATURALE: copii \u00een epruvet\u0103, \u00eens\u0103m\u00e2n\u0163\u0103ri artificiale, uter cu chirie, adop\u0163ii, eugenetic\u0103, \u015famd.<\/p>\n<p>&nbsp;<\/p>\n<p><span style=\"color: #1d2129;\"><span style=\"font-family: Helvetica, Arial, sans-serif;\"><span style=\"font-size: small;\"><b>COMUNITATEA versus FAMILIE<\/b><\/span><\/span><\/span><\/p>\n<p>\u00cen condi\u0163iile dispari\u0163iei \u201efamiliei tradi\u0163ionale\u201d se va deschide calea COMUNIT\u0102\u0162II. Nu \u00eent\u00e2mpl\u0103tor MI\u015eCAREA DACIA are la PRINCIPII ceva ce nimeni nu are: OB\u015eTEA. Acolo fiecare INDIVID va avea oportunit\u0103\u0163i egale, nu vor exista privilegia\u0163i, <span style=\"color: #1d2129;\"><span style=\"font-family: Helvetica, Arial, sans-serif;\"><span style=\"font-size: small;\">nu vor exista DISCRIMIN\u0102RI<\/span><\/span><\/span><span style=\"color: #1d2129;\"><span style=\"font-family: Helvetica, Arial, sans-serif;\"><span style=\"font-size: small;\"> \u015fi fiecare va fi r\u0103spl\u0103tit ETIC \u00een func\u0163ie de un singur criteriu: APORTUL SOCIAL&#8230; f\u0103r\u0103 Excesele Liberalismului actual \u015fi f\u0103r\u0103 Egalitarismul Comunismului, ci <\/span><\/span><\/span><span style=\"color: #1d2129;\"><span style=\"font-family: Helvetica, Arial, sans-serif;\"><span style=\"font-size: small;\">diversificat, dar <\/span><\/span><\/span><span style=\"color: #1d2129;\"><span style=\"font-family: Helvetica, Arial, sans-serif;\"><span style=\"font-size: small;\">\u00een limitele BUNULUI SIM\u0162.<br \/>\n<\/span><\/span><\/span><span style=\"color: #1d2129;\"><span style=\"font-family: Helvetica, Arial, sans-serif;\"><span style=\"font-size: small;\">\u201eFiecare sac \u00ee\u015fi va g\u0103si petecul s\u0103u\u201d \u00een total respect pentru LIBERUL ARBITRU al fiec\u0103rui component.<br \/>\n\u201eLibertatea unuia se termin\u0103 unde \u00eencepe Libertatea celuilalt\u201d \u015fi Omenirea va avea deschis\u0103 calea spre o accelerat\u0103 EVOLU\u0162IE.<\/span><\/span><\/span><\/p>\n<p>\u201e<\/p>\n<p><span style=\"color: #800000;\"><strong><span style=\"font-family: helvetica, arial, sans-serif;\"><span style=\"font-size: small;\"><i>&#8220;A person is a complex whole, having a single life; can there be a super-person, composed of \u00a0<\/i><\/span><\/span><\/strong><\/span><span style=\"color: #800000;\"><strong><span style=\"font-family: helvetica, arial, sans-serif;\"><span style=\"font-size: small;\"><i>persons as the body is composed of organs, and having a single life which is not the sum of the lives \u00a0<\/i><\/span><\/span><\/strong><\/span><span style=\"color: #800000;\"><strong><span style=\"font-family: helvetica, arial, sans-serif;\"><span style=\"font-size: small;\"><i>of the component persons? If there can be such a super-person, as HEGEL\u00a0thinks, then the State may \u00a0<\/i><\/span><\/span><\/strong><\/span><span style=\"color: #141823;\"><span style=\"font-family: helvetica, arial, sans-serif;\"><span style=\"font-size: small;\"><span style=\"color: #800000;\"><strong><i>be such a being, and it may be as superior to ourselves as the whole body is to the eye.&#8221;<\/i>\u201d<\/strong><\/span><br \/>\n<\/span><\/span><\/span><\/p>\n<p><span style=\"color: #1d2129;\"><span style=\"font-family: Helvetica, Arial, sans-serif;\"><span style=\"font-size: small;\"><b>CONCLUZII<\/b><\/span><\/span><\/span><\/p>\n<p>Deja ast\u0103zi, FAMILIA este \u00een Criz\u0103 dar din motive diverse dec\u00e2t cele enumerate mai sus.<br \/>\nAst\u0103zi avem o Criz\u0103 Materialist\u0103, <span style=\"color: #1d2129;\"><span style=\"font-family: Helvetica, Arial, sans-serif;\"><span style=\"font-size: small;\">ca parte component\u0103 a unei Disolu\u0163ii Generalizate a \u00eentregii societ\u0103\u0163i omene\u015fti, care poate conduce inclusiv la EXTINC\u0162IA chiar \u015fi par\u0163ial\u0103 a Omenirii.<br \/>\n\u201eSupravie\u0163uirea nu este obligatorie\u201d iar dac\u0103 nu ne vom realinia la Legile Universale <\/span><\/span><\/span><span style=\"color: #1d2129;\"><span style=\"font-family: Helvetica, Arial, sans-serif;\"><span style=\"font-size: small;\">bazate pe RA\u0162IUNE, pe MATEMATIC\u0102, pe DEVENIRE (BECOMING)<\/span><\/span><\/span><span style=\"color: #1d2129;\"><span style=\"font-family: Helvetica, Arial, sans-serif;\"><span style=\"font-size: small;\">, va fi ARMAGEDDON. <\/span><\/span><\/span><span style=\"color: #1d2129;\"><span style=\"font-family: Helvetica, Arial, sans-serif;\"><span style=\"font-size: small;\">P<\/span><\/span><\/span><span style=\"color: #1d2129;\"><span style=\"font-family: Helvetica, Arial, sans-serif;\"><span style=\"font-size: small;\">entru asta trebuie s\u0103 v\u0103 decide\u0163i cine s\u0103 v\u0103 conduc\u0103 Destinele: \u00ceNTUNECA\u0162II, sau ILUMINA\u0162II?&#8230; <\/span><\/span><\/span><span style=\"color: #1d2129;\"><span style=\"font-family: Helvetica, Arial, sans-serif;\"><span style=\"font-size: small;\">\u201eMAJORITATEA DEMOCRATIC\u0102\u201d,<\/span><\/span><\/span><span style=\"color: #1d2129;\"><span style=\"font-family: Helvetica, Arial, sans-serif;\"><span style=\"font-size: small;\"> sau FILOSOFII? &#8230; ELITA INDIVIDUALIST-MATERIALIST\u0102 <\/span><\/span><\/span><span style=\"color: #1d2129;\"><span style=\"font-family: Helvetica, Arial, sans-serif;\"><span style=\"font-size: small;\">de azi<\/span><\/span><\/span><span style=\"color: #1d2129;\"><span style=\"font-family: Helvetica, Arial, sans-serif;\"><span style=\"font-size: small;\">, sau o ELIT\u0102 ALTRUIST-SPIRITUAL\u0102?<br \/>\nAlegerea v\u0103 apar\u0163ine, cu CONSECIN\u0162ELE de rigoare!!!<\/span><\/span><\/span><\/p>\n<p>&nbsp;<\/p>\n<p><span style=\"color: #000080;\"><strong><span style=\"font-family: helvetica, arial, sans-serif;\"><span style=\"font-size: small;\">Philip Larkin&#8217;s poem This Be The Verse<\/span><\/span><\/strong><\/span><\/p>\n<p>&nbsp;<\/p>\n<p><span style=\"color: #003366;\"><strong>\u201e<\/strong><\/span><span style=\"color: #003366;\"><strong><span style=\"font-family: helvetica, arial, sans-serif;\"><span style=\"font-size: small;\">They fuck you up, your mum and dad. <\/span><\/span><\/strong><\/span><\/p>\n<p><span style=\"color: #003366;\"><strong><span style=\"font-family: helvetica, arial, sans-serif;\"><span style=\"font-size: small;\">They may not mean to, but they do. <\/span><\/span><\/strong><\/span><\/p>\n<p><span style=\"color: #003366;\"><strong><span style=\"font-family: helvetica, arial, sans-serif;\"><span style=\"font-size: small;\">They fill you with the faults they had <\/span><\/span><\/strong><\/span><\/p>\n<p><span style=\"color: #003366;\"><strong><span style=\"font-family: helvetica, arial, sans-serif;\"><span style=\"font-size: small;\">And add some extra, just for you. <\/span><\/span><\/strong><\/span><\/p>\n<p><span style=\"color: #003366;\"><strong><span style=\"font-family: helvetica, arial, sans-serif;\"><span style=\"font-size: small;\">But they were fucked up in their turn <\/span><\/span><\/strong><\/span><\/p>\n<p><span style=\"color: #003366;\"><strong><span style=\"font-family: helvetica, arial, sans-serif;\"><span style=\"font-size: small;\">By fools in old-style hats and coats, <\/span><\/span><\/strong><\/span><\/p>\n<p><span style=\"color: #003366;\"><strong><span style=\"font-family: helvetica, arial, sans-serif;\"><span style=\"font-size: small;\">Who half the time were soppy-stern <\/span><\/span><\/strong><\/span><\/p>\n<p><span style=\"color: #003366;\"><strong><span style=\"font-family: helvetica, arial, sans-serif;\"><span style=\"font-size: small;\">And half at one another&#8217;s throats. <\/span><\/span><\/strong><\/span><\/p>\n<p><span style=\"color: #003366;\"><strong><span style=\"font-family: helvetica, arial, sans-serif;\"><span style=\"font-size: small;\">Man hands on misery to man. <\/span><\/span><\/strong><\/span><\/p>\n<p><span style=\"color: #003366;\"><strong><span style=\"font-family: helvetica, arial, sans-serif;\"><span style=\"font-size: small;\">It deepens like a coastal shelf. <\/span><\/span><\/strong><\/span><\/p>\n<p><span style=\"color: #003366;\"><strong><span style=\"font-family: helvetica, arial, sans-serif;\"><span style=\"font-size: small;\">Get out as early as you can, <\/span><\/span><\/strong><\/span><\/p>\n<p><span style=\"color: #003366;\"><strong><span style=\"font-family: helvetica, arial, sans-serif;\"><span style=\"font-size: small;\">And don&#8217;t have any kids yourself.\u201d<\/span><\/span><\/strong><\/span><\/p>\n","protected":false},"excerpt":{"rendered":"<p>Din capul locului vom spune c\u0103 MI\u015eCAREA DACIA are o pozi\u0163ie \u201eatipic\u0103\u201d \u00een leg\u0103tur\u0103 cu FAMILIA, la fel ca \u015fi \u00een toate celelalte chestiuni. Ne-am dori s\u0103 nu fie astfel, dar diferen\u0163a major\u0103 dintre noi \u015fi \u201erestul lumii\u201d este profund\u0103 \u015fi poate fi redus\u0103 la contradic\u0163ia dintre LOGOS-ul pe care-l cultiv\u0103m noi \u015fi MYTOS-ul care [&hellip;]<\/p>\n","protected":false},"author":2,"featured_media":0,"comment_status":"open","ping_status":"open","sticky":false,"template":"","format":"standard","meta":{"footnotes":""},"categories":[1],"tags":[1682,1635,1002,48,268,1681,1663,1640,210,1680,1679,699],"jetpack_featured_media_url":"","_links":{"self":[{"href":"https:\/\/bassdu.mine.bz\/index.php?rest_route=\/wp\/v2\/posts\/4086"}],"collection":[{"href":"https:\/\/bassdu.mine.bz\/index.php?rest_route=\/wp\/v2\/posts"}],"about":[{"href":"https:\/\/bassdu.mine.bz\/index.php?rest_route=\/wp\/v2\/types\/post"}],"author":[{"embeddable":true,"href":"https:\/\/bassdu.mine.bz\/index.php?rest_route=\/wp\/v2\/users\/2"}],"replies":[{"embeddable":true,"href":"https:\/\/bassdu.mine.bz\/index.php?rest_route=%2Fwp%2Fv2%2Fcomments&post=4086"}],"version-history":[{"count":10,"href":"https:\/\/bassdu.mine.bz\/index.php?rest_route=\/wp\/v2\/posts\/4086\/revisions"}],"predecessor-version":[{"id":4111,"href":"https:\/\/bassdu.mine.bz\/index.php?rest_route=\/wp\/v2\/posts\/4086\/revisions\/4111"}],"wp:attachment":[{"href":"https:\/\/bassdu.mine.bz\/index.php?rest_route=%2Fwp%2Fv2%2Fmedia&parent=4086"}],"wp:term":[{"taxonomy":"category","embeddable":true,"href":"https:\/\/bassdu.mine.bz\/index.php?rest_route=%2Fwp%2Fv2%2Fcategories&post=4086"},{"taxonomy":"post_tag","embeddable":true,"href":"https:\/\/bassdu.mine.bz\/index.php?rest_route=%2Fwp%2Fv2%2Ftags&post=4086"}],"curies":[{"name":"wp","href":"https:\/\/api.w.org\/{rel}","templated":true}]}}