{"id":4126,"date":"2017-10-20T10:39:57","date_gmt":"2017-10-20T09:39:57","guid":{"rendered":"http:\/\/bassdu.mine.bz\/?p=4126"},"modified":"2017-10-27T14:09:22","modified_gmt":"2017-10-27T13:09:22","slug":"4126","status":"publish","type":"post","link":"https:\/\/bassdu.mine.bz\/?p=4126","title":{"rendered":"Despre MERITOCRA\u0162IE"},"content":{"rendered":"<p>&nbsp;<\/p>\n<p><span style=\"font-family: 'times new roman', times, serif;\">\u00centrebare:<\/span><br \/>\n<span style=\"font-family: 'times new roman', times, serif;\"> SUNTEM TO\u0162I OAMENII EGALI?<\/span><br \/>\n<span style=\"font-family: 'times new roman', times, serif;\"> R\u0103spuns:<\/span><br \/>\n<span style=\"font-family: 'times new roman', times, serif;\"> NU<\/span><\/p>\n<p><span style=\"font-family: 'times new roman', times, serif;\"><a href=\"http:\/\/bassdu.mine.bz\/images\/2017\/10\/phoenix.jpg\"><img loading=\"lazy\" decoding=\"async\" class=\"aligncenter size-full wp-image-4127\" src=\"http:\/\/bassdu.mine.bz\/images\/2017\/10\/phoenix.jpg\" alt=\"\" width=\"240\" height=\"210\" \/><\/a><\/span><\/p>\n<p><span style=\"font-family: 'times new roman', times, serif;\">\u201e<strong>Este o eroare catastrofal\u0103 s\u0103-\u0163i imaginezi c\u0103 e\u015fti mai DE\u015eTEPT dec\u00e2t e\u015fti \u00een realitate, dar este \u015fi mai catastrofic s\u0103 nu recuno\u015fti pe cei mai DE\u015eTEP\u0162I ca tine. Nu conteaz\u0103 c\u00e2t de DE\u015eTEPT e\u015fti, deoarece este \u00eentotdeauna cineva mai DE\u015eTEPT ca tine&#8230; Exist\u0103 \u015fi azi o persoan\u0103 at\u00e2t de DE\u015eTEAPT\u0102, care nu ar putea \u00eent\u00e2lni alta mai DE\u015eTEAPT\u0102. La vremea sa, LEIBNIZ era o astfel de persoan\u0103 \u015fi ar fi \u015fi azi, dac\u0103 ar tr\u0103i.\u201d<br \/>\nMike Hockney &#8211; \u201eHow to Create the Univers\u201d (God Series)<\/strong><\/span><\/p>\n<p><span style=\"font-family: 'times new roman', times, serif;\">ILUMINISMUL PITAGOREIC sus\u0163ine printre altele c\u0103:<\/span><br \/>\n<span style=\"font-family: 'times new roman', times, serif;\"> 1. UNIVERSUL are dou\u0103 \u201ecomponente\u201d: Adimensional (Minte \/ Frecven\u0163e \/ Suflet) \u015fi Dimensional (Corp \/ Spa\u0163iu-Timp \/ Materie), ultimul fiind \u201eprodus\u201d de primul. Acestea \u201epot trece dintr-unul \u00een altul\u201d conform <strong>Transformatelor FOURIER<\/strong>.<\/span><br \/>\n<span style=\"font-family: 'times new roman', times, serif;\"> 2. Ceea ce percepem ca realitate comun\u0103 tuturor oamenilor (REALITATEA OBIECTIV\u0102), nu este altceva dec\u00e2t \u201erodul Min\u0163ii Colective\u201d, sau mai precis, al Con\u015ftien\u0163ei Colective:<\/span><br \/>\n<span style=\"font-family: 'times new roman', times, serif;\"> E ca \u015fi cum am tr\u0103i REALITATEA ca un \u201eVis Treaz\u201d.<\/span><br \/>\n<span style=\"font-family: 'times new roman', times, serif;\"> Exist\u0103 \u015fi o REALITATE SUBIECTIV\u0102 care este \u201eVis Dormind\u201d. \u00cen ambele \u201evise\u201d vedem, sim\u0163im, pip\u0103im, auzim, ne emo\u0163ion\u0103m \u015famd. Diferen\u0163a dintre \u201eDormind\u201d \u015fi \u201eTreaz\u201d este c\u0103 \u00een primul \u201evis\u0103m de capul nostru\u201d, necondi\u0163iona\u0163i, iar \u00een al doilea \u201evis\u0103m \u00eempreun\u0103\/condi\u0163iona\u0163i cu ceilal\u0163i\u201d (<strong>Jung<\/strong>).<\/span><br \/>\n<span style=\"font-family: 'times new roman', times, serif;\"> 3. UNIVERSUL este MATEMATIC, deci Logic, Ra\u0163ional (teleologia) \u015fi are ca scop DEVENIREA\/EVOLU\u0162IA\/BECOMING (entelehia). Putem spune simplific\u00e2nd \u015fi d\u00e2ndu-i crezare lui <strong>Leibniz<\/strong>, c\u0103 fiecare Individ este o \u201eEcua\u0163ie, Und\u0103, Monad\u0103, Suflet, mai mult sau mai pu\u0163in complex\u0103, \u00een func\u0163ie de gradul de Con\u015ftientizare a Min\u0163ii Universului\u201d \u015fi c\u0103 \u201enu exist\u0103 doi indivizi identici\u201d. Expresia matematic\u0103 a Monadei Leibniziene este <strong>Formula lui <\/strong><strong>EUL<\/strong><strong>ER &#8211; <\/strong><strong>\u201e<\/strong><strong>The God Formula<\/strong><strong>\u201d<\/strong><\/span><\/p>\n<p><span style=\"font-family: 'times new roman', times, serif;\">Din punctul 3 avem imediat r\u0103spunsul la \u00centrebare: NU SUNTEM EGALI.<\/span><br \/>\n<span style=\"font-family: 'times new roman', times, serif;\"> Din punctul 2 , afl\u0103m c\u0103 REALITATEA este rodul Con\u015ftien\u0163ei Colective, adic\u0103 Realitatea e condi\u0163ionat\u0103 de noi to\u0163i: cu c\u00e2t suntem mai PRO\u015eTI, cu at\u00e2t REALITATEA pe care o tr\u0103im este mai PROAST\u0102 \u015fi invers, cu c\u00e2t suntem mai DE\u015eTEP\u0162I ca Omenire, cu at\u00e2t Lumea \u00een care tr\u0103im este mai EVOLUAT\u0102.<\/span><br \/>\n<span style=\"font-family: 'times new roman', times, serif;\"> Pornind de la Studiile Psihologice bazate pe diverse tipuri de TEST\u0102RI (Inteligen\u0163\u0103, Personalitate, Temperament, Competen\u0163\u0103 \u015fa. s-a ajuns la concluzia c\u0103 grosso-modo Omenirea are numai 10% Indivizi Ra\u0163ionali, guverna\u0163i de <strong>Logos<\/strong>, restul fiind Ira\u0163ionali, guverna\u0163i de <strong>Mytos <\/strong>(sim\u0163uri \u015fi emo\u0163ii). Dintre Ra\u0163ionali, \u201emaaarea majoritate\u201d sunt Individuali\u015fti, Materiali\u015fti, \u00centuneca\u0163i, numai o mic\u0103 parte fiind Altrui\u015fti, Spirituali, Ilumina\u0163i.<\/span><br \/>\n<span style=\"font-family: 'times new roman', times, serif;\"> <strong>Concluzie<\/strong>: Lumea \u00een care tr\u0103im este \u201eRodul Min\u0163ii Majorit\u0103\u0163ii\u201d, deci guvernat\u0103 de Mytos, ci nu de Logos. Este adev\u0103rat c\u0103 analiza de p\u00e2n\u0103 aici \u0163ine cont de CANTITATE \u015fi nu de CALITATE: Ra\u0163ionalii, chiar dac\u0103 sunt mult mai pu\u0163ini au \u201eMin\u0163i mult mai Energizate\u201d, influen\u0163\u00e2nd substan\u0163ial Con\u015ftien\u0163a Colectiv\u0103. Astfel se explic\u0103 afirma\u0163ia lui Leibniz: <strong>\u201etr\u0103im totu\u015fi \u00eentr-o lume cum nu se putea mai bun\u0103\u201d.<\/strong> Atunci de ce ne \u201ezbatem\u201d? Pur \u015fi simplu deoarece Lumea poate fi \u00eembun\u0103t\u0103\u0163it\u0103 cu \u201eritm foarte alert\u201d. Cum se poate realiza acest Obiectiv (Devenirea \/ Evolu\u0163ia \/ Becoming)? Pur \u015fi simplu prin Ridicarea Nivelului General de Cunoa\u015ftere pe baz\u0103 de Logos. Iat\u0103 cum ajungem la OPORTUNIT\u0102\u0162I EGALE; de-a lungul mileniilor s-au pierdut mii de Genii, cu daunele de rigoare asupra Con\u015ftien\u0163ei Colective. Omenirea putea fi \u201emult mai departe\u201d!<\/span><br \/>\n<span style=\"font-family: 'times new roman', times, serif;\"> Evident c\u0103 mul\u0163i se vor recunoa\u015fte ca \u00centuneca\u0163i, iar al\u0163ii nu se vor sim\u0163i nicicum, ca ni\u015fte Zombies ce sunt.<\/span><br \/>\n<span style=\"font-family: 'times new roman', times, serif;\"> Evident c\u0103 mul\u0163i se vor sup\u0103ra pe noi pentru ceea ce scriem, dar \u201ene doare \u00een cot\u201d, deoarece ace\u015ftia nu au nicio relevan\u0163\u0103 fiind \u201emor\u0163i care umbl\u0103\u201d.<\/span><br \/>\n<span style=\"font-family: 'times new roman', times, serif;\"> Ace\u015ftia sunt suporterii Religiilor Majore, Democra\u0163iei, Capitalismului, Consumerismului, Individualismului, Narcisismului, Ignoran\u0163ei \u015fi tot ce mai combatem noi la Mi\u015fcarea Dacia ca fiind \u201eApanajul \u00centuneca\u0163ilor\u201d.<\/span><br \/>\n<span style=\"font-family: 'times new roman', times, serif;\"> Cei mai pro\u015fti sunt sub <strong>Efectul Dunning-Kruger,<\/strong> deci nu numai incapabili de a recunoa\u015fte c\u0103 sunt pro\u015fti, ci \u015fi convin\u015fi c\u0103 sunt chiar mai de\u015ftep\u0163i ca noi. Lor le-au fost b\u0103gate \u00een cap de c\u0103tre Vechea Ordine Mondial\u0103 (OWO) Democra\u0163ia, ONG-ismul, Liberalismul, Corectitudinea Politic\u0103 \u015fi al\u0163i Viru\u015fi \u015fi nu numai c\u0103 \u201enu stau \u00een banca lor\u201d, ba mai \u015fi atac\u0103; ei sunt TROLL-ii Sistemului, Gardienii propriei SCLAVIZ\u0102RI.<\/span><br \/>\n<span style=\"font-family: 'times new roman', times, serif;\"> Mul\u0163i se sup\u0103r\u0103 c\u00e2nd vorbim de PRO\u015eTI, dar avem Probe c\u0103 reprezint\u0103 \u201emajoritatea democratic\u0103\u201d.<\/span><br \/>\n<span style=\"font-family: 'times new roman', times, serif;\"> Dac\u0103 noi am evita s\u0103 spunem ADEV\u0102RUL, am fi cu adev\u0103rat INDIVIDUALI\u015eTI, ne-ar durea \u00een cot de ei. Dar nu e a\u015fa, mai ales c\u0103 noi \u015ftim c\u0103 \u201edepindem unii de al\u0163ii\u201d mai mult dec\u00e2t \u00ee\u015fi poate imagina 99,99% din popula\u0163ia global\u0103.<\/span><br \/>\n<span style=\"font-family: 'times new roman', times, serif;\"> ILUMINISMUL nu ne vrea PRO\u015eTI!<\/span><br \/>\n<span style=\"font-family: 'times new roman', times, serif;\"> SISTEMUL SCLAVAGIST actual ne vrea PRO\u015eTI!<\/span><br \/>\n<span style=\"font-family: 'times new roman', times, serif;\"> De aia \u201ene niveleaz\u0103 \u00een jos\u201d cu Subcultura, P\u00e2ine \u015fi Circ, Analfabetizarea, Migra\u0163ia Kalergian\u0103, Religiile Majore, Narcisismul, Consumerismul \u015famd.<\/span><br \/>\n<span style=\"font-family: 'times new roman', times, serif;\"> \u015ei noi am fost PRO\u015eTI, dar ne-am TREZIT \u015fi suntem dovada c\u0103 SE POATE.<\/span><br \/>\n<span style=\"font-family: 'times new roman', times, serif;\"> Nu am ajuns nicidecum la \u201epunctul omega\u201d, dar suntem pe \u201estrada just\u0103\u201d, pe care pot intra TO\u0162I.<\/span><br \/>\n<span style=\"font-family: 'times new roman', times, serif;\"> Mai mult ca sigur c\u0103 p\u00e2n\u0103 la Punctul Omega nu ajunge o Via\u0163\u0103, c\u0103 ar fi prea simplu, dar e un \u201eparcurs obligat\u201d dac\u0103 se urm\u0103re\u015fte con\u015ftient ILUMINAREA.<\/span><\/p>\n<p><span style=\"font-family: 'times new roman', times, serif;\">\u201eCelor care simt c\u0103 ceva este profund \u00een neregul\u0103 cu <strong>lumea<\/strong>.<\/span><br \/>\n<span style=\"font-family: 'times new roman', times, serif;\"> Celor care caut\u0103 ceva f\u0103r\u0103 s\u0103 \u015ftie ce caut\u0103 \u015fi f\u0103r\u0103 s\u0103 \u015ftie <strong>unde<\/strong> s\u0103 caute;<\/span><br \/>\n<span style=\"font-family: 'times new roman', times, serif;\"> Celor care percep c\u0103 omenirea a r\u0103mas f\u0103r\u0103 busol\u0103 \u015fi a pierdut <strong>drumul<\/strong>,<\/span><br \/>\n<span style=\"font-family: 'times new roman', times, serif;\"> Celor c\u0103rora <strong>talentul<\/strong> le permite s\u0103 \u00een\u0163eleag\u0103,<\/span><br \/>\n<span style=\"font-family: 'times new roman', times, serif;\"> Celor c\u0103rora <strong>voin\u0163a<\/strong> le poate sus\u0163ine <strong>efortul<\/strong>,<\/span><br \/>\n<span style=\"font-family: 'times new roman', times, serif;\"> MI\u015eCAREA DACIA le poate ar\u0103ta <strong>calea<br \/>\n<\/strong>\u0218i le poate \u00eendruma <strong>pa\u0219ii<\/strong>.\u201d<\/span><\/p>\n<p><a href=\"http:\/\/bassdu.mine.bz\/images\/2017\/10\/tetractys.png\"><img loading=\"lazy\" decoding=\"async\" class=\"aligncenter size-full wp-image-4128\" src=\"http:\/\/bassdu.mine.bz\/images\/2017\/10\/tetractys.png\" alt=\"\" width=\"225\" height=\"225\" srcset=\"https:\/\/bassdu.mine.bz\/images\/2017\/10\/tetractys.png 225w, https:\/\/bassdu.mine.bz\/images\/2017\/10\/tetractys-150x150.png 150w, https:\/\/bassdu.mine.bz\/images\/2017\/10\/tetractys-144x144.png 144w\" sizes=\"(max-width: 225px) 100vw, 225px\" \/><\/a><\/p>\n","protected":false},"excerpt":{"rendered":"<p>&nbsp; \u00centrebare: SUNTEM TO\u0162I OAMENII EGALI? R\u0103spuns: NU \u201eEste o eroare catastrofal\u0103 s\u0103-\u0163i imaginezi c\u0103 e\u015fti mai DE\u015eTEPT dec\u00e2t e\u015fti \u00een realitate, dar este \u015fi mai catastrofic s\u0103 nu recuno\u015fti pe cei mai DE\u015eTEP\u0162I ca tine. Nu conteaz\u0103 c\u00e2t de DE\u015eTEPT e\u015fti, deoarece este \u00eentotdeauna cineva mai DE\u015eTEPT ca tine&#8230; Exist\u0103 \u015fi azi o persoan\u0103 [&hellip;]<\/p>\n","protected":false},"author":2,"featured_media":0,"comment_status":"open","ping_status":"open","sticky":false,"template":"","format":"standard","meta":{"footnotes":""},"categories":[1593],"tags":[1697,1692,1699,1693,1696,1695,1640,210,1698,1694],"jetpack_featured_media_url":"","_links":{"self":[{"href":"https:\/\/bassdu.mine.bz\/index.php?rest_route=\/wp\/v2\/posts\/4126"}],"collection":[{"href":"https:\/\/bassdu.mine.bz\/index.php?rest_route=\/wp\/v2\/posts"}],"about":[{"href":"https:\/\/bassdu.mine.bz\/index.php?rest_route=\/wp\/v2\/types\/post"}],"author":[{"embeddable":true,"href":"https:\/\/bassdu.mine.bz\/index.php?rest_route=\/wp\/v2\/users\/2"}],"replies":[{"embeddable":true,"href":"https:\/\/bassdu.mine.bz\/index.php?rest_route=%2Fwp%2Fv2%2Fcomments&post=4126"}],"version-history":[{"count":3,"href":"https:\/\/bassdu.mine.bz\/index.php?rest_route=\/wp\/v2\/posts\/4126\/revisions"}],"predecessor-version":[{"id":4213,"href":"https:\/\/bassdu.mine.bz\/index.php?rest_route=\/wp\/v2\/posts\/4126\/revisions\/4213"}],"wp:attachment":[{"href":"https:\/\/bassdu.mine.bz\/index.php?rest_route=%2Fwp%2Fv2%2Fmedia&parent=4126"}],"wp:term":[{"taxonomy":"category","embeddable":true,"href":"https:\/\/bassdu.mine.bz\/index.php?rest_route=%2Fwp%2Fv2%2Fcategories&post=4126"},{"taxonomy":"post_tag","embeddable":true,"href":"https:\/\/bassdu.mine.bz\/index.php?rest_route=%2Fwp%2Fv2%2Ftags&post=4126"}],"curies":[{"name":"wp","href":"https:\/\/api.w.org\/{rel}","templated":true}]}}