{"id":4157,"date":"2017-10-22T16:38:42","date_gmt":"2017-10-22T15:38:42","guid":{"rendered":"http:\/\/bassdu.mine.bz\/?p=4157"},"modified":"2017-10-22T21:07:08","modified_gmt":"2017-10-22T20:07:08","slug":"prostitutia","status":"publish","type":"post","link":"https:\/\/bassdu.mine.bz\/?p=4157","title":{"rendered":"PROSTITU\u0162IA"},"content":{"rendered":"<p><span style=\"font-size: medium;\"><a href=\"http:\/\/bassdu.mine.bz\/images\/2017\/10\/last-bling-king.jpg\"><img loading=\"lazy\" decoding=\"async\" class=\"aligncenter wp-image-4158\" src=\"http:\/\/bassdu.mine.bz\/images\/2017\/10\/last-bling-king.jpg\" alt=\"\" width=\"219\" height=\"333\" \/><\/a><br \/>\n<\/span><\/p>\n<p><span style=\"font-size: medium;\">Este de actualitate \u00een aceste zile <\/span><span style=\"font-size: medium;\"><b>Scandalul Weinstein<\/b><\/span><span style=\"font-size: medium;\">.<br \/>\nToate organele mediatice se ocup\u0103 de aceast\u0103 chestiune, \u00eenmul\u0163indu-se ca ciupercile denun\u0163urile unor <\/span><span style=\"font-size: medium;\"><b>actri\u0163e \u015fi modele<\/b><\/span><span style=\"font-size: medium;\"> care ar fi fost victime de <\/span><span style=\"font-size: medium;\"><b>abuzuri sexuale<\/b><\/span><span style=\"font-size: medium;\"> din partea acestui produc\u0103tor important de la <\/span><span style=\"font-size: medium;\"><b>Hollywood<\/b><\/span><span style=\"font-size: medium;\">. <\/span><span style=\"font-size: medium;\">Unele \u201e\u015fi-au adus aminte\u201d dup\u0103 mul\u0163i ani!? <\/span><span style=\"font-size: medium;\">To\u0163i se ocup\u0103 cu \u201edatul cu p\u0103rerea\u201d <\/span><span style=\"font-size: medium;\">dedic<\/span><span style=\"font-size: medium;\">\u00e2nd spa\u0163ii impresionante \u00een toate organele mediatice, de\u015fi nicio persoan\u0103 Ra\u0163ional\u0103 nu <\/span><span style=\"font-size: medium;\">putea <\/span><span style=\"font-size: medium;\">avea dubii <\/span><span style=\"font-size: medium;\">asupra modului<\/span><span style=\"font-size: medium;\"> cum se face \u201e<\/span><span style=\"font-size: medium;\">Ascensiun<\/span><span style=\"font-size: medium;\">ea spre Stele\u201d \u00een Lumea Spectacolului <\/span><span style=\"font-size: medium;\">\u015fi nu numai.<\/span><span style=\"font-size: medium;\"><br \/>\n<\/span><span style=\"font-size: medium;\">\u201e<\/span><span style=\"font-size: medium;\">R<\/span><span style=\"font-size: medium;\">eclamante<\/span><span style=\"font-size: medium;\">le<\/span><span style=\"font-size: medium;\">\u201d<\/span> <span style=\"font-size: medium;\">au fost sau <\/span><span style=\"font-size: medium;\">sunt <\/span><span style=\"font-size: medium;\">\u015fi <\/span><span style=\"font-size: medium;\">azi <\/span><span style=\"font-size: medium;\"><b>Stele<\/b><\/span><span style=\"font-size: medium;\">, \u201e<\/span><span style=\"font-size: medium;\"><b>Noi Zei\u0163e\u201d<\/b><\/span><span style=\"font-size: medium;\"> ale <\/span><span style=\"font-size: medium;\"><b>\u201emjorit\u0103\u0163ii democratice\u201d<\/b><\/span> <span style=\"font-size: medium;\">\u015fi <\/span><span style=\"font-size: medium;\">mul<\/span><span style=\"font-size: medium;\">te nu ar fi ajuns astfel, dac\u0103 nu treceau prin&#8230; <\/span><span style=\"font-size: medium;\"><b>\u201eaten\u0163iile\u201d<\/b><\/span><span style=\"font-size: medium;\"> unora precum Weinstein.<br \/>\nMulte dintre ele sunt azi \u201eofilite\u201d \u015fi a face s\u0103 se vorbeasc\u0103 despre ele este o cunoscut\u0103 strategie de Public Relation: <\/span><span style=\"font-size: medium;\"><b>\u201enu conteaz\u0103 ce se spune, important e s\u0103 se vorbeasc\u0103 de mine\u201d.<br \/>\n<\/b><\/span><span style=\"font-size: medium;\">Este de tot r\u00e2sul s\u0103 vezi \u201evedete<\/span><span style=\"font-size: medium;\">le<\/span><span style=\"font-size: medium;\">\u201d prin talk-show-ri lu\u00e2nd pozi\u0163ii pro \u015fi contra \u00een aceast\u0103 chestiune.<br \/>\nBine\u00een\u0163eles c\u0103 reprezentantele FEMINISMULUI \u015fi \u00een general cei ai \u201esociet\u0103\u0163ii civile\u201d au s\u0103rit \u201ela b\u0103taie\u201d!?<br \/>\nNimeni din aceste categorii \u201epuse la zid\u201d de Mi\u015fcarea Dacia nu consider\u0103 \u00eens\u0103 PROSTITU\u0162IE \u201ec\u0103s\u0103toriile de convenien\u0163\u0103\u201d ale unor fufe aproape minore cu babal\u00e2ci <\/span><span style=\"font-size: medium;\">plastifica\u0163i, dar BOGA\u0162I<\/span><span style=\"font-size: medium;\">, <\/span><span style=\"font-size: medium;\">sau ale unor ficiora\u015fi <\/span><span style=\"font-size: medium;\">imberbi <\/span><span style=\"font-size: medium;\">cu babe siliconate, dar MILIONARE<\/span><span style=\"font-size: medium;\">!? <\/span><span style=\"font-size: medium;\">L<\/span><span style=\"font-size: medium;\">a fel de \u201esurvolat\u0103\u201d <\/span><span style=\"font-size: medium;\">este <\/span><span style=\"font-size: medium;\">\u015fi situa\u0163ia c\u0103s\u0103toriilor musulmanilor cu feti\u0163e \u00een adev\u0103ratul sens al cuv\u00e2ntului <\/span><span style=\"font-size: medium;\">\u015fi<\/span><span style=\"font-size: medium;\"> a poligamiei acestora, f\u0103r\u0103 ca \u201e<\/span><span style=\"font-size: medium;\"><b>societatea civil\u0103<\/b><\/span><span style=\"font-size: medium;\">\u201d sau <\/span><span style=\"font-size: medium;\"><b>Noii Dumnezei ai Majorit\u0103\u0163ii Democratice <\/b><\/span><span style=\"font-size: medium;\">s\u0103 ia atitudine <\/span><span style=\"font-size: medium;\">critic\u0103<\/span><span style=\"font-size: medium;\">. Cic\u0103 nu ar fi <\/span><span style=\"font-size: medium;\"><b>Politically Correct <\/b><\/span><span style=\"font-size: medium;\">\u00een numele <\/span><span style=\"font-size: medium;\"><b>MULTICULTURALISMULUI<\/b><\/span><span style=\"font-size: medium;\"> s\u0103 comba\u0163i <\/span><span style=\"font-size: medium;\"><b>Libertatea Religioas\u0103<\/b><\/span><span style=\"font-size: medium;\">!? Iat\u0103 un exemplu de <\/span><span style=\"font-size: medium;\"><b>PROSTITU\u0162IE INTELECTUAL\u0102<\/b><\/span><span style=\"font-size: medium;\">!<\/span><span style=\"font-size: medium;\"><br \/>\nIat\u0103 confirmat\u0103 \u201epozi\u0163ia critic\u0103\u201d a <\/span><span style=\"font-size: medium;\"><b>Mi\u015fc\u0103rii Dacia<\/b><\/span><span style=\"font-size: medium;\">, precum c\u0103 <\/span><span style=\"font-size: medium;\"><b>\u201eNoii Dumnezei\u201d<\/b><\/span><span style=\"font-size: medium;\"> ai <\/span><span style=\"font-size: medium;\"><b>\u201emajorit\u0103\u0163ii democratice\u201d <\/b><\/span><span style=\"font-size: medium;\">nu sunt altceva dec\u00e2t <\/span><span style=\"font-size: medium;\"><b>specimene umane de joas\u0103 spe\u0163\u0103<\/b><\/span><span style=\"font-size: medium;\">, ce ar trebui mai degrab\u0103 huiduite dec\u00e2t venerate \u015fi nu numai \u00een Lumea Spectacolului, ci \u015fi a Sportului pe Bani, a Partidismului, a Multina\u0163ionalelor, a Jurnalismului, a Intreprinderilor de toate tipurile, oriunde PROFITUL \u015fi C\u00c2\u015eTIGUL MATERIAL EXAGERAT <\/span><span style=\"font-size: medium;\">PENTRU PRIVILEGIA\u0162I <\/span><span style=\"font-size: medium;\">exist\u0103, adic\u0103 PESTE TOT<\/span><span style=\"font-size: medium;\">.<br \/>\nNu \u00eentotdeauna avem de-a face cu <\/span><span style=\"font-size: medium;\"><b>Prostituirea Sexual\u0103<\/b><\/span><span style=\"font-size: medium;\">, care are r\u0103d\u0103cini ad\u00e2nci \u00een istoria omenirii; de cele mai multe ori avem de-a face cu <\/span><span style=\"font-size: medium;\"><b>PROSTITUIREA INTELECTUAL\u0102:<br \/>\n<\/b><\/span><span style=\"font-size: medium;\"><b>Jurnali\u015fti<\/b><\/span><span style=\"font-size: medium;\"> care scriu, produc sau propag\u0103 fake-news \u00een interesul Patronilor, <\/span><span style=\"font-size: medium;\"><b>Magistra\u0163i<\/b><\/span> <span style=\"font-size: medium;\">Corup\u0163i <\/span><span style=\"font-size: medium;\">de organiza\u0163ii criminale <\/span><span style=\"font-size: medium;\">sau <\/span><span style=\"font-size: medium;\">afla\u0163i \u00een slujba <\/span><span style=\"font-size: medium;\">P<\/span><span style=\"font-size: medium;\">artidelor, <\/span><span style=\"font-size: medium;\"><b>Arti\u015fti<\/b><\/span><span style=\"font-size: medium;\"> politiciza\u0163i, <\/span><span style=\"font-size: medium;\"><b>Educatori<\/b><\/span><span style=\"font-size: medium;\"> \u201eprivatiza\u0163i\u201d, <\/span><span style=\"font-size: medium;\"><b>Medici<\/b><\/span><span style=\"font-size: medium;\"> cump\u0103ra\u0163i de Big <\/span><span style=\"font-size: medium;\">Ph<\/span><span style=\"font-size: medium;\">arma, <\/span><span style=\"font-size: medium;\"><b>Academicieni<\/b><\/span><span style=\"font-size: medium;\"> seniliza\u0163i, <\/span><span style=\"font-size: medium;\"><b>Politruci<\/b><\/span><span style=\"font-size: medium;\"> tr\u0103d\u0103tori de \u0163ar\u0103, <\/span><span style=\"font-size: medium;\"><b>Poli\u0163i\u015fti<\/b><\/span><span style=\"font-size: medium;\"> cump\u0103ra\u0163i de Clanuri \u015fa.<\/span><span style=\"font-size: medium;\"><br \/>\nCauza <\/span><span style=\"font-size: medium;\"><b>PROSTITU\u0162IEI<\/b><\/span><span style=\"font-size: medium;\"> este una singur\u0103: <\/span><span style=\"font-size: medium;\"><b>Actuala Paradigm\u0103 Socio-Economic\u0103<\/b><\/span><span style=\"font-size: medium;\">.<br \/>\nConform Noii Paradigme <\/span><span style=\"font-size: medium;\"><b>Meritocratice-Iluministe<\/b><\/span><span style=\"font-size: medium;\">, a\u015fa ceva nu ar exista.<\/span><span style=\"font-size: medium;\"><br \/>\nDac\u0103 eu a\u015f fi printre ace\u015fti \u201eNoi Dumnezei\u201d, a\u015f reflecta la ceea ce s-ar \u00eent\u00e2mpla cu mine \u00een cazul c\u0103 <\/span><span style=\"font-size: medium;\"><b>Logos<\/b><\/span> <span style=\"font-size: medium;\">(Ra\u0163iunea) <\/span><span style=\"font-size: medium;\">ar \u00eenlocui <\/span><span style=\"font-size: medium;\"><b>Mytos<\/b><\/span> <span style=\"font-size: medium;\">(Emo\u0163ii, Senza\u0163ii, Credin\u0163e) <\/span><span style=\"font-size: medium;\">\u00een comportamentul oamenilor, mai ales c\u0103 \u201esemne de nesuferin\u0163\u0103\u201d sunt tot mai frecvente: tot mai mul\u0163i se \u00eentreab\u0103 \u201eCum de idiotul \u0103sta <\/span><span style=\"font-size: medium;\"><b>c\u00e2\u015ftig\u0103 o avere<\/b><\/span><span style=\"font-size: medium;\"> alerg\u00e2nd dup\u0103 o <\/span><span style=\"font-size: medium;\"><b>b\u0103\u015fic\u0103<\/b><\/span><span style=\"font-size: medium;\">\u201d, sau \u201e<\/span><span style=\"font-size: medium;\"><b>recit\u00e2nd<\/b><\/span><span style=\"font-size: medium;\"> t\u00e2mpenii <\/span><span style=\"font-size: medium;\">\u015fi ap\u0103r\u00e2nd \u00een <\/span><span style=\"font-size: medium;\"><b>Publicit\u0103\u0163i Tembele<\/b><\/span><span style=\"font-size: medium;\">\u201d, sau \u201e\u00eendobitocind poporul cu t<\/span><span style=\"font-size: medium;\"><b>embelizorul<\/b><\/span><span style=\"font-size: medium;\">\u201d, sau \u201ep\u0103l\u0103vr\u0103gind ignorant despre chestiuni publice\u201d <\/span><span style=\"font-size: medium;\">(<\/span><span style=\"font-size: medium;\"><b>politicieni<\/b><\/span><span style=\"font-size: medium;\">)<\/span><span style=\"font-size: medium;\">, sau \u201ef\u0103c\u00e2nd pe <\/span><span style=\"font-size: medium;\"><b>c<\/b><\/span><span style=\"font-size: medium;\">roitorul de prost gust<\/span><b> <\/b><span style=\"font-size: medium;\"><b>(\u00cenalta Mod\u0103)<\/b><\/span><span style=\"font-size: medium;\">\u201d, sau \u201eproiect\u00e2nd construc\u0163ii aberante\u201d, sau \u201epromov\u00e2nd <\/span><span style=\"font-size: medium;\"><b>SubCultura<\/b><\/span><span style=\"font-size: medium;\">\u201d, sau \u201eproduc\u00e2nd <\/span><span style=\"font-size: medium;\"><b>Pseudo-Art\u0103<\/b><\/span><span style=\"font-size: medium;\">\u201d, sau \u201epred\u00e2nd la o <\/span><span style=\"font-size: medium;\"><b>Universitate<\/b><\/span><span style=\"font-size: medium;\"> ce scoate <\/span><span style=\"font-size: medium;\"><b>Analfabe\u0163i Func\u0163ionali<\/b><\/span><span style=\"font-size: medium;\"> pe band\u0103 rulant\u0103\u201d, sau \u201etrec\u00e2nd <\/span><span style=\"font-size: medium;\"><b>de la oi la elit\u0103<\/b><\/span><span style=\"font-size: medium;\">\u201d, sau \u201epornind de la o mic\u0103 b\u0103\u015fic\u0103 s\u0103 aib\u0103 azi status de <\/span><span style=\"font-size: medium;\"><b>miliardar<\/b><\/span><span style=\"font-size: medium;\">\u201d, sau&#8230;<br \/>\nAr putea veni o vreme c\u00e2nd acestor <\/span><span style=\"font-size: medium;\"><b>\u201eNoi Dumnezei\u201d<\/b><\/span><span style=\"font-size: medium;\"> s\u0103 li se cear\u0103 s\u0103 pl\u0103teasc\u0103 o friptur\u0103 100.000 de lei dup\u0103 \u201eposibilit\u0103\u0163ile reale\u201d, s\u0103 li se Scuipe \u00een farfurie, <\/span><span style=\"font-size: medium;\">s\u0103 fie Ignora\u0163i, <\/span><span style=\"font-size: medium;\">s\u0103 primeasc\u0103 Huiduieli \u00een loc de Aplauze, s\u0103 fie trimi\u015fi la vreun Canal, s\u0103 populeze vreun Bordel, s\u0103 trebuiasc\u0103 s\u0103 dea cu Sapa ca s\u0103 vad\u0103 \u015fi ei cum e s\u0103 Munce\u015fti, <\/span><span style=\"font-size: medium;\">sau <\/span><span style=\"font-size: medium;\">s\u0103 dea socoteal\u0103 <\/span><span style=\"font-size: medium;\">pur \u015fi simplu pentru<\/span><span style=\"font-size: medium;\"> Dezastrul unei Na\u0163iuni.<br \/>\n\u201eRoata Morii se-nv\u00e2rte\u015fte\u201d \u015fi e aproape Clipa!&#8230; a\u015fa pr<\/span><span style=\"font-size: medium;\">ofetizeaz\u0103<\/span> <span style=\"font-size: medium;\"><b>Liga pentru Libertatea Nimenilor <\/b><\/span><span style=\"font-size: medium;\"><b>(LLN)<\/b><\/span> <span style=\"font-size: medium;\">din<\/span> <span style=\"font-size: medium;\"><b>\u201eThe Last Bling King\u201d<\/b><\/span><span style=\"font-size: medium;\"> a lui <\/span><span style=\"font-size: medium;\"><b>Mi<\/b><\/span><span style=\"font-size: medium;\"><b>ke Hockney<\/b><\/span><\/p>\n","protected":false},"excerpt":{"rendered":"<p>Este de actualitate \u00een aceste zile Scandalul Weinstein. Toate organele mediatice se ocup\u0103 de aceast\u0103 chestiune, \u00eenmul\u0163indu-se ca ciupercile denun\u0163urile unor actri\u0163e \u015fi modele care ar fi fost victime de abuzuri sexuale din partea acestui produc\u0103tor important de la Hollywood. Unele \u201e\u015fi-au adus aminte\u201d dup\u0103 mul\u0163i ani!? To\u0163i se ocup\u0103 cu \u201edatul cu p\u0103rerea\u201d dedic\u00e2nd [&hellip;]<\/p>\n","protected":false},"author":2,"featured_media":0,"comment_status":"open","ping_status":"open","sticky":false,"template":"","format":"standard","meta":{"footnotes":""},"categories":[1593],"tags":[1728,1732,572,1731,1620,1689,1627,1733,1631,318,1729,1730,1734],"jetpack_featured_media_url":"","_links":{"self":[{"href":"https:\/\/bassdu.mine.bz\/index.php?rest_route=\/wp\/v2\/posts\/4157"}],"collection":[{"href":"https:\/\/bassdu.mine.bz\/index.php?rest_route=\/wp\/v2\/posts"}],"about":[{"href":"https:\/\/bassdu.mine.bz\/index.php?rest_route=\/wp\/v2\/types\/post"}],"author":[{"embeddable":true,"href":"https:\/\/bassdu.mine.bz\/index.php?rest_route=\/wp\/v2\/users\/2"}],"replies":[{"embeddable":true,"href":"https:\/\/bassdu.mine.bz\/index.php?rest_route=%2Fwp%2Fv2%2Fcomments&post=4157"}],"version-history":[{"count":5,"href":"https:\/\/bassdu.mine.bz\/index.php?rest_route=\/wp\/v2\/posts\/4157\/revisions"}],"predecessor-version":[{"id":4169,"href":"https:\/\/bassdu.mine.bz\/index.php?rest_route=\/wp\/v2\/posts\/4157\/revisions\/4169"}],"wp:attachment":[{"href":"https:\/\/bassdu.mine.bz\/index.php?rest_route=%2Fwp%2Fv2%2Fmedia&parent=4157"}],"wp:term":[{"taxonomy":"category","embeddable":true,"href":"https:\/\/bassdu.mine.bz\/index.php?rest_route=%2Fwp%2Fv2%2Fcategories&post=4157"},{"taxonomy":"post_tag","embeddable":true,"href":"https:\/\/bassdu.mine.bz\/index.php?rest_route=%2Fwp%2Fv2%2Ftags&post=4157"}],"curies":[{"name":"wp","href":"https:\/\/api.w.org\/{rel}","templated":true}]}}