{"id":4379,"date":"2017-12-13T23:11:10","date_gmt":"2017-12-13T22:11:10","guid":{"rendered":"http:\/\/bassdu.mine.bz\/?p=4379"},"modified":"2017-12-21T13:14:42","modified_gmt":"2017-12-21T12:14:42","slug":"intermezzo-13","status":"publish","type":"post","link":"https:\/\/bassdu.mine.bz\/?p=4379","title":{"rendered":"Philosophia (1)"},"content":{"rendered":"<p><strong>NIETZSCHE<\/strong><\/p>\n<p>\u201e<strong>Nietzsche<\/strong> a cerut o \u201e<strong>reevaluare a tuturor valorilor<\/strong>&#8220;. El a considerat c\u0103 funda\u021biile occidental-iudeo-cre\u0219tine se pr\u0103bu\u0219eau. Toate valorile bazate pe acel edificiu fals, care se sf\u0103r\u00e2m\u0103, au fost demistificate. Fiecare institu\u021bie derivat\u0103 din ele trebuie \u00eenlocuit\u0103.<br \/>\nMai mult ca niciodat\u0103, trebuie s\u0103 reevalu\u0103m toate valorile. (Uit\u0103-te la Vatican: centrul unui imperiu mondial de abuz asupra copilului \u00een m\u00e2inile \u201ep\u0103storilor turmelor&#8221; .C\u00e2t mai poate s\u0103 b\u00e2ntuie aceast\u0103 rel<span class=\"text_exposed_show\">igie e\u0219uat\u0103? Catolicismului \u0219i Cre\u0219tinismul \u00een general au murit deja dar nu se realizeaz\u0103. Este o religie zombie, care \u00ee\u0219i t\u00e2r\u0103\u015fte carcasa.)<br \/>\nProiectul Ilumina\u021bilor este de a stabili <strong>O Nou\u0103 Ordine Mondial\u0103<\/strong>, \u00een care sunt eliminate toate valorile dec\u0103zute ale Trecutului, toate<strong> Institu\u021biile<\/strong> e\u0219uate, toate<strong> Ideologiile<\/strong> corupte, toate <strong>Minciunile<\/strong>, <strong>L\u0103comia<\/strong> \u0219i <strong>Egoismul<\/strong>, cu toate mizeriile lor.<br \/>\nSolicit\u0103m sf\u00e2r\u0219itul <strong>Credin\u021belor Abrahamice<\/strong>, un sf\u00e2r\u0219it al <strong>Consumerismului<\/strong> \u0219i <strong>Materialismului<\/strong>, un sf\u00e2r\u0219it al <strong>Democra\u021biei Capitaliste<\/strong>, un sf\u00e2r\u0219it al <strong>Elitelor Privilegiate<\/strong> \u0219i al <strong>Familiilor Dinastice<\/strong>, un sf\u00e2r\u0219it al principiului general al <strong>Profitului<\/strong>. Sc\u0103pa\u0163i de tot. <strong>Plasa\u021bi Noi Valori<\/strong>. Crea\u021bi noi <strong>Institu\u021bii<\/strong>.<br \/>\nEste timpul pentru <strong>O NOU\u0102 LUME<\/strong> dedicat\u0103 <strong>Maximiz\u0103rii Poten\u021bialului Uman<\/strong>.<br \/>\n<strong>Principiul Poporului Suveran<\/strong> este cel pe care trebuie s\u0103-l consacr\u0103m &#8211; func\u021bia <strong>Statului<\/strong> este aceea de a trata fiecare Persoan\u0103 ca un Talent unic ce trebuie cultivat. Niciun <strong>Sexism<\/strong>, niciun <strong>Rasism<\/strong>, nicio <strong>Discriminare,<\/strong> niciun <strong>Privilegiu<\/strong>, nicio <strong>Sp\u0103lare A Creierului,<\/strong> nicio <strong>Fiin\u021b\u0103 Uman\u0103<\/strong> tratat\u0103 ca <strong>Unitate De Consum<\/strong>, ca <strong>Obiect,<\/strong> mai degrab\u0103 dec\u00e2t <strong>Subiect<\/strong>. Nu categoric <strong>Alien\u0103rii<\/strong>. Nu categoric <strong>Vechii Ordini Mondiale (OWO)<\/strong>. Nu categoric <strong>Institu\u021biilor<\/strong> din trecut. <strong>Viitorul este al nostru.<\/strong>\u201d<br \/>\n<a href=\"http:\/\/bassdu.mine.bz\/images\/2017\/12\/nietzsche.jpeg\"><img loading=\"lazy\" decoding=\"async\" class=\"aligncenter size-full wp-image-4380\" src=\"http:\/\/bassdu.mine.bz\/images\/2017\/12\/nietzsche.jpeg\" alt=\"\" width=\"309\" height=\"163\" srcset=\"https:\/\/bassdu.mine.bz\/images\/2017\/12\/nietzsche.jpeg 309w, https:\/\/bassdu.mine.bz\/images\/2017\/12\/nietzsche-300x158.jpeg 300w\" sizes=\"(max-width: 309px) 100vw, 309px\" \/><\/a><br \/>\n<\/span><\/p>\n","protected":false},"excerpt":{"rendered":"<p>NIETZSCHE \u201eNietzsche a cerut o \u201ereevaluare a tuturor valorilor&#8220;. El a considerat c\u0103 funda\u021biile occidental-iudeo-cre\u0219tine se pr\u0103bu\u0219eau. Toate valorile bazate pe acel edificiu fals, care se sf\u0103r\u00e2m\u0103, au fost demistificate. Fiecare institu\u021bie derivat\u0103 din ele trebuie \u00eenlocuit\u0103. Mai mult ca niciodat\u0103, trebuie s\u0103 reevalu\u0103m toate valorile. (Uit\u0103-te la Vatican: centrul unui imperiu mondial de abuz [&hellip;]<\/p>\n","protected":false},"author":2,"featured_media":0,"comment_status":"open","ping_status":"open","sticky":false,"template":"","format":"standard","meta":{"footnotes":""},"categories":[1593],"tags":[572,531,1902,1906,1168,1904,498,1905,149,1901,1502,1903,1869,318,277,520],"jetpack_featured_media_url":"","_links":{"self":[{"href":"https:\/\/bassdu.mine.bz\/index.php?rest_route=\/wp\/v2\/posts\/4379"}],"collection":[{"href":"https:\/\/bassdu.mine.bz\/index.php?rest_route=\/wp\/v2\/posts"}],"about":[{"href":"https:\/\/bassdu.mine.bz\/index.php?rest_route=\/wp\/v2\/types\/post"}],"author":[{"embeddable":true,"href":"https:\/\/bassdu.mine.bz\/index.php?rest_route=\/wp\/v2\/users\/2"}],"replies":[{"embeddable":true,"href":"https:\/\/bassdu.mine.bz\/index.php?rest_route=%2Fwp%2Fv2%2Fcomments&post=4379"}],"version-history":[{"count":2,"href":"https:\/\/bassdu.mine.bz\/index.php?rest_route=\/wp\/v2\/posts\/4379\/revisions"}],"predecessor-version":[{"id":4440,"href":"https:\/\/bassdu.mine.bz\/index.php?rest_route=\/wp\/v2\/posts\/4379\/revisions\/4440"}],"wp:attachment":[{"href":"https:\/\/bassdu.mine.bz\/index.php?rest_route=%2Fwp%2Fv2%2Fmedia&parent=4379"}],"wp:term":[{"taxonomy":"category","embeddable":true,"href":"https:\/\/bassdu.mine.bz\/index.php?rest_route=%2Fwp%2Fv2%2Fcategories&post=4379"},{"taxonomy":"post_tag","embeddable":true,"href":"https:\/\/bassdu.mine.bz\/index.php?rest_route=%2Fwp%2Fv2%2Ftags&post=4379"}],"curies":[{"name":"wp","href":"https:\/\/api.w.org\/{rel}","templated":true}]}}