{"id":4544,"date":"2018-01-05T21:51:34","date_gmt":"2018-01-05T20:51:34","guid":{"rendered":"http:\/\/bassdu.mine.bz\/?p=4544"},"modified":"2018-01-05T21:54:38","modified_gmt":"2018-01-05T20:54:38","slug":"psihocosmos-20","status":"publish","type":"post","link":"https:\/\/bassdu.mine.bz\/?p=4544","title":{"rendered":"Psihocosmos (20)"},"content":{"rendered":"<p><strong>\u201eDual Brain Theory &#8211; Teoria Creierului Dual<\/strong><\/p>\n<p>Pentru ca <strong>Tipurile de Personalitate Jungiene<\/strong> s\u0103 fie o reflectare valid\u0103 a <strong>realit\u0103\u021bii<\/strong>, este esen\u021bial ca cele dou\u0103 emisfere s\u0103 fie distincte \u0219i s\u0103 reflecte diferitele capacit\u0103\u021bi: s\u0103 simt\u0103, s\u0103 evalueze \u0219i s\u0103 reac\u021bioneze diferit fa\u021b\u0103 de mediu. Emisfera St\u00e2ng\u0103 este despre G\u00e2ndire, Senza\u021bie, Extraversiune \u0219i Con\u0219tien\u021b\u0103.<br \/>\n<strong>Emisfera Dreapt\u0103<\/strong> este despre <strong>Emo\u021bie, Intui\u021bie, Introversiune \u0219i NeCon\u0219tient.<\/strong><br \/>\n<strong>Emisfera St\u00e2ng\u0103<\/strong> e parte a creierului <strong>ateu, \u201e\u0219tiin\u021bific&#8221;, dedicat materiei, spa\u021biului, timpului \u0219i cauzalit\u0103\u021bii spa\u021biu-timpului<\/strong> &#8230; totul vizibil, concret \u0219i evident.<br \/>\n<strong>Emisfera Dreapt\u0103<\/strong> este creierul <strong>spiritual, &#8220;religios&#8221;<\/strong>, dedicat domeniului mental, imaterial, \u00een afara spa\u021biului \u0219i timpului, cauzalit\u0103\u021bii mentale, a tot ceea ce este invizibil \u0219i neevident. \u00cen aceste condi\u021bii, evolu\u021bia <strong>Min\u021bii Bicamerale<\/strong> spre <strong>Con\u0219tien\u021b\u0103<\/strong> a implicat trecerea de la o viziune <strong>religioas\u0103<\/strong> la o viziune <strong>\u0219tiin\u021bific\u0103 (ateist\u0103)<\/strong>.<br \/>\n<strong>Creierul Bicameral Primitiv<\/strong> era mult mai <strong>Introvertit \u0219i mai Spiritual<\/strong>, mai pu\u021bin preocupat de Materie \u0219i Spa\u021biu-Timp.<br \/>\n<strong>Emisfera St\u00e2ng\u0103<\/strong> reflect\u0103 G\u00e2ndirea Extravertit\u0103, Senza\u021bia Extravertit\u0103, Emo\u021bia Extravertit\u0103, Intui\u021bia Extravertit\u0103 \u0219i Con\u0219tien\u021ba Extravertit\u0103.<br \/>\n<strong>Emisfera Dreapt\u0103<\/strong> reflect\u0103 G\u00e2ndirea Introvertit\u0103, Emo\u0163ia Introvertit\u0103, Senza\u021bia Introvertit\u0103, Intui\u021bia Introvertit\u0103 \u0219i Con\u0219tien\u021ba Introvertit\u0103 (NeCon\u0219tientul).<br \/>\nCu alte cuvinte, fiecare emisfer\u0103 are un set complet al func\u021biilor cognitive ale <strong>g\u00e2ndirii, emo\u021biei, senza\u021biei \u0219i intui\u021biei,<\/strong> fiecare dintre aceste func\u021bii fiind specific\u0103 unei emisfere \u0219i, prin urmare, absent\u0103 \u00een cealalt\u0103. Fiecare emisfer\u0103 este dedicat\u0103 exclusiv unei anumite <strong>atitudini junghiene (extraversiune sau introversiune).<\/strong> S-ar putea de asemenea s\u0103 spunem c\u0103 <strong>emisfera st\u00e2ng\u0103<\/strong> reflect\u0103 o preferin\u021b\u0103 de<strong> Judecat\u0103<\/strong>, iar <strong>emisfera dreapt\u0103<\/strong> o preferin\u021b\u0103 de <strong>Percep\u0163ie.<\/strong><br \/>\n<strong>Matematica Dimensional\u0103 \u015fi Fizica Dimensional\u0103 (spa\u021biu-timp)<\/strong> sunt asociate cu <strong>Emisfera St\u00e2ng\u0103;<\/strong><br \/>\n<strong>Matematica Adimensional\u0103 \u0219i Metafizica<\/strong> sunt asociate cu <strong>Emisfera Dreapt\u0103,<\/strong> la fel ca <strong>Ra\u021biunea <\/strong>\u0219i<strong> Logica<\/strong> pur\u0103.<br \/>\n<strong>Emisfera St\u00e2ng\u0103<\/strong> trateaz\u0103 <strong>Func\u021biile Spa\u021biu-Timp Fourier.<\/strong><br \/>\n<strong>Emisfera Dreapt\u0103<\/strong> trateaz\u0103 <strong>Func\u021biile de Frecven\u021b\u0103 Fourier.<\/strong><br \/>\n<strong>Con\u0219tien\u0163a<\/strong> se raporteaz\u0103 la <strong>Spa\u021biu-Timp \u0219i Individuare<\/strong>,<br \/>\n<strong>NeCon\u0219tien\u0163a<\/strong> se raporteaz\u0103 la <strong>Frecven\u021b\u0103 \u0219i Interconectare.<\/strong><br \/>\nDualismul este literalmente intrinsec creierului nostru cu dou\u0103 camere\/emisfere.<\/p>\n<p><span style=\"color: #800000;\"><strong>\u201eAceast\u0103 teorie este o extensie a studiilor split-brain pe pacien\u0163i epileptici cu corpus callosum separat, in scopul de a reduce convulsiile, dar a inceput recent sa fie studiat la pacientii care au suferit evenimente traumatice, fara nici un fel de chirurgie a creierului. \u00cen esen\u021b\u0103, aceast\u0103 teorie se poate aplica oricui &#8220;- Wikipedia<\/strong><\/span><\/p>\n<p>Nu doar <strong>evenimentele traumatice<\/strong> produc <strong>dezechilibru emisferic<\/strong>. \u00cens\u0103\u015fi <strong>via\u0163a<\/strong> \u00eel cauzeaz\u0103. Pe m\u0103sur\u0103 ce cre\u0219tem \u0219i ne maturiz\u0103m, adopt\u0103m anumite <strong>obiceiuri \u0219i atitudini<\/strong> care reflect\u0103 capacit\u0103\u021bi emisferice diferite \u0219i cu c\u00e2t \u00eenaint\u0103m \u00een v\u00e2rst\u0103, cu at\u00e2t se contureaz\u0103 mai bine <strong>Tipul de Personalitate Myers-Briggs.<\/strong><br \/>\n\u00centr-un fel, suntem cu to\u021bii traumatiza\u021bi. To\u021bi caut\u0103m anumite scenarii \u0219i evit\u0103m \u00een mod activ altele care ne-ar provoca disconfort &#8230; traume.<\/p>\n<p><span style=\"color: #800000;\"><strong>&#8220;Studiile efectuate pe oameni s\u0103n\u0103to\u0219i cu corpus callosum intact indic\u0103 de asemenea, abilit\u0103\u021bi sau r\u0103spunsuri emo\u021bionale diferite asociate cu cele dou\u0103 emisfere&#8221; &#8211; Wikipedia<\/strong><\/span><\/p>\n<p>Cu toate acestea, mul\u021bi <strong>oameni de \u0219tiin\u021b\u0103 \u0219i neurologi<\/strong> ignor\u0103 <strong>Psihologia Junghian\u0103<\/strong> \u0219i o consider\u0103 un fel de astrologie elaborat\u0103. Cu c\u00e2t se ignor\u0103 mai mult rolul fundamental al <strong>Min\u021bii<\/strong>, a\u0219a cum fac azi oamenii de \u0219tiin\u021b\u0103, cu at\u00e2t este mai improbabil\u0103 <strong>Cunoa\u015fterea<\/strong> \u00een Psihologie. Poate cineva s\u0103 atribuie Tipuri de Personalitate <strong>Ma\u0219inilor<\/strong>? Dac\u0103 suntem \u201eMa\u0219ini\u201d, potrivit actualei paradigme \u015ftiin\u0163ifico-empiriciste, suntem lipsi\u021bi de Personalitate!? Doar \u201eFantomele&#8221; pot avea Personalitate.<\/p>\n<p><span style=\"color: #800000;\"><strong>\u201eEmisfera Dreapt\u0103 a creierului este predominant pictural\u0103, intuitiv\u0103 \u0219i creativ\u0103, \u00een timp ce Emisfera St\u00e2ng\u0103 a creierului este specializat\u0103 \u00een prelucrarea func\u021biilor logice \u0219i verbale&#8221;- Wikipedia<\/strong><\/span><\/p>\n<p>Suntem, \u00eentr-un sens, \u00een \u00eentregime un produs al modului \u00een care \u201ecompartiment\u0103m\u201d \u015fi \u201ementaliz\u0103m\u201d diferitele tipuri de <strong>informa\u021bii<\/strong>. <strong>Oamenii de \u0219tiin\u021b\u0103<\/strong> pun toate informa\u021biile pe care le consider\u0103 drept reale \u00een categoria <strong>Senzorial\u0103<\/strong> \u0219i consider\u0103 c\u0103 restul este ireal. Ace\u015ftia iau \u00een considera\u0163ie numai <strong>Func\u0163iile Spa\u0163iu-Timp Fourier<\/strong>, \u0219i ignor\u0103 <strong>Func\u0163iile de Frecven\u0163\u0103 Fourier.<\/strong><br \/>\nLogica \u015fi Ra\u0163iunea <strong>creierului st\u00e2ng<\/strong> se axeaz\u0103 pe <strong>Cuvinte<\/strong> (limba creat\u0103 de om).<br \/>\nLogica \u015fi Ra\u0163iunea <strong>creierului drept<\/strong> se axeaz\u0103 pe <strong>Numere<\/strong> (matematica = limbajul natural).<br \/>\n<strong>Creierul st\u00e2ng<\/strong> se refer\u0103 la <strong>Vizualizarea Extern\u0103.<\/strong><br \/>\n<strong>Creierul drept<\/strong> se refer\u0103 la <strong>Vizualizarea Interioar\u0103.<\/strong><br \/>\nC\u00e2nd suntem treji, suntem con\u0219tient preocupa\u0163i de imagini adunate din lumea exterioar\u0103.<br \/>\nCand vis\u0103m, NeCon\u0219tientul nostru activ prezint\u0103 Con\u015ftientului nostru pasiv, propriile imagini pe care le-a construit.\u201d<br \/>\n<a href=\"http:\/\/bassdu.mine.bz\/images\/2018\/01\/war-ghost-machine.jpg\"><img loading=\"lazy\" decoding=\"async\" class=\"aligncenter wp-image-4545\" src=\"http:\/\/bassdu.mine.bz\/images\/2018\/01\/war-ghost-machine.jpg\" alt=\"\" width=\"444\" height=\"711\" srcset=\"https:\/\/bassdu.mine.bz\/images\/2018\/01\/war-ghost-machine.jpg 1307w, https:\/\/bassdu.mine.bz\/images\/2018\/01\/war-ghost-machine-187x300.jpg 187w, https:\/\/bassdu.mine.bz\/images\/2018\/01\/war-ghost-machine-768x1229.jpg 768w, https:\/\/bassdu.mine.bz\/images\/2018\/01\/war-ghost-machine-640x1024.jpg 640w\" sizes=\"(max-width: 444px) 100vw, 444px\" \/><\/a><\/p>\n","protected":false},"excerpt":{"rendered":"<p>\u201eDual Brain Theory &#8211; Teoria Creierului Dual Pentru ca Tipurile de Personalitate Jungiene s\u0103 fie o reflectare valid\u0103 a realit\u0103\u021bii, este esen\u021bial ca cele dou\u0103 emisfere s\u0103 fie distincte \u0219i s\u0103 reflecte diferitele capacit\u0103\u021bi: s\u0103 simt\u0103, s\u0103 evalueze \u0219i s\u0103 reac\u021bioneze diferit fa\u021b\u0103 de mediu. Emisfera St\u00e2ng\u0103 este despre G\u00e2ndire, Senza\u021bie, Extraversiune \u0219i Con\u0219tien\u021b\u0103. Emisfera [&hellip;]<\/p>\n","protected":false},"author":2,"featured_media":0,"comment_status":"open","ping_status":"open","sticky":false,"template":"","format":"standard","meta":{"footnotes":""},"categories":[1593],"tags":[1752,2085,2084,2087,1796,2090,1997,1797,2088,1695,1910,1748,2091,1751,2089,1599,2086,2093,2092],"jetpack_featured_media_url":"","_links":{"self":[{"href":"https:\/\/bassdu.mine.bz\/index.php?rest_route=\/wp\/v2\/posts\/4544"}],"collection":[{"href":"https:\/\/bassdu.mine.bz\/index.php?rest_route=\/wp\/v2\/posts"}],"about":[{"href":"https:\/\/bassdu.mine.bz\/index.php?rest_route=\/wp\/v2\/types\/post"}],"author":[{"embeddable":true,"href":"https:\/\/bassdu.mine.bz\/index.php?rest_route=\/wp\/v2\/users\/2"}],"replies":[{"embeddable":true,"href":"https:\/\/bassdu.mine.bz\/index.php?rest_route=%2Fwp%2Fv2%2Fcomments&post=4544"}],"version-history":[{"count":3,"href":"https:\/\/bassdu.mine.bz\/index.php?rest_route=\/wp\/v2\/posts\/4544\/revisions"}],"predecessor-version":[{"id":4548,"href":"https:\/\/bassdu.mine.bz\/index.php?rest_route=\/wp\/v2\/posts\/4544\/revisions\/4548"}],"wp:attachment":[{"href":"https:\/\/bassdu.mine.bz\/index.php?rest_route=%2Fwp%2Fv2%2Fmedia&parent=4544"}],"wp:term":[{"taxonomy":"category","embeddable":true,"href":"https:\/\/bassdu.mine.bz\/index.php?rest_route=%2Fwp%2Fv2%2Fcategories&post=4544"},{"taxonomy":"post_tag","embeddable":true,"href":"https:\/\/bassdu.mine.bz\/index.php?rest_route=%2Fwp%2Fv2%2Ftags&post=4544"}],"curies":[{"name":"wp","href":"https:\/\/api.w.org\/{rel}","templated":true}]}}