{"id":4622,"date":"2018-01-21T22:04:49","date_gmt":"2018-01-21T21:04:49","guid":{"rendered":"http:\/\/bassdu.mine.bz\/?p=4622"},"modified":"2018-01-21T22:04:49","modified_gmt":"2018-01-21T21:04:49","slug":"psihocosmos-23-2","status":"publish","type":"post","link":"https:\/\/bassdu.mine.bz\/?p=4622","title":{"rendered":"Psihocosmos (23)"},"content":{"rendered":"<p><b>Copilul<br \/>\n<\/b><\/p>\n<p>Pentru a \u00een\u021belege cum func\u021bioneaz\u0103 universul, este necesar doar s\u0103 studiem copiii umani (<b>\u201e<\/b><b>As Above, So Below\u201d<\/b>).<br \/>\nUn bebelu\u0219 \u00eencepe ca o fiin\u021b\u0103 de pur\u0103 <b>Voin\u021b\u0103 (Will)<\/b> \u0219i <b>Senza\u021bie<\/b>. Se simte mul\u021bumit sau nemul\u021bumit.<\/p>\n<p>Atunci c\u00e2nd se simte nemul\u021bumit, cere m\u00e2ncare, b\u0103utur\u0103, aten\u021bie, dragoste, companie, scutece sau orice altceva. Nu-i pas\u0103 c\u00e2tu\u015fi de pu\u021bin de altcineva. Este un <b>Id<\/b> curat, condus de o pur\u0103 Voin\u021b\u0103 \u0219i Senza\u0163ii. Exist\u0103 la acela\u0219i nivel ca animalele &#8211; <b>Instinctual.<\/b> Nu folose\u0219te \u00een mod semnificativ <b>Neocortexul <\/b>s\u0103u. Nu are nicio <b>Con\u0219tien\u021b\u0103,<\/b> nicio <b>Empatie,<\/b> nicio <b>Simpatie,<\/b> nicio <b>Amintire<\/b>, nicio <b>Identitate,<\/b> niciun <b>Ego.<\/b> Este un<b> Id perfect<\/b>, o <b>Minte NeCon\u0219tient\u0103<\/b> condus\u0103 de <b>Voin\u021b\u0103<\/b> \u0219i <b>Senza<\/b><b>\u021bii,<\/b> lipsit de <b>R<\/b><b>a\u021biune, Cunoa\u0219tere<\/b> \u0219i <b>Intelect.<\/b><\/p>\n<p>El \u00eenva\u021b\u0103 treptat de la p\u0103rin\u021bi \u0219i de la diverse autorit\u0103\u021bi (rude adulte, profesori, preo\u021bi, b\u0103tr\u00e2ni ai comunit\u0103\u021bii \u0219i a\u0219a mai departe) care sunt r<b>egulile societ\u0103\u021bii<\/b> (adic\u0103 \u00eencep s\u0103 dob\u00e2ndeasc\u0103 un <b>Superego<\/b>).<\/p>\n<p>\u00cencet, mai ales la <b>\u0219coal\u0103<\/b>, dob\u00e2nde\u0219te abilit\u0103\u021bi cerebrale, implic\u0103 Neocortexul. Cu toate acestea, marea majoritate a oamenilor din lume atinge doar un minim de astfel de capacit\u0103\u021bi. Ei r\u0103m\u00e2n, \u00een esen\u021b\u0103, creaturi de Voin\u021b\u0103, Senza\u0163ii \u0219i Emo\u0163ii, pu\u021bin \u00eendep\u0103rta\u0163i de <b>animale.<\/b> Ace\u0219tia sunt <b>O<\/b><b>amenii Mythos.<\/b> Creierul lor func\u021bioneaz\u0103 \u00een cea mai mare parte prin intermediul <b>creierului reptilian<\/b> \u0219i a <b>sistemului limbic emo\u021bional.<\/b><\/p>\n<p>Omenirea mai \u00eenalt\u0103 \u2013 <b>Umanitatea <\/b><b>Logos<\/b> &#8211; a transferat o cantitate imens\u0103 de func\u021bii creierului \u00een cea mai nou\u0103 parte a sa, Neocortexul, care ne distinge cu adev\u0103rat de animale. Cu c\u00e2t locuie\u0219ti mai mult \u00een <b>N<\/b><b>eocortexul<\/b> t\u0103u, cu at\u00e2t e\u0219ti mai <b>Evoluat<\/b> \u0219i cu at\u00e2t mai pu\u021bin e\u015fti un <b>Animal.<\/b><\/p>\n<p><b>Umanitatea Mythos<\/b> difer\u0103 de <b>Umanitatea Logos <\/b>prin aceea c\u0103 ultima e definit\u0103 de <b>neocortex<\/b>, \u00een timp ce prima este definit\u0103 de <b>creierul reptilian<\/b> \u0219i de <b>sistemul limbic.<\/b> Primii sunt guverna\u021bi de voin\u021b\u0103 \u0219i sentimente, de pove\u0219ti, supersti\u021bii, credin\u021be \u0219i opinii prost formate. Ei au abilit\u0103\u021bi slabe de <b>G\u00e2ndire<\/b> \u0219i un interes redus sau deloc \u00een<b> Logic\u0103<\/b>, <b>Fapte, Dovezi, Argumente Ra\u021bionale <\/b>\u0219i <b>Cuno\u0219tin\u021be<\/b>. Ei sunt <b>Retarda\u021bi <\/b>literalmente, spre deosebire de <b>Omenirea Logos<\/b>. Ei <b>nu au evoluat. <\/b>Singurul motiv pentru care nu au fost \u0219ter\u0219i &#8211; ca omul Neanderthal &#8211; este c\u0103 ei sunt o majoritatea cov\u00e2r\u0219itoare, iar Omenirea Logos nu a ales niciodat\u0103 s\u0103 o <b>ELIMINE.<\/b><\/p>\n<p><b>Neandertalienii<\/b> au fost elimina\u021bi din <b>cauze genetice<\/b> \u00een timpul unei <b>epoci glaciale<\/b>, c\u0103reia nu au putut s\u0103-i fac\u0103 fa\u021b\u0103 (<b>Retarda\u0163i<\/b>). Este nevoie de un alt <b>Dezastru<\/b> &#8211; unul care va ucide \u00een mod selectiv pe aceia &#8211; Umanitatea Mythos &#8211; care nu au evoluat \u0219i \u00een prezent \u00eempiedic\u0103 <b>Progresul Omenirii.<\/b><\/p>\n<p><b>Umanitatea Logos<\/b> ar trebui s\u0103 caute \u00een mod activ s\u0103 se separe fizic de <b>gloata Mythos.<\/b> Ar trebui s\u0103-\u015fi construiasc\u0103 ora\u0219e superioare \u00een care s\u0103 fie interzi\u015fi Oamenii Mythos.<br \/>\n<b>\u201eMajoritatea Democratic\u0103\u201d Mythos <\/b>poate s\u0103 se \u00eenchine lui <b>Iehova, lui Allah, Hristos, Buddha<\/b> sau oricui altcuiva care le conduce \u201ebarca\u201d \u0219i se scufunde cu ei cu tot. Ei sunt <b>\u201e\u00eensemna\u0163i\u201d<\/b> pentru <b>dispari\u021bie <\/b>deoarece nu au <b>evoluat.<\/b><\/p>\n<p>Oricine crede cu seriozitate c\u0103 textele Avraamice con\u021bin chiar \u0219i un cuv\u00e2nt adev\u0103rat este prea prost pentru a juca vreun rol \u00een viitorul omenirii. Fiecare Om Logos r\u00e2de de aceste pove\u0219ti proste\u0219ti. Oamenii Mythos se las\u0103 defini\u021bi de aceste pove\u0219ti absurde, jenante \u0219i nebune\u0219ti ale unor triburi de patetici analfabe\u0163i din de\u0219ert.<\/p>\n<p><b>Moise, Buddha, Isus Hristos \u0219i Mohamed<\/b> sunt toate figuri patetice: \u00een totalitate mincino\u0219i, \u0219arlatani, nebuni, fantezi\u0219ti f\u0103r\u0103 nicio \u015fans\u0103 s\u0103 spun\u0103 ceva Ra\u0163ional despre Realitate. <b>Viitorul<\/b> omenirii depinde de <b>valorificarea puterii neocortexului. <\/b>Cei bloca\u021bi \u00een <b>creierul reptilian <\/b>\u0219i <b>sistemul limbic<\/b> nu au <b>viitor.<\/b> Ei sunt echivalen\u0163ii umani ai <b>dinozaurilor.<\/b><\/p>\n<p><b>Prima Epoc\u0103<\/b> a omenirii a fost cea a<b> Voin\u021bei <\/b>neadulterate, a <b>creierului reptilian.<\/b> A fost definit\u0103 de violen\u021b\u0103 &#8211; for\u021ba militar\u0103, regi, \u00eemp\u0103ra\u021bi, armate \u0219i a\u0219a mai departe. A fost asociat\u0103 cu tipul de personalitate <b>Tradition-Directed<\/b> \u0219i a fost o epoc\u0103 extrem de <b>Masculin<\/b><b>\u0103<\/b><b>.<\/b><\/p>\n<p><b>A Doua Epoc\u0103<\/b> a umanit\u0103\u021bii (actual\u0103) este cea a <b>S<\/b><b>istemului Limbic.<\/b> E totul despre emo\u021bie, empatie, simpatie, socializare, armonie. Este asociat\u0103 cu tipul de personalitate <b>Other-Directed <\/b>\u0219i este din ce \u00een ce mai <b>Feminin<\/b><b>\u0103<\/b> \u0219i mai <b>Efeminat<\/b><b>\u0103<\/b><b>.<\/b> Consumerismul, shopping-ul, divertismentul, \u00eembr\u0103\u021bi\u0219area \u0219i afi\u0219\u0103rile nesf\u00e2r\u0219ite ale emo\u021biilor, sunt la ordinea zilei. Oamnenii sunt <b>slabi, pasivi, conformi \u0219i \u201ecorec\u0163i din punct de vedere politic&#8221;.<\/b> Toate tipurile puternice, agresive, masculine, sunt interzise. Este o Epoc\u0103 din Istoria Omenirii imens de<b> I<\/b><b>pocrit\u0103, <\/b><b>S<\/b><b>uperficial\u0103 \u0219i <\/b><b>S<\/b><b>lab\u0103.<\/b><\/p>\n<p>\u00cen termeni religio\u0219i, iudaismul \u0219i islamul apar\u021bin <b>primei epoci<\/b> a omenirii. Sunt agresive, r\u0103zboinice \u0219i masculine. Ei dispre\u021buiesc femeile \u0219i pe cei open-minded. <b>Noul Testament<\/b> cre\u0219tin face parte din <b>a doua epoc\u0103<\/b> a omenirii. Conform propagandei proprii (nu \u015fi a realit\u0103\u021bii sale) promoveaz\u0103 iubirea, pacea, sl\u0103biciunea \u0219i bl\u00e2nde\u021bea, iertarea \u0219i compasiunea.<\/p>\n<p><b>Cre\u0219tinismul <\/b>este cea mai de succes religie din lume, deoarece <b>Vechiul Testament <\/b>apar\u021bine <b>primei epoci masculine<\/b> a umanit\u0103\u021bii \u0219i <b>Noul Testament<\/b> celei de-<b>a doua epoci, a femininului<\/b> (de\u0219i spunem c\u0103 este vorba despre o epoc\u0103 feminin\u0103, ea este \u00een cele din urm\u0103, controlat\u0103 de b\u0103rba\u021bii agresivi, psihopatici &#8211; \u201erefugia\u021bi\u201d din prima epoc\u0103.)<\/p>\n<p><b>A Treia Epoc\u0103 <\/b>a omenirii va fi epoca Neocortexului. Nu va fi nici masculin\u0103 \u0219i nici feminin\u0103, nici patriarhal\u0103 \u015fi nici matriarhal\u0103, ci <b>RA\u0162IONAL\u0102 \u0219i INTELECTUAL\u0102.<br \/>\n<\/b>Va fi o <b>Epoc\u0103 Meritocratic\u0103<\/b> definit\u0103 de tipurile de personalitate <b>Inner-Directed \u0219i Autonomi.<\/b><\/p>\n<p>Aceasta este traiectoria <b>evolutiv\u0103<\/b> inevitabil\u0103 a umanit\u0103\u021bii.<\/p>\n<p>Cei mai de\u0219tep\u021bi oameni &#8211; <b>HyperHumans<\/b> &#8211; vor construi <b>V<\/b><b>iitorul <\/b><b>O<\/b><b>menirii.<br \/>\n<a href=\"http:\/\/bassdu.mine.bz\/images\/2018\/01\/cover.6-1.jpg\"><img loading=\"lazy\" decoding=\"async\" class=\"aligncenter wp-image-4556\" src=\"http:\/\/bassdu.mine.bz\/images\/2018\/01\/cover.6-1.jpg\" alt=\"\" width=\"444\" height=\"710\" srcset=\"https:\/\/bassdu.mine.bz\/images\/2018\/01\/cover.6-1.jpg 1375w, https:\/\/bassdu.mine.bz\/images\/2018\/01\/cover.6-1-188x300.jpg 188w, https:\/\/bassdu.mine.bz\/images\/2018\/01\/cover.6-1-768x1229.jpg 768w, https:\/\/bassdu.mine.bz\/images\/2018\/01\/cover.6-1-640x1024.jpg 640w\" sizes=\"(max-width: 444px) 100vw, 444px\" \/><\/a><\/b><\/p>\n","protected":false},"excerpt":{"rendered":"<p>Copilul Pentru a \u00een\u021belege cum func\u021bioneaz\u0103 universul, este necesar doar s\u0103 studiem copiii umani (\u201eAs Above, So Below\u201d). Un bebelu\u0219 \u00eencepe ca o fiin\u021b\u0103 de pur\u0103 Voin\u021b\u0103 (Will) \u0219i Senza\u021bie. Se simte mul\u021bumit sau nemul\u021bumit. Atunci c\u00e2nd se simte nemul\u021bumit, cere m\u00e2ncare, b\u0103utur\u0103, aten\u021bie, dragoste, companie, scutece sau orice altceva. Nu-i pas\u0103 c\u00e2tu\u015fi de pu\u021bin [&hellip;]<\/p>\n","protected":false},"author":2,"featured_media":0,"comment_status":"open","ping_status":"open","sticky":false,"template":"","format":"standard","meta":{"footnotes":""},"categories":[1593],"tags":[2049,1752,1002,2196,194,1010,1738,1998,2193,2200,2184,2199,2191,2195,2026,1666,1762,1336,2027,2198,2192,1599,1999,2194,2197,2190,2186],"jetpack_featured_media_url":"","_links":{"self":[{"href":"https:\/\/bassdu.mine.bz\/index.php?rest_route=\/wp\/v2\/posts\/4622"}],"collection":[{"href":"https:\/\/bassdu.mine.bz\/index.php?rest_route=\/wp\/v2\/posts"}],"about":[{"href":"https:\/\/bassdu.mine.bz\/index.php?rest_route=\/wp\/v2\/types\/post"}],"author":[{"embeddable":true,"href":"https:\/\/bassdu.mine.bz\/index.php?rest_route=\/wp\/v2\/users\/2"}],"replies":[{"embeddable":true,"href":"https:\/\/bassdu.mine.bz\/index.php?rest_route=%2Fwp%2Fv2%2Fcomments&post=4622"}],"version-history":[{"count":1,"href":"https:\/\/bassdu.mine.bz\/index.php?rest_route=\/wp\/v2\/posts\/4622\/revisions"}],"predecessor-version":[{"id":4623,"href":"https:\/\/bassdu.mine.bz\/index.php?rest_route=\/wp\/v2\/posts\/4622\/revisions\/4623"}],"wp:attachment":[{"href":"https:\/\/bassdu.mine.bz\/index.php?rest_route=%2Fwp%2Fv2%2Fmedia&parent=4622"}],"wp:term":[{"taxonomy":"category","embeddable":true,"href":"https:\/\/bassdu.mine.bz\/index.php?rest_route=%2Fwp%2Fv2%2Fcategories&post=4622"},{"taxonomy":"post_tag","embeddable":true,"href":"https:\/\/bassdu.mine.bz\/index.php?rest_route=%2Fwp%2Fv2%2Ftags&post=4622"}],"curies":[{"name":"wp","href":"https:\/\/api.w.org\/{rel}","templated":true}]}}