{"id":4790,"date":"2018-02-19T17:20:41","date_gmt":"2018-02-19T16:20:41","guid":{"rendered":"http:\/\/bassdu.mine.bz\/?p=4790"},"modified":"2018-02-19T17:24:35","modified_gmt":"2018-02-19T16:24:35","slug":"sociologia-14","status":"publish","type":"post","link":"https:\/\/bassdu.mine.bz\/?p=4790","title":{"rendered":"Sociologia (14)"},"content":{"rendered":"<p><strong>COPIII<br \/>\n<\/strong><br \/>\n&#8220;Trebuie s\u0103 sc\u0103p\u0103m de lumea r\u0103ului a <strong>Avraamismului<\/strong>. Aici se afl\u0103 <strong>m\u00e2ntuirea omenirii.<\/strong><br \/>\nJum\u0103tate din popula\u021bia lumii au fost supus\u0103 la <strong>Sp\u0103larea Creierului<\/strong> brutal\u0103 a Avraamismului. <strong>Noile Guverne Meritocratice Iluministe<\/strong> trebuie s\u0103 \u00eentrerup\u0103 sp\u0103larea creierului. <strong>P\u0103rin\u021bilor<\/strong> nu trebuie s\u0103 li se permit\u0103 s\u0103 otr\u0103veasc\u0103 <strong>Mintea Copiilor<\/strong> &#8211; aceasta este cea mai grav\u0103 form\u0103 de <strong>Abuz Asupra Copiilor<\/strong>, distrug\u00e2ndu-le mintea pentru via\u021b\u0103. Copiilor trebuie s\u0103 li se permit\u0103 s\u0103 aleag\u0103 liber <strong>Ideile<\/strong> care le vor modela <strong>Via\u021ba.<\/strong> Ei trebuie s\u0103 fie indivizi <strong>independen\u0163i<\/strong> &#8211; nu <strong>proprietatea<\/strong> sau <strong>p\u0103pu\u0219ile<\/strong> p\u0103rin\u021bilor lor. Scolile de Credin\u021b\u0103 trebuie eliminate. B\u0103m\u0103jelile papilor, preo\u021bilor, predicatorilor, pastorilor, rabinilor \u0219i imamilor trebuiesc oprite.<br \/>\nO singur\u0103 Idee va schimba Lumea, aceea de a se asigura c\u0103 Copiii sunt <strong>Scopuri<\/strong> \u00een sine \u0219i nu un <strong>Mijloc<\/strong> pentru un scop, c\u0103 sunt proteja\u021bi de sp\u0103larea creierului din orice direc\u021bie, c\u0103 au dreptul absolut uman s\u0103 li se permit\u0103 s\u0103 \u00ee\u0219i formeze <strong>Propriile Opinii<\/strong> \u00een func\u021bie de <strong>Propriile Valori, Caracter \u0219i Cuno\u0219tin\u021be.<\/strong><br \/>\nOrice guvern care va consacra acest <strong>Drept<\/strong>, va transforma lumea.<br \/>\n<strong>Sp\u0103larea Creierului Copiilor<\/strong> trebuie s\u0103 se \u00eencheie \u0219i, atunci c\u00e2nd se \u00eent\u00e2mpl\u0103, <strong>Avraamismul<\/strong> se va sf\u00e2r\u0219i. Singurul motiv pentru care supravie\u021buie\u015fte aceast\u0103 <strong>boal\u0103<\/strong> este c\u0103, la fel ca virusului cel mai virulent, \u00eei este permis s\u0103 perpetueze <strong>infectarea omenirii<\/strong>, genera\u021bie dup\u0103 genera\u021bie. P\u0103rin\u021bii sp\u0103la\u021bi pe creier, transmit sp\u0103larea creierului copiilor lor \u0219i tot a\u015fa mai departe. Acest ciclu mortal trebuie rupt o dat\u0103 pentru totdeauna. <strong>Statul<\/strong> are dreptul absolut de a lua cele mai puternice m\u0103suri posibile pentru a asigura sf\u00e2r\u0219itul sp\u0103l\u0103rii creierului oric\u0103rui <strong>cet\u0103\u021bean.<\/strong><br \/>\nNu poate exista nicio <strong>Libertate Uman\u0103 Real\u0103<\/strong> p\u00e2n\u0103 c\u00e2nd to\u021bi copiii nu vor putea s\u0103-\u0219i elaboreze propriile <strong>IDEI<\/strong> despre ceea ce este important pentru ei &#8221;<br \/>\n<a href=\"http:\/\/bassdu.mine.bz\/images\/2017\/12\/8_9.jpg\"><img loading=\"lazy\" decoding=\"async\" class=\"aligncenter wp-image-4391\" src=\"http:\/\/bassdu.mine.bz\/images\/2017\/12\/8_9.jpg\" alt=\"\" width=\"444\" height=\"255\" srcset=\"https:\/\/bassdu.mine.bz\/images\/2017\/12\/8_9.jpg 640w, https:\/\/bassdu.mine.bz\/images\/2017\/12\/8_9-300x172.jpg 300w\" sizes=\"(max-width: 444px) 100vw, 444px\" \/><\/a><\/p>\n","protected":false},"excerpt":{"rendered":"<p>COPIII &#8220;Trebuie s\u0103 sc\u0103p\u0103m de lumea r\u0103ului a Avraamismului. Aici se afl\u0103 m\u00e2ntuirea omenirii. Jum\u0103tate din popula\u021bia lumii au fost supus\u0103 la Sp\u0103larea Creierului brutal\u0103 a Avraamismului. Noile Guverne Meritocratice Iluministe trebuie s\u0103 \u00eentrerup\u0103 sp\u0103larea creierului. P\u0103rin\u021bilor nu trebuie s\u0103 li se permit\u0103 s\u0103 otr\u0103veasc\u0103 Mintea Copiilor &#8211; aceasta este cea mai grav\u0103 form\u0103 de [&hellip;]<\/p>\n","protected":false},"author":2,"featured_media":0,"comment_status":"open","ping_status":"open","sticky":false,"template":"","format":"standard","meta":{"footnotes":""},"categories":[1593],"tags":[2446,2118,2205,1002,1785,2445,44,1658,1748,1947,2444,277,520],"jetpack_featured_media_url":"","_links":{"self":[{"href":"https:\/\/bassdu.mine.bz\/index.php?rest_route=\/wp\/v2\/posts\/4790"}],"collection":[{"href":"https:\/\/bassdu.mine.bz\/index.php?rest_route=\/wp\/v2\/posts"}],"about":[{"href":"https:\/\/bassdu.mine.bz\/index.php?rest_route=\/wp\/v2\/types\/post"}],"author":[{"embeddable":true,"href":"https:\/\/bassdu.mine.bz\/index.php?rest_route=\/wp\/v2\/users\/2"}],"replies":[{"embeddable":true,"href":"https:\/\/bassdu.mine.bz\/index.php?rest_route=%2Fwp%2Fv2%2Fcomments&post=4790"}],"version-history":[{"count":3,"href":"https:\/\/bassdu.mine.bz\/index.php?rest_route=\/wp\/v2\/posts\/4790\/revisions"}],"predecessor-version":[{"id":4793,"href":"https:\/\/bassdu.mine.bz\/index.php?rest_route=\/wp\/v2\/posts\/4790\/revisions\/4793"}],"wp:attachment":[{"href":"https:\/\/bassdu.mine.bz\/index.php?rest_route=%2Fwp%2Fv2%2Fmedia&parent=4790"}],"wp:term":[{"taxonomy":"category","embeddable":true,"href":"https:\/\/bassdu.mine.bz\/index.php?rest_route=%2Fwp%2Fv2%2Fcategories&post=4790"},{"taxonomy":"post_tag","embeddable":true,"href":"https:\/\/bassdu.mine.bz\/index.php?rest_route=%2Fwp%2Fv2%2Ftags&post=4790"}],"curies":[{"name":"wp","href":"https:\/\/api.w.org\/{rel}","templated":true}]}}