{"id":4804,"date":"2018-03-05T18:28:07","date_gmt":"2018-03-05T17:28:07","guid":{"rendered":"http:\/\/bassdu.mine.bz\/?p=4804"},"modified":"2018-03-05T18:46:28","modified_gmt":"2018-03-05T17:46:28","slug":"masa-rotunda-la-chisinau-cu-tema-adevarul-despre-iluminism-si-illuminati","status":"publish","type":"post","link":"https:\/\/bassdu.mine.bz\/?p=4804","title":{"rendered":"Masa Rotund\u0103 la Chi\u015fin\u0103u cu tema : \u201eMeritocra\u0163ia Iluminist\u0103\u201d"},"content":{"rendered":"<p><strong>Chi\u015fin\u0103u &#8211; 04.04.2018<\/strong><\/p>\n<p>Prin amabilitate celor de la \u201eCuraj TV\u201d c\u0103rora le mul\u0163umim, iat\u0103 secven\u0163e de la Masa Rotund\u0103.<br \/>\nMul\u0163umim \u00een special lui Oleg Brega, libertarian convins dac\u0103 \u0163inem cont de opiniile sale, dar \u201eonest intelectual\u201d pentru a fi realizat \u015fi publicat reportajul. Este prima televiziune care ne d\u0103 spa\u0163iu \u015fi asta nu se uit\u0103.<\/p>\n<p><iframe loading=\"lazy\" src=\"https:\/\/www.youtube.com\/embed\/U8TteyY9E-A\" width=\"555\" height=\"312\" frameborder=\"0\" allowfullscreen=\"allowfullscreen\"><\/iframe><\/p>\n<p><iframe loading=\"lazy\" src=\"https:\/\/www.youtube.com\/embed\/5yuqXNtUEEo\" width=\"555\" height=\"312\" frameborder=\"0\" allowfullscreen=\"allowfullscreen\"><\/iframe><\/p>\n<p><iframe loading=\"lazy\" src=\"https:\/\/www.youtube.com\/embed\/BIStCpugLOU\" width=\"555\" height=\"312\" frameborder=\"0\" allowfullscreen=\"allowfullscreen\"><\/iframe><\/p>\n<p><iframe loading=\"lazy\" src=\"https:\/\/www.youtube.com\/embed\/VcHF3o8O_i8\" width=\"555\" height=\"312\" frameborder=\"0\" allowfullscreen=\"allowfullscreen\"><\/iframe><\/p>\n<p><a href=\"http:\/\/bassdu.mine.bz\/images\/2018\/03\/Afi\u015f-Chi\u015fin\u0103u.jpg\"><img loading=\"lazy\" decoding=\"async\" class=\"aligncenter wp-image-4808\" src=\"http:\/\/bassdu.mine.bz\/images\/2018\/03\/Afi\u015f-Chi\u015fin\u0103u.jpg\" alt=\"\" width=\"555\" height=\"763\" srcset=\"https:\/\/bassdu.mine.bz\/images\/2018\/03\/Afi\u015f-Chi\u015fin\u0103u.jpg 2979w, https:\/\/bassdu.mine.bz\/images\/2018\/03\/Afi\u015f-Chi\u015fin\u0103u-218x300.jpg 218w, https:\/\/bassdu.mine.bz\/images\/2018\/03\/Afi\u015f-Chi\u015fin\u0103u-768x1056.jpg 768w, https:\/\/bassdu.mine.bz\/images\/2018\/03\/Afi\u015f-Chi\u015fin\u0103u-745x1024.jpg 745w\" sizes=\"(max-width: 555px) 100vw, 555px\" \/><\/a><\/p>\n","protected":false},"excerpt":{"rendered":"<p>Chi\u015fin\u0103u &#8211; 04.04.2018 Prin amabilitate celor de la \u201eCuraj TV\u201d c\u0103rora le mul\u0163umim, iat\u0103 secven\u0163e de la Masa Rotund\u0103. Mul\u0163umim \u00een special lui Oleg Brega, libertarian convins dac\u0103 \u0163inem cont de opiniile sale, dar \u201eonest intelectual\u201d pentru a fi realizat \u015fi publicat reportajul. Este prima televiziune care ne d\u0103 spa\u0163iu \u015fi asta nu se uit\u0103.<\/p>\n","protected":false},"author":2,"featured_media":0,"comment_status":"open","ping_status":"open","sticky":false,"template":"","format":"standard","meta":{"footnotes":""},"categories":[1593],"tags":[380,1579,1596],"jetpack_featured_media_url":"","_links":{"self":[{"href":"https:\/\/bassdu.mine.bz\/index.php?rest_route=\/wp\/v2\/posts\/4804"}],"collection":[{"href":"https:\/\/bassdu.mine.bz\/index.php?rest_route=\/wp\/v2\/posts"}],"about":[{"href":"https:\/\/bassdu.mine.bz\/index.php?rest_route=\/wp\/v2\/types\/post"}],"author":[{"embeddable":true,"href":"https:\/\/bassdu.mine.bz\/index.php?rest_route=\/wp\/v2\/users\/2"}],"replies":[{"embeddable":true,"href":"https:\/\/bassdu.mine.bz\/index.php?rest_route=%2Fwp%2Fv2%2Fcomments&post=4804"}],"version-history":[{"count":4,"href":"https:\/\/bassdu.mine.bz\/index.php?rest_route=\/wp\/v2\/posts\/4804\/revisions"}],"predecessor-version":[{"id":4809,"href":"https:\/\/bassdu.mine.bz\/index.php?rest_route=\/wp\/v2\/posts\/4804\/revisions\/4809"}],"wp:attachment":[{"href":"https:\/\/bassdu.mine.bz\/index.php?rest_route=%2Fwp%2Fv2%2Fmedia&parent=4804"}],"wp:term":[{"taxonomy":"category","embeddable":true,"href":"https:\/\/bassdu.mine.bz\/index.php?rest_route=%2Fwp%2Fv2%2Fcategories&post=4804"},{"taxonomy":"post_tag","embeddable":true,"href":"https:\/\/bassdu.mine.bz\/index.php?rest_route=%2Fwp%2Fv2%2Ftags&post=4804"}],"curies":[{"name":"wp","href":"https:\/\/api.w.org\/{rel}","templated":true}]}}