{"id":4837,"date":"2018-03-17T17:06:15","date_gmt":"2018-03-17T16:06:15","guid":{"rendered":"http:\/\/bassdu.mine.bz\/?p=4837"},"modified":"2018-03-17T17:07:48","modified_gmt":"2018-03-17T16:07:48","slug":"hypatia-mare-maestra-illuminati","status":"publish","type":"post","link":"https:\/\/bassdu.mine.bz\/?p=4837","title":{"rendered":"HYPATIA &#8211; Mare Maestr\u0103 ILLUMINATI"},"content":{"rendered":"<p><strong>HYPATIA<\/strong> &#8211; Mare Maestr\u0103 ILLUMINATI&#8230; asasinat\u0103 de CRE(\u015e)TINI, c\u0103 a\u015fa sunt ei buni cu \u00ceN\u0162ELEP\u0162II&#8230; le-o impune YHWH, tot a\u015fa cum impunea \u015fi lui MARTIN LUTHER, care declara:<br \/>\n<span style=\"color: #800000;\"><strong>&#8220;RA\u0162IUNEA este curva diavolului&#8221;<\/strong><\/span><br \/>\nMartin Luther este &#8220;capul spiritual&#8221; al <strong>Albilor Protestan\u0163i Anglo-Saxoni (WASP)<\/strong>, care conduc azi Lumea.<br \/>\nReamintesc tuturor c\u0103 \u015fi \u00een <strong>Spa\u0163iul Mioritic<\/strong> &#8220;majoritatea democratic\u0103&#8221;, mult l\u0103rgit\u0103 azi inclusiv cu oameni de \u015ftiin\u0163\u0103, intelectuali, arti\u015fti, celebrit\u0103\u0163i, politicieni de<span class=\"text_exposed_show\">\u00a0st\u00e2nga, centru \u015fi dreapta \u015famd. continu\u0103 s\u0103-l adore pe YHWH!?!?<br \/>\nNu ne merit\u0103m oare <strong>EXTINC\u0162IA<\/strong>???<br \/>\nOMENIREA este mult mai aproape de STADIUL ANIMALIC \u015fi nu acesta \u00eei este MENIREA!<br \/>\n<span style=\"color: #800000;\"><strong>&#8220;Spune-mi cu cine te Aduni \u015fi-\u0163i spun Ce e\u015fti!&#8221;<\/strong><\/span><\/span><\/p>\n<p><iframe loading=\"lazy\" style=\"border: none; overflow: hidden;\" src=\"https:\/\/www.facebook.com\/plugins\/video.php?href=https%3A%2F%2Fwww.facebook.com%2FCodcastChannel%2Fvideos%2F1644823828932678%2F&amp;show_text=0&amp;width=476\" width=\"476\" height=\"476\" frameborder=\"0\" scrolling=\"no\" allowfullscreen=\"allowfullscreen\"><\/iframe><\/p>\n","protected":false},"excerpt":{"rendered":"<p>HYPATIA &#8211; Mare Maestr\u0103 ILLUMINATI&#8230; asasinat\u0103 de CRE(\u015e)TINI, c\u0103 a\u015fa sunt ei buni cu \u00ceN\u0162ELEP\u0162II&#8230; le-o impune YHWH, tot a\u015fa cum impunea \u015fi lui MARTIN LUTHER, care declara: &#8220;RA\u0162IUNEA este curva diavolului&#8221; Martin Luther este &#8220;capul spiritual&#8221; al Albilor Protestan\u0163i Anglo-Saxoni (WASP), care conduc azi Lumea. Reamintesc tuturor c\u0103 \u015fi \u00een Spa\u0163iul Mioritic &#8220;majoritatea democratic\u0103&#8221;, [&hellip;]<\/p>\n","protected":false},"author":2,"featured_media":0,"comment_status":"open","ping_status":"open","sticky":false,"template":"","format":"standard","meta":{"footnotes":""},"categories":[1593],"tags":[1458,2494,2432,2430,1579,1648,2493,2185],"jetpack_featured_media_url":"","_links":{"self":[{"href":"https:\/\/bassdu.mine.bz\/index.php?rest_route=\/wp\/v2\/posts\/4837"}],"collection":[{"href":"https:\/\/bassdu.mine.bz\/index.php?rest_route=\/wp\/v2\/posts"}],"about":[{"href":"https:\/\/bassdu.mine.bz\/index.php?rest_route=\/wp\/v2\/types\/post"}],"author":[{"embeddable":true,"href":"https:\/\/bassdu.mine.bz\/index.php?rest_route=\/wp\/v2\/users\/2"}],"replies":[{"embeddable":true,"href":"https:\/\/bassdu.mine.bz\/index.php?rest_route=%2Fwp%2Fv2%2Fcomments&post=4837"}],"version-history":[{"count":3,"href":"https:\/\/bassdu.mine.bz\/index.php?rest_route=\/wp\/v2\/posts\/4837\/revisions"}],"predecessor-version":[{"id":4840,"href":"https:\/\/bassdu.mine.bz\/index.php?rest_route=\/wp\/v2\/posts\/4837\/revisions\/4840"}],"wp:attachment":[{"href":"https:\/\/bassdu.mine.bz\/index.php?rest_route=%2Fwp%2Fv2%2Fmedia&parent=4837"}],"wp:term":[{"taxonomy":"category","embeddable":true,"href":"https:\/\/bassdu.mine.bz\/index.php?rest_route=%2Fwp%2Fv2%2Fcategories&post=4837"},{"taxonomy":"post_tag","embeddable":true,"href":"https:\/\/bassdu.mine.bz\/index.php?rest_route=%2Fwp%2Fv2%2Ftags&post=4837"}],"curies":[{"name":"wp","href":"https:\/\/api.w.org\/{rel}","templated":true}]}}