{"id":4870,"date":"2018-06-03T22:53:05","date_gmt":"2018-06-03T21:53:05","guid":{"rendered":"http:\/\/bassdu.mine.bz\/?p=4870"},"modified":"2018-06-03T23:02:13","modified_gmt":"2018-06-03T22:02:13","slug":"informare-politica-asupra-situatiei-din-italia","status":"publish","type":"post","link":"https:\/\/bassdu.mine.bz\/?p=4870","title":{"rendered":"INFORMARE POLITIC\u0102 ASUPRA SITUA\u0162IEI DIN ITALIA"},"content":{"rendered":"<p>Unii pot fi nedumeri\u0163i de oportunitatea acestei post\u0103ri, dar poate ei nu \u00een\u0163eleg c\u0103 e foarte probabil ca \u201eatunci c\u00e2nd un fluture bate din aripi la Roma, (\u015fi) la Bucure\u015fti s\u0103 se st\u00e2rneasc\u0103 Furtuna\u201d!?<br \/>\nLa Roma s-a \u00eensc\u0103unat un guvern \u201epopulist\u201d (dup\u0103 opinia St\u00e2ngii \u015fi a Dreptei Liberiste-Europeiste-Globaliste-Multiculturaliste).<br \/>\nCeea ce este paradoxal, este c\u0103 acuza\u0163ia de \u201epopulism\u201d este opera celor care promoveaz\u0103 Democra\u0163ia Reprezentativ\u0103, \u00een vreme ce Mi\u015fcarea 5 Stele de exemplu, promoveaz\u0103 Democra\u0163ia Direct\u0103, unde \u201efiecare contribuie conform propriilor Competen\u0163e\u201d, fiind foarte aproape de concep\u0163ia Meritocratic\u0103.<br \/>\nMI\u015eCAREA DACIA este categoric de St\u00e2nga (o adev\u0103rat\u0103 St\u00e2ng\u0103 Iacobin\u0103) \u015fi deplor\u0103 DEMOCRA\u0162IA, deci ar trebui s\u0103 fie CONTRAR\u0102 acestei \u201ecotituri\u201d determinate de \u201emajoritatea democratic\u0103\u201d. Cu toate astea, elimin\u00e2nd \u201ereziduurile\u201d inerente, se poate face o SINTEZ\u0102 DIALECTIC\u0102 SUPERIOAR\u0102, admi\u0163\u00e2nd c\u0103 aceast\u0103 situa\u0163ie este un \u201epas \u00eenainte c\u0103tre Meritocra\u0163ia Iluminist\u0103\u201d, dup\u0103 cum voi argumenta \u00een continuare.<br \/>\nEste evident c\u0103 EUROPA este \u00een \u201efierbere\u201d \u015fi se apropie de \u201eevaporare\u201d: dup\u0103 Grecia, Brexit, \u201epopuli\u015ftii\u201d austrieci, maghiari, polonezi, cehi, slovaci, iat\u0103 c\u0103 \u015fi Italia se al\u0103tur\u0103 \u201eCorului Anti-Europa-A\u015fa-Cum-E\u201d. Rom\u00e2nia nu intr\u0103 \u00een discu\u0163ie (deocamdat\u0103) deoarece este o COLONIE A BRUXELESS-ului, deci e \u201ecuminte \u015fi ascult\u0103toare\u201d: tefeleii defileaz\u0103 cu steagul UE care-\u015fi trimite \u015fi sus\u0163ine \u201eopozitorii liberal-liberticizi\u201d; pesedeii nu ies din r\u00e2ndurile TurboCapitalismului c\u0103 sunt ignoran\u0163i \u015fi c\u0103c\u0103cio\u015fi; b\u0103ncile europene fac afaceri de aur, p\u0103durile, petrolul, gazul \u015fi celelalte Resurse sunt transferate \u201eafar\u0103\u201d f\u0103r\u0103 probleme; Consum\u0103m mai mult dec\u00e2t Producem (deci facem DATORII mai mult dec\u00e2t \u00een \u00eentreaga Istorie); Diaspora este tot mai numeroas\u0103 f\u0103c\u00e2nd pe plac Oligarhiei Europene care are astfel SCLAVI SUB-PL\u0102TI\u0162I din abunden\u0163\u0103, \u00een vreme ce Rom\u00e2nia se gole\u015fte de Competen\u0163e preg\u0103tite din banii no\u015ftri, nu din ai lor, fiind deja \u00een mare Criz\u0103 de Personal Calificat; ONG-urile Soro\u015fiste sunt pe val; \u201epulimea \u015fi pizdimea\u201d cump\u0103r\u0103 BMW-uri pr\u0103jite \u00een Occident \u015fi se cac\u0103 \u00een fundul cur\u0163ii; (In)telectualitatea st\u0103 \u00een SUV-uri \u00een coad\u0103 pe Valea Prahovei \u015fi aglomereaz\u0103 Vama mizerabil\u0103 (\u00een cazul c\u0103 nu-\u015fi petrec concediile \u00een Alpi, Grecia, Turcia, sau&#8230; Porto Rico); \u015famd.<br \/>\nTurboCapitali\u015ftii Liberali de la Bruxelles \u015fi Wall Street au \u00eencercat din r\u0103sputeri s\u0103 \u00eempiedice instalarea \u00een Italia a unui guvern sus\u0163inut democratic cu peste 51% de voturi pe motiv de POPULISM, inten\u0163ion\u00e2nd s\u0103 instaleze un \u201eguvern tehnic\u201d care s\u0103 \u0163in\u0103 cont exclusiv de Agenda Kalergian\u0103 Multiculturalist\u0103 (vezi Planul Kalergi) \u015fi de Interesele Banksterilor Globali\u015fti. \u00censu\u015fi Pre\u015fedintele Italiei a \u00eencercat s\u0103 pun\u0103 \u201epiedic\u0103\u201d, dar la amenin\u0163area Pie\u0163ei \u015fi a Impeachment-ului predicat imediat de \u201eMi\u015fcarea 5 Stele\u201d, a trebuit s\u0103 renun\u0163e. Fostul partid de guvern \u2013 Partidul Democrat, partid \u201ecuminte \u015fi ascult\u0103tor\u201d, a f\u0103cut cu tot dinadinsul o Lege Electoral\u0103 care s\u0103 garanteze&#8230; NEGUVERNABILITATEA, deci instalarea unui Guvern Tehnic. Mi\u015fcarea 5 Stele \u015fi Lega le-a stricat Planul, ca s\u0103 nu mai vorbim de poporul italian care le-a \u00eenjum\u0103t\u0103\u0163it consensul, \u00een ciuda unei Campanii Electorale MANIPULATOARE la extrem. Sub guvernarea PD, Italia \u015fi prin ea Europa, era la dispozi\u0163ia NEGUSTORILOR DE SCLAVI MULTICULTURALI\u015eTI (care Cultur\u0103? Islamul?), adic\u0103 a MAFIEI \u015fi ONG-urilor Soro\u015fisto-Kalergiene ce se ocupau de \u201eAfacere\u201d. Pe de alt\u0103 parte, PD garanta Banksterilor prin politica sa financiar\u0103 \u00censu\u015firea Profiturilor \u015fi Socializarea Pierderilor. Perora con\u015ftiincios Abera\u0163ii precum Cre\u015fterea, Consumerismul, Europeismul, Multiculturalismul, \u201eLibert\u0103\u0163ile Civile\u201d (Islamizare???), Globalismul \u015fi lovea f\u0103r\u0103 a \u0163ine cont c\u0103 era prin defini\u0163ie de St\u00e2nga, tocmai Clasa Neprivilegiat\u0103 a S\u0103racilor ale c\u0103rei interese ar fi trebuit s\u0103 le reprezinte!?<br \/>\nPentru cei NeInforma\u0163i, sau mai degrab\u0103 DezInforma\u0163i de Organele Mediatice Rom\u00e2ne\u015fti, noul guvern italian este sus\u0163inut de dou\u0103 for\u0163e politice care au avut cele mai multe voturi la alegerile din 4 Martie, dar care au orient\u0103ri ideologice diferite: Mi\u015fcarea 5 Stele \u015fi Lega. Acestea au decis s\u0103 \u00eencheie un CONTRACT DE GUVERNARE care s\u0103 cuprind\u0103 OBIECTIVELE COMUNE de actualizat, \u00een contextul unei Crize Profunde \u00een care Italia se afl\u0103 de peste 25 de ani \u015fi care a declasat-o de la pozi\u0163ia de A Cincea Putere Economic\u0103 Mondial\u0103, la pozi\u0163ia de \u0162ar\u0103 Problematic\u0103.<br \/>\nMOTIVELE acestei DECLAS\u0102RI au devenit clare pentru Mi\u015fcarea 5 Stele \u015fi Lega, chiar dac\u0103 numai par\u0163ial. Aceste CAUZE sunt contemplate de Contractul de Guvernare care prevede \u00een linii mari:<br \/>\n&#8211; Reducerea Inechit\u0103\u0163ii \u00een Redistribuirea Resurselor \u00een special, dar nu numai, prin Venitul Minim Garantat.<br \/>\n&#8211; \u00cent\u0103rirea Suveranit\u0103\u0163ii Na\u0163ionale \u015fi a Statului, deoarece cedarea primei \u015fi sl\u0103birea celui de-al doilea, a adus Italia \u00een grava situa\u0163ie de azi.<br \/>\n&#8211; Reducerea influen\u0163ei Banksterilor asupra Economiei.<br \/>\n&#8211; Reducerea influen\u0163ei Economicului asupra Politicii.<br \/>\n&#8211; Reducerea influen\u0163ei Mass Media asupra Politicii.<br \/>\n&#8211; Reducerea Privilegiilor \u00een toate formele sale.<br \/>\n&#8211; Contracararea \u201eDictaturii UE\u201d materializat\u0103 \u00een special de Germania \u015fi \u00eentr-o m\u0103sur\u0103 minor\u0103 de Fran\u0163a, prin \u201eRediscutarea Regulilor \u015fi Normelor UE \u015fi Euro\u201d<br \/>\n&#8211; Oprirea Invaziei Migratorii Necontrolate. Italia \u015fi deci \u015fi Europa, nu pot g\u0103zdui toat\u0103 Africa f\u0103r\u0103 pericolul DEZNA\u0162IONALIZ\u0102RII \u015fi a NIVEL\u0102RII CULTURALE \u201e\u00ceN JOS\u201d. Africa trebuie ajutat\u0103, a\u015fa cum sus\u0163ine \u015fi Mi\u015fcarea Dacia, dar ACAS\u0102 LA EA, deoarece nu poate fi ignorat\u0103 RESPONSABILITATEA FOSTELOR STATE COLONIALE.<br \/>\n&#8211; Oprirea activit\u0103\u0163ilor ONG-urilor care au devenit C\u0102R\u0102U\u015eI\/TRAFICAN\u0162I de migran\u0163i economici africani (de cele mai multe ori sud-saharieni!?). Nave \u201eumanitare\u201d sub pavilion german, spaniol, francez, norvegian \u015fa. debarc\u0103 migran\u0163ii \u00een \u201eprimul port sigur\u201d, care se afl\u0103 evident \u00een&#8230; Italia, deoarece Malta, Tunisia, Egiptul \u015fi celelalte \u0163\u0103ri mediteraneene nu sunt considerate astfel, \u00een mod arbitrar. Aceast\u0103 situa\u0163ie a determinat de fapt \u015fi ascensiunea exponen\u0163ial\u0103 a sufragiilor Ligii, care se \u00eencadreaz\u0103 totu\u015fi \u00een Dreapta italian\u0103 capitalist\u0103 \u015fi xenofob\u0103. Este foarte important\u0103 \u00een acest context prezen\u0163a moderatoare a Mi\u015fc\u0103rii 5 Stele la guvernare, pentru evitarea \u201eexceselor\u201d.<br \/>\n&#8211; Deschiderea c\u0103tre Rusia, deoarece Embargoul impus de alia\u0163i a d\u0103unat grav Economiei Italiene.<br \/>\n&#8211; M\u0103suri \u00eempotriva Delocaliz\u0103rilor intreprinderilor \u00een \u201eparadisuri economice\u201d cu manoper\u0103 ieftin\u0103 (m\u0103suri Anti-Globalizare).<br \/>\n&#8211; \u015famd.<br \/>\nDesigur este prematur s\u0103 fim optimi\u015fti, mai ales c\u0103 Mi\u015fcarea Dacia are o viziune mult mai profund\u0103, dar nu e lipsit de semnifica\u0163ii c\u0103 diver\u015fi lideri ai Mi\u015fc\u0103rii 5 Stele pomenesc tot mai frecvent un concept nou: MERITOCRA\u0162IA. Nu au \u00een vedere \u00eenc\u0103 MERITOCRA\u0162IA ILUMINIST\u0102, dar eu am sus\u0163inut \u201ede la \u00eenceputuri\u201d c\u0103 Beppe Grillo, fondatorul Mi\u015fc\u0103rii 5 Stele, \u201ea \u00eenceput ceva, ce se va transforma \u00een altceva\u201d. Aceasta este o concluzie Ra\u0163ional\u0103, sus\u0163inut\u0103 de Dialectic\u0103, deoarece c\u00e2nd \u201enodurile vor ajunge la pieptene\u201d, se vor identifica cu mai mult\u0103 claritate CAUZELE \u015fi vor trebui g\u0103site RESURSELE, care se g\u0103sesc acolo unde cu to\u0163ii vor descoperi ca prin farmec, adic\u0103 la&#8230; PRIVILEGIA\u0162I. Atunci se va declan\u015fa Adev\u0103rata Revolu\u0163ie Iluminist\u0103.<br \/>\nLega va constitui desigur un obstacol pe Calea Reform\u0103rii dac\u0103 nu se va \u201ealinia\u201d pe parcurs, dar \u201etot r\u0103ul este spre bine\u201d, deoarece \u00een cele din urm\u0103 \u201eapele se vor limpezi\u201d, ca dup\u0103 orice Tulburare.<\/p>\n","protected":false},"excerpt":{"rendered":"<p>Unii pot fi nedumeri\u0163i de oportunitatea acestei post\u0103ri, dar poate ei nu \u00een\u0163eleg c\u0103 e foarte probabil ca \u201eatunci c\u00e2nd un fluture bate din aripi la Roma, (\u015fi) la Bucure\u015fti s\u0103 se st\u00e2rneasc\u0103 Furtuna\u201d!? La Roma s-a \u00eensc\u0103unat un guvern \u201epopulist\u201d (dup\u0103 opinia St\u00e2ngii \u015fi a Dreptei Liberiste-Europeiste-Globaliste-Multiculturaliste). Ceea ce este paradoxal, este c\u0103 acuza\u0163ia [&hellip;]<\/p>\n","protected":false},"author":2,"featured_media":0,"comment_status":"open","ping_status":"open","sticky":false,"template":"","format":"standard","meta":{"footnotes":""},"categories":[1593],"tags":[2523,209,767,1596,11,1653,2522,1336,290,210,1627,480,1547,1599,41,52],"jetpack_featured_media_url":"","_links":{"self":[{"href":"https:\/\/bassdu.mine.bz\/index.php?rest_route=\/wp\/v2\/posts\/4870"}],"collection":[{"href":"https:\/\/bassdu.mine.bz\/index.php?rest_route=\/wp\/v2\/posts"}],"about":[{"href":"https:\/\/bassdu.mine.bz\/index.php?rest_route=\/wp\/v2\/types\/post"}],"author":[{"embeddable":true,"href":"https:\/\/bassdu.mine.bz\/index.php?rest_route=\/wp\/v2\/users\/2"}],"replies":[{"embeddable":true,"href":"https:\/\/bassdu.mine.bz\/index.php?rest_route=%2Fwp%2Fv2%2Fcomments&post=4870"}],"version-history":[{"count":3,"href":"https:\/\/bassdu.mine.bz\/index.php?rest_route=\/wp\/v2\/posts\/4870\/revisions"}],"predecessor-version":[{"id":4873,"href":"https:\/\/bassdu.mine.bz\/index.php?rest_route=\/wp\/v2\/posts\/4870\/revisions\/4873"}],"wp:attachment":[{"href":"https:\/\/bassdu.mine.bz\/index.php?rest_route=%2Fwp%2Fv2%2Fmedia&parent=4870"}],"wp:term":[{"taxonomy":"category","embeddable":true,"href":"https:\/\/bassdu.mine.bz\/index.php?rest_route=%2Fwp%2Fv2%2Fcategories&post=4870"},{"taxonomy":"post_tag","embeddable":true,"href":"https:\/\/bassdu.mine.bz\/index.php?rest_route=%2Fwp%2Fv2%2Ftags&post=4870"}],"curies":[{"name":"wp","href":"https:\/\/api.w.org\/{rel}","templated":true}]}}