{"id":4954,"date":"2018-08-30T05:24:55","date_gmt":"2018-08-30T04:24:55","guid":{"rendered":"http:\/\/bassdu.mine.bz\/?p=4954"},"modified":"2018-08-30T07:44:25","modified_gmt":"2018-08-30T06:44:25","slug":"un-spectru-bantuie-crestinismul","status":"publish","type":"post","link":"https:\/\/bassdu.mine.bz\/?p=4954","title":{"rendered":"Un Spectru b\u00e2ntuie Cre\u015ftinismul"},"content":{"rendered":"<p><a href=\"http:\/\/bassdu.mine.bz\/images\/2018\/08\/safe_image.jpeg\"><img loading=\"lazy\" decoding=\"async\" class=\"aligncenter wp-image-4955 size-full\" src=\"http:\/\/bassdu.mine.bz\/images\/2018\/08\/safe_image.jpeg\" alt=\"\" width=\"540\" height=\"281\" srcset=\"https:\/\/bassdu.mine.bz\/images\/2018\/08\/safe_image.jpeg 540w, https:\/\/bassdu.mine.bz\/images\/2018\/08\/safe_image-300x156.jpeg 300w\" sizes=\"(max-width: 540px) 100vw, 540px\" \/><\/a><\/p>\n<p>\u201eAcum dou\u0103 mii de ani, cre\u0219tinismul a sem\u0103nat semin\u021bele propriei sale dec\u0103deri. Printr-o sintez\u0103 abject\u0103 a Mitraismului \u0219i Iudaismului, Paul din Tarsus a introdus lumea p\u0103g\u00e2n\u0103 \u00een religia lui Isus Hristos. De\u0219i este evreu prin na\u0219tere, este pu\u021bin cunoscut faptul c\u0103 Paul era un mare preot al cultului misterios al lui Mithras. El a f\u0103cut cu povestea mor\u021bii lui Hristos o paralel\u0103 cu mitologia p\u0103g\u00e2n\u0103 a zeului roman Mithras, Pavel a urm\u0103rit convertirea Imperiului Roman p\u0103g\u00e2n la \u00eenv\u0103\u021b\u0103turile lui Hristos. Cu toate acestea, un om \u0219i converti\u021bii s\u0103i nu se potriveau cu tradi\u021biile populare \u00eenr\u0103d\u0103cinate ale lumii antice.<\/p>\n<p>A fost nevoie de o alt\u0103 tragedie politic\u0103 insidioas\u0103 a \u00eemp\u0103ratului Constantin, de a tolera \u0219i de a promova credin\u021ba \u00een devenire, schimb\u00e2nd cursul istoriei \u0219i oprind ra\u021biunea \u0219i progresul p\u00e2n\u0103 \u00een secolul 17 al Ilumin\u0103rii: \u00cen 313 d.Hr., Constantin a emis Edictul de la Milano, dezincrimin\u00e2nd \u00eenchinarea cre\u0219tin\u0103. P\u00e2n\u0103 \u00een acel moment, cre\u0219tinii erau aproape universal ura\u021bi, persecuta\u021bi \u0219i chiar uci\u0219i \u00een spectacole s\u00e2ngeroase \u00een arene. Dac\u0103 nu ar fi fost pentru Constantin, cre\u0219tinismul ar fi disp\u0103rut ca un grup bizar de fra\u021bi evrei \u0219i am fi fost cru\u021ba\u021bi de consecin\u021bele \u00eengrozitoare ale acestei religii satanice. Mi\u0219carea politic\u0103 a lui Constantin a deschis calea pentru trecerea Edictului de la Tesalonic \u00een 380 AD, cre\u0219tinismul devenind religia oficial\u0103 a Imperiului Roman.<\/p>\n<p>Politica aparte, nimic nu ar fi fost posibil f\u0103r\u0103 Paul de Tarsus. Paul, fiind un p\u0103g\u00e2n cea mai mare parte a vie\u021bii sale, a fost \u00een mod evident \u00eenfr\u00e2nt \u00een tradi\u021biile p\u0103g\u00e2ne ale lumii antice. Aceste tradi\u021bii p\u0103g\u00e2ne dateaz\u0103 din epoca neolitic\u0103 \u0219i dincolo de ea, astfel \u00eenc\u00e2t acestea erau \u00een mod natural extrem de \u00eenr\u0103d\u0103cinate \u00een mintea colectiv\u0103 a anticilor. Pentru ca aceast\u0103 nou\u0103 religie s\u0103 supravie\u021buiasc\u0103, a trebuit s\u0103 apeleze la aceste tradi\u021bii vechi. Trebuia s\u0103 fie c\u00e2t mai pu\u021bin amenin\u021bat\u0103 posibil; opozi\u021bia p\u0103g\u00e2n\u0103, mai degrab\u0103 dec\u00e2t s\u0103 fie nimicit\u0103, trebuia s\u0103 fie \u00eencorporat\u0103 \u00een cre\u0219tinism. Odat\u0103 ce cre\u0219tinismul a c\u00e2\u0219tigat o pozi\u021bie politic\u0103 \u0219i \u0219i-a sporit vizibilitatea, s-a \u00eenceput suprimarea \u0219i m\u0103cel\u0103rirea sistematic\u0103 a tuturor grup\u0103rilor eretice.<\/p>\n<p>Aceast\u0103 sintez\u0103 nou\u0103 a p\u0103g\u00e2nismului \u0219i avraamismului poate fi rezumat\u0103 \u00een cuvintele filozofului evreu din secolul al doilea, Aristobulus din Alexandria:<\/p>\n<p>&#8220;Ce este Platon, dac\u0103 nu Moise vorbind grece\u015fte?&#8221;<\/p>\n<p>Aristobul a promovat teoria fals\u0103 \u0219i istoric\u0103 gre\u0219it\u0103 cum c\u0103 Platon \u0219i marii g\u00e2nditori p\u0103g\u00e2ni \u0219i-au str\u00e2ns \u00een\u021belepciunea de la &#8220;\u00een\u021belep\u021bii&#8221; evrei. Ar putea fi ceva mai ridicol dec\u00e2t acea afirma\u021bie? \u00cen timp ce Moise vorbea cu tufi\u0219uri \u0219i se r\u0103zboia cu vi\u021beii de aur, g\u00e2nditorii greci p\u0103g\u00e2ni, precum Platon, se g\u00e2ndeau la cosmologie, ontologie \u0219i epistemologie. Este ridicol, dar acest tip de g\u00e2ndire a dominat dialogul intelectual prin Evul Mediu p\u00e2n\u0103 la Iluminism.<\/p>\n<p>Incorporarea religiei \u0219i filosofiei p\u0103g\u00e2ne \u00een cre\u0219tinism a fost o strategie de succes pe termen scurt pentru religia \u00een devenire, totu\u0219i tot ce a f\u0103cut a fost s\u0103 c\u00e2\u015ftige timp p\u00e2n\u0103 \u00een ziua \u00een care cele dou\u0103 spirite opuse, avraamice \u0219i p\u0103g\u00e2ne, se vor desp\u0103r\u021bi din nou, P\u0103g\u00e2nismul \u0219i Avraamismul sunt literalmente noapte \u0219i zi, iar tensiunea interioar\u0103 dintre aceste dou\u0103 ideologii diametral opuse va garanta c\u0103derea ulterioar\u0103 a cre\u0219tinismului.<\/p>\n<p>\u00cen primul r\u00e2nd, P\u0103g\u00e2nismului este s\u0103m\u00e2n\u021ba Logosului. Av\u00e2nd \u00een vedere condi\u021biile corecte, cum ar fi cele din Grecia antic\u0103, Logosul va \u00eenflori \u00een mod inevitabil. Filosofia \u0219i \u015etiin\u021ba din Grecia antic\u0103 (pe care cre\u0219tinii le-au exploatat pentru credibilitatea intelectual\u0103) a fost o consecin\u0163\u0103 direct\u0103 a tradi\u021biilor lor p\u0103g\u00e2ne de lung\u0103 durat\u0103. Toate vederile filosofice, matematice \u0219i \u0219tiin\u021bifice str\u0103lucitoare ale grecilor au fost posibile deoarece au fost cultivate \u00een matricea Misterelor vechilor zei \u0219i zei\u021be. Ace\u0219ti mari g\u00e2nditori au considerat munca lor ca fiind inspirat\u0103 din exegeza povestilor \u0219i fabulelor zeilor. Nu a fost o coinciden\u021b\u0103.<\/p>\n<p>Avraamismul, pe de alt\u0103 parte, nu are s\u0103m\u00e2n\u021ba Logosului. Pove\u0219tile \u0219i miturile evreilor sunt goale \u0219i inerte, ar\u0103t\u00e2nd tot ce este \u00een neregul\u0103 cu specia uman\u0103. Ele nu reflect\u0103 dec\u00e2t Arhetipurile l\u0103comiei \u0219i puterii, narcisismul \u0219i vanitatea, patriarhia \u0219i conservatorismul. Nimic din acest aranjament de tr\u0103s\u0103turi nu poate duce vreodat\u0103 la na\u0219terea Logosului. Tot ceea ce face este s\u0103 favorizeze cele mai rele tr\u0103s\u0103turi ale umanit\u0103\u021bii, \u00een loc s\u0103 o \u00eencurajeze s\u0103 fie c\u00e2t mai bun\u0103 \u0219i s\u0103 ajung\u0103 la \u00een\u0103l\u021bimi tot mai mari.<\/p>\n<p>Istoria avans\u0103rii Cunoa\u0219terii \u00een Occident dup\u0103 apari\u021bia cre\u0219tinismului se refer\u0103 la tensiunea dintre Logosul Greciei antice \u0219i Miturile Avraamice. Sau, putem spune tensiunea dintre corpusul \u0219tiin\u021bific \u0219i filozofic al Greciei antice \u0219i &#8220;Cuv\u00e2ntul sf\u00e2nt al lui Dumnezeu&#8221; din Biblie. Datorit\u0103 acestor dou\u0103 contradic\u021bii dialectice acute, au existat perioade de timp \u00een care nu s-au f\u0103cut progrese \u00een domeniul Cunoa\u0219terii \u0219i al \u015etiin\u021bei. Atunci c\u00e2nd Cunoa\u0219terea a \u00eencetinit pe o scurt\u0103 durat\u0103, dominau tr\u0103s\u0103turile avraamice ale conservatorismului dogmatic \u0219i ale literalismului strict biblic.<\/p>\n<p>Ideile noi au fost privite cu suspiciune ca fiind eretice fa\u021b\u0103 de doctrina bisericii. Pe de alt\u0103 parte, au existat perioade \u00een care s-au f\u0103cut progrese. Atunci c\u00e2nd Cunoa\u0219terea avansa, aceasta se datora unui rege mai bland sau unui pap\u0103, sau aceast\u0103 cunoa\u0219tere a fost l\u0103sat\u0103 s\u0103 se dezvolte departe de ochii curio\u0219i ai bisericii. Aceast\u0103 tensiune a atins un punct de rupere \u00een timpul revolu\u021biei \u0219tiin\u021bifice. Spiritul Logos al lumii p\u0103g\u00e2ne a reap\u0103rut din nou triumf\u0103tor; \u00eens\u0103 de data aceasta, Logosul a dat o lovitur\u0103 crunt\u0103 concep\u021biei avraamice a cosmosului. Descoperirea modelului heliocentric de c\u0103tre Copernic a demonstrat definitiv c\u0103 Biblia nu era un document \u0219tiin\u021bific serios. Putem sus\u021bine c\u0103 avraamismul a murit oficial \u00een aceast\u0103 perioad\u0103, dar a r\u0103mas \u00een\u0163epenit de atunci, ca un zombie care b\u00e2ntuie lumea noastr\u0103. Cre\u0219tinismul a fost \u00eentotdeauna definit \u0219i a c\u00e2\u0219tigat credibilitatea intelectual\u0103 prin \u00eencorporarea Religiei, Filosofiei \u0219i \u015etiin\u021bei p\u0103g\u00e2ne, \u0219i f\u0103r\u0103 ele (a\u0219a cum pute\u021bi vedea \u00een toate sectele protestante abominabile) nu este redus la nimic mai mult dec\u00e2t cvasi-iudaismul destinat a fi co\u0219ul de gunoi al multor religii uitate. Deci, Logosul s-a eliberat din ghearele Cre\u0219tinismului \u0219i a evoluat continuu, a\u0219a cum va fi \u00eentotdeauna. Dup\u0103 cum se spune, pas\u0103rea din cu\u0219c\u0103 trebuie s\u0103 zboare. Avraamismul, pe de alt\u0103 parte, va fi mereu blocat \u00een trecut f\u0103r\u0103 putin\u0163\u0103 de a se desprinde. Unul dore\u015fte s\u0103 ne ridice spre stele, \u00een timp ce cel\u0103lalt vrea s\u0103 ne \u021bin\u0103 lega\u021bi de p\u0103m\u00e2nt. Nu e dec\u00e2t o chestiune de timp ca inevitabilul s\u0103 se produc\u0103. Dac\u0103 cre\u0219tinismul supravie\u021buie\u0219te p\u00e2n\u0103 \u00een ziua de azi, \u00een ciuda faptului c\u0103 se \u00eenmul\u021besc dovezile \u00eempotriva sa, e numai pentru c\u0103 \u201etr\u0103ie\u0219te\u201d \u00een imagina\u021bia oamenilor care nu percep Realitatea. Dac\u0103 un spectru p\u0103g\u00e2n a b\u00e2ntuit cre\u0219tinismul, cre\u0219tinismul este acum un spectru care b\u00e2ntuie lumea. Dar Logos va c\u00e2\u0219tiga \u00eentotdeauna \u00een cele din urm\u0103. Este punctul final inevitabil al mar\u0219ului ne\u00eencetat al Spiritului Mondial fa\u021b\u0103 de auto-actualizare. Chiar dac\u0103 umbrele \u00centunericului ne \u00eenconjoar\u0103, victoria Luminii este sigur\u0103 deoarece suntem de partea Logosului. Voi de care parte sunte\u021bi?\u201d<\/p>\n<p>by Apollonius<br \/>\n<a href=\"https:\/\/hyperiansource.com\/a-spectre-is-haunting-christianity\/\">https:\/\/hyperiansource.com\/a-spectre-is-haunting-christianity\/\u00a0<\/a><\/p>\n","protected":false},"excerpt":{"rendered":"<p>\u201eAcum dou\u0103 mii de ani, cre\u0219tinismul a sem\u0103nat semin\u021bele propriei sale dec\u0103deri. Printr-o sintez\u0103 abject\u0103 a Mitraismului \u0219i Iudaismului, Paul din Tarsus a introdus lumea p\u0103g\u00e2n\u0103 \u00een religia lui Isus Hristos. De\u0219i este evreu prin na\u0219tere, este pu\u021bin cunoscut faptul c\u0103 Paul era un mare preot al cultului misterios al lui Mithras. El a f\u0103cut [&hellip;]<\/p>\n","protected":false},"author":2,"featured_media":0,"comment_status":"open","ping_status":"open","sticky":false,"template":"","format":"standard","meta":{"footnotes":""},"categories":[1593],"tags":[284,194,2200,1666,1762,2626,2623,1448,2624,2625,1377,167],"jetpack_featured_media_url":"","_links":{"self":[{"href":"https:\/\/bassdu.mine.bz\/index.php?rest_route=\/wp\/v2\/posts\/4954"}],"collection":[{"href":"https:\/\/bassdu.mine.bz\/index.php?rest_route=\/wp\/v2\/posts"}],"about":[{"href":"https:\/\/bassdu.mine.bz\/index.php?rest_route=\/wp\/v2\/types\/post"}],"author":[{"embeddable":true,"href":"https:\/\/bassdu.mine.bz\/index.php?rest_route=\/wp\/v2\/users\/2"}],"replies":[{"embeddable":true,"href":"https:\/\/bassdu.mine.bz\/index.php?rest_route=%2Fwp%2Fv2%2Fcomments&post=4954"}],"version-history":[{"count":4,"href":"https:\/\/bassdu.mine.bz\/index.php?rest_route=\/wp\/v2\/posts\/4954\/revisions"}],"predecessor-version":[{"id":4959,"href":"https:\/\/bassdu.mine.bz\/index.php?rest_route=\/wp\/v2\/posts\/4954\/revisions\/4959"}],"wp:attachment":[{"href":"https:\/\/bassdu.mine.bz\/index.php?rest_route=%2Fwp%2Fv2%2Fmedia&parent=4954"}],"wp:term":[{"taxonomy":"category","embeddable":true,"href":"https:\/\/bassdu.mine.bz\/index.php?rest_route=%2Fwp%2Fv2%2Fcategories&post=4954"},{"taxonomy":"post_tag","embeddable":true,"href":"https:\/\/bassdu.mine.bz\/index.php?rest_route=%2Fwp%2Fv2%2Ftags&post=4954"}],"curies":[{"name":"wp","href":"https:\/\/api.w.org\/{rel}","templated":true}]}}