{"id":505,"date":"2009-10-08T23:33:38","date_gmt":"2009-10-08T22:33:38","guid":{"rendered":"http:\/\/bassdu.mine.nu\/?p=505"},"modified":"2009-10-08T23:36:43","modified_gmt":"2009-10-08T22:36:43","slug":"de-ce-dacia-2","status":"publish","type":"post","link":"https:\/\/bassdu.mine.bz\/?p=505","title":{"rendered":"De ce DACIA ?"},"content":{"rendered":"<p align=\"center\"><strong>Caro Maurizio<\/strong><strong>, <\/strong><strong>(1)<\/strong><strong><\/strong><\/p>\n<p>Alla tua domanda : <strong><span style=\"text-decoration: underline;\">Perch\u00e9 DACIA ?<\/span><\/strong> \u00a0risponder\u00f2 anche per i miei connazionali che hanno espresso la stessa perplessit\u00e0. Se nel tuo caso si tratta di una curiosit\u00e0 di un amico italiano che si vuol informare, non posso dire la stessa cosa dei miei connazionali, che dimostrano cosi, o <strong>l\u2019ignoranza <\/strong>dovuta alla <em>scarsa qualit\u00e0 dell\u2019istruzione scolastica di oggi<\/em>, o ancora pi\u00f9 grave, \u00a0la volont\u00e0 \u201c<em>di dimenticare le loro radici<\/em>\u201d. Io lo so che quello che mi sono proposto di fare \u00e8 roba da Don Quijote, ma non entrer\u00f2 in dettaglio con le \u201cgiustificazioni\u201d,perch\u00e9 \u00a0potrebbero essere \u2026 offensive all\u2019indirizzo dei miei connazionali.<\/p>\n<p>Per primo, devo ammettere di non essere un ricercatore storico, essendo io una persona propensa alle attivit\u00e0 tecnico -industriali. Tutto quello che ha contribuito alla formazione delle mie convinzioni, proviene dal <em>ambiente scolastico e discrete letture sul tema<\/em> e non ho la minima intenzione di \u201cimporle\u201d ad altri.<\/p>\n<p>Le mie ragioni per \u201c<em>l\u2019apertura di questo varco<\/em>\u201d, sono le seguenti:<\/p>\n<p>La grave <strong><span style=\"text-decoration: underline;\">Crisi di Sistema<\/span><\/strong> che si sta profilando all\u2019orizzonte, porter\u00e0 a mio avviso, a dei sconvolgimenti tali, da poterci gettare TUTTI in una vera e propria \u2026 <strong><span style=\"text-decoration: underline;\">Gomorra <\/span><\/strong>(<em>per me, ci siamo gi\u00e0 !<\/em>). \u00a0Come al solito, le vittime saranno \u201c<strong>i deboli<\/strong>\u201d del Sistema, se non \u201c<strong>girano le spalle<\/strong>\u201d in tempo. Romania e un paese \u201c<strong>debole<\/strong>\u201d e l\u2019ingresso nella <em>Comunit\u00e0 Europea<\/em>, ha accentuato questo stato, in qui peraltro si trova dall\u2019avvento del Cristianesimo, a causa della sua <em>posizione strategica<\/em>, cio\u00e8 all\u2019incrocio dei <em>Grandi Imperi<\/em> . <strong>Prima di questo periodo, l\u2019attuale territorio dalle Romania, apparteneva ad una grande civilt\u00e0 di quel tempo, provata da innumerevoli fonti storiche ed archeologiche<\/strong>. Come ben si sa, \u201c<strong>la ruota gira<\/strong>\u201d ed il <strong>centro del potere \u201cmigra<\/strong>\u201d da una zona geografica ad un altra, con una periodicit\u00e0 ben nota ai comuni mortali. <em>Oggi c\u2019\u00e8 l\u2019America, ieri c\u2019era la Russia,la Francia, l\u2019Inghilterra, la Spania, il Portogallo, l\u2019impero Romano, l\u2019impero Greco, l\u2019impero Cinese<\/em>, ecc. \u00a0Questa situazione non \u00e8 <strong><span style=\"text-decoration: underline;\">definitiva<\/span><\/strong> e <em>cambier\u00e0 ancora<\/em>. C\u2019\u00e8 chi attribuisce questi cambiamenti al <strong>caso<\/strong>, al <strong>Creatore, ecc. ,<\/strong> e poi ci sono quelli come me , che credono che \u201c<strong>tutto si possa spiegare<\/strong>\u201d. Se i cinesi pensano di re-instaurare il loro impero (come stanno gi\u00e0 facendo), perch\u00e8 non pensare anch\u2019io di vedere rifiorire la vecchia \u2026 <strong><span style=\"text-decoration: underline;\">DACIA<\/span><\/strong>? Come potrebbe accadere una <strong><span style=\"text-decoration: underline;\">sciocchezza <\/span><\/strong>del genere? (<em>cosi dicevano anche della Cina<\/em>!). \u00a0Per me la risposta \u00e9: <strong>uscire da \u2026 Gomorra<\/strong>!!! \u00a0Per fare questo, bisogna cambiare <strong>TUTTO<\/strong> ! <em>Magari ci da una mano anche la \u2026 Provvidenza<\/em> (mai dire \u2026 mai !). \u00a0C\u2019\u00e8 un detto romeno che dice: \u201c<strong>nu aduce anu\u2019, ce poate aduce \u2026 ora<\/strong> !\u201d<em><\/em><\/p>\n<p>Mi \u00e8 capitato di rimanere di stucco davanti alla 51-esima \u00a0quartina della V-a Centuria di Nostradamus che dice:<\/p>\n<p><strong>La gent de Dace, d\u2019Angleterre &amp; Polonne<br \/>\nEt de Boesme feront nouuelle ligue:<br \/>\nPour passer outre d\u2019Hercules la colonne,<br \/>\nBarcins, Tyrrens dresser cruelle brigue.<\/strong><\/p>\n<p><em>Tenendo conto che un\u2019alleanza tra Dacia, Polonia, Inghilterra e Boemia, non c\u2019\u00e8 mai stata nella Storia, per poi arrivare a Gibilterra , vuol dire forse che deve ancora succedere? <\/em><\/p>\n<p>Fin qui, le \u2026 fantasticherie ! <strong>Vediamo di seguito la \u2026 realt\u00e0 di oggi.<\/strong><\/p>\n<p>In questi 20 anni della Caduta del Muro, tutti (est europei) abbiamo sperato in un netto miglioramento della nostra condizione, specialmente dopo l\u2019adesione alla C.E., speranze che si trasformano piano, piano, in una grande \u2026 delusione ! Se pi\u00f9 di 50% dei tedeschi dell\u2019ex DDR, rimpiangono il <em>passato<\/em>, con tutto l\u2019aiuto avuto dai fratelli, figuriamoci come si sentono i romeni, che questa fortuna non l\u2019hanno avuta <strong>!!! \u00a0Cosa abbiamo dato e cosa abbiamo ricevuto?<\/strong><\/p>\n<p>Prima di tutto abbiamo fato crollare il Comunismo, una spina nelle costole del Occidente. Abbiamo creato un nuovo mercato per i loro prodotti. Gli abbiamo messo a disposizione le nostre risorse ( materiali, naturali, umane,ecc.). Gli abbiamo appoggiato nelle loro iniziative belliche, anche se non sta nella nostra cultura ed interesse, un fatto del genere. <strong>Potrei continuare per\u00f2 mi fermo, per vedere cosa abbiamo raccolto dopo i \u201c<em>vent\u2019anni di Brucan<\/em>\u201d:<\/strong><\/p>\n<p>\u00a0Passaggio delle nostre risorse in mano a pochi autoctoni e molti stranieri, che si sono prodigati nello sfruttamento \u201cselvaggio\u201d. Smantellamento del sistema sanitario nazionale. Smantellamento del sistema educativo. Adesso vogliono uscire dalla crisi sulle nostre spalle (non entro in dettaglio, magari con un\u2019altra occasione). Siamo trattati come dei disgraziati, a cui hanno fatto un \u201cfavore\u201d accogliendoci nell\u2019Unione. \u00a0Abbiamo \u201cimportato benefici\u201d tipo: droga, armi, prostituzione, sfruttamento del lavoro \u201cnero\u201d, informazione \u201cguidata\u201d, ecc.<\/p>\n<p>E di oggi la notizia del Nobel per la Letteratura attribuito a <strong>Herta Muller<\/strong>, cittadina romena di etnia sveva (tedesca). Come viene presentata dai media? Passando sotto silenzio la sua <strong>origine romena<\/strong>, che viene esaltata se si tratta di uno \u2026 <em>zingaro<\/em> con la stessa origine ( non si da in pasto alla folla xenofoba uno zingaro romeno, ma un \u2026 romeno). A dirittura si e trovato anche <em>l\u2019indignato di turno<\/em>, che la dichiara \u2026 <em>sconosciuta<\/em>! <strong>Proprio lei che ha raccolto gi\u00e0 14 premi internazionali<\/strong> ! Poi si e fato un gran parlare del fatto che in realt\u00e0 \u00e9 \u2026 <strong>tedesca<\/strong> e che di romeno \u00e9 solo l\u2019ambiente comunista in qui si collocano i suoi racconti. \u00a0\u00a0Non mi pare che i media hanno la stessa attitudine, quando si tratta di un campione proveniente dal Sud Tirolo ! A proposito di campioni, sempre oggi, ai Mondiali di scherma, la squadra italiana di sciabola a conquistato la medaglia di argento, ma nessun telegiornale ha menzionato quelli che \u2026 gli hanno battuti, che guarda caso, erano \u2026 romeni!<\/p>\n<p><strong>Perch\u00e9 dico tutto questo? Per dimostrare come siamo noi \u201camati\u201d nella C.E. !<\/strong><\/p>\n<p>Alla prossima !<\/p>\n","protected":false},"excerpt":{"rendered":"<p>Caro Maurizio, (1) Alla tua domanda : Perch\u00e9 DACIA ? \u00a0risponder\u00f2 anche per i miei connazionali che hanno espresso la stessa perplessit\u00e0. Se nel tuo caso si tratta di una curiosit\u00e0 di un amico italiano che si vuol informare, non posso dire la stessa cosa dei miei connazionali, che dimostrano cosi, o l\u2019ignoranza dovuta alla [&hellip;]<\/p>\n","protected":false},"author":2,"featured_media":0,"comment_status":"open","ping_status":"open","sticky":false,"template":"","format":"standard","meta":{"footnotes":""},"categories":[3],"tags":[131,45,130,129,67,10],"jetpack_featured_media_url":"","_links":{"self":[{"href":"https:\/\/bassdu.mine.bz\/index.php?rest_route=\/wp\/v2\/posts\/505"}],"collection":[{"href":"https:\/\/bassdu.mine.bz\/index.php?rest_route=\/wp\/v2\/posts"}],"about":[{"href":"https:\/\/bassdu.mine.bz\/index.php?rest_route=\/wp\/v2\/types\/post"}],"author":[{"embeddable":true,"href":"https:\/\/bassdu.mine.bz\/index.php?rest_route=\/wp\/v2\/users\/2"}],"replies":[{"embeddable":true,"href":"https:\/\/bassdu.mine.bz\/index.php?rest_route=%2Fwp%2Fv2%2Fcomments&post=505"}],"version-history":[{"count":3,"href":"https:\/\/bassdu.mine.bz\/index.php?rest_route=\/wp\/v2\/posts\/505\/revisions"}],"predecessor-version":[{"id":507,"href":"https:\/\/bassdu.mine.bz\/index.php?rest_route=\/wp\/v2\/posts\/505\/revisions\/507"}],"wp:attachment":[{"href":"https:\/\/bassdu.mine.bz\/index.php?rest_route=%2Fwp%2Fv2%2Fmedia&parent=505"}],"wp:term":[{"taxonomy":"category","embeddable":true,"href":"https:\/\/bassdu.mine.bz\/index.php?rest_route=%2Fwp%2Fv2%2Fcategories&post=505"},{"taxonomy":"post_tag","embeddable":true,"href":"https:\/\/bassdu.mine.bz\/index.php?rest_route=%2Fwp%2Fv2%2Ftags&post=505"}],"curies":[{"name":"wp","href":"https:\/\/api.w.org\/{rel}","templated":true}]}}