{"id":509,"date":"2009-10-11T00:17:23","date_gmt":"2009-10-10T23:17:23","guid":{"rendered":"http:\/\/bassdu.mine.nu\/?p=509"},"modified":"2009-10-11T00:17:23","modified_gmt":"2009-10-10T23:17:23","slug":"de-ce-dacia-2-2","status":"publish","type":"post","link":"https:\/\/bassdu.mine.bz\/?p=509","title":{"rendered":"De ce DACIA ? (2)"},"content":{"rendered":"<p align=\"center\"><strong>Caro Maurizio, (2)<\/strong><\/p>\n<p>\u00a0<\/p>\n<p>Non vorrei far passare l\u2019idea che <strong>non siamo amati<\/strong> SOLO in Italia, perch\u00e9 non sarebbe vero. Tutta L\u2019Europa ci \u201c<strong>tira sassi<\/strong>\u201d, principalmente perch\u00e9 siamo \u201c<strong>arretrati<\/strong>\u201d e considerati <strong>un peso<\/strong>. Vero \u00e8 che non abbiamo le <strong>autostrade<\/strong>, ma se in futuro queste non fossero <em>pi\u00f9 necessarie<\/em>? Vero \u00e9 che abbiamo un\u2019<strong>agricoltura<\/strong> \u201c<em>poco competitiva<\/em>\u201d, ma il fatto che sia pi\u00f9 \u201c<strong>biologica<\/strong>\u201d, potrebbe rivelarsi un pregio in futuro. Vero \u00e9 che <strong>l\u2019industria<\/strong> \u00e8 stata \u201c<em>smantellata<\/em>\u201d, per\u00f2 potrebbe significare un\u2019opportunit\u00e0 in pi\u00f9 per \u2026 <strong>nuove tecnologie e nuovi processi produttiv<\/strong>i. Vero \u00e9 che siamo \u201c<strong>la periferia dell\u2019Europa<\/strong>\u201d, ma le \u201c<em>porte<\/em>\u201d si posizionano sulle \u2026 <em>pareti<\/em>! Vero \u00e9 che abbiamo un <strong>PIL minore<\/strong>, ma abbiamo delle <strong>risorse invidiabili<\/strong> ! Vero \u00e9 che abbiamo grande bisogno di <strong>finanziament<\/strong>i, per \u201c<em>sollevarci<\/em>\u201d, ma non mi risulta che la Romania prenda di pi\u00f9 del \u201c<em>dato<\/em>\u201d! Solo a pensare che le banche europee\u00a0facciano <strong>affari d\u2019oro in Romania<\/strong>, con <em>tassi d\u2019interesse stratosferici<\/em> e con l\u2019acquisizione a <em>prezzi stracciati<\/em> di tutto quello che possa avere un <em>valore<\/em> presente, ma soprattutto futuro, la dice lunga!<\/p>\n<p>Potrei continuare \u2026 ma mi fermo qui! \u00a0Queste sono le ragioni per cui io (e pochi altri) ritengo che la <strong>DACIA<\/strong> starebbe <strong>meglio \u201cfuori\u201d che \u201cdentro\u201d<\/strong> ad una <strong>Comunit\u00e0 Europea che vuole solo \u201cavere\u201d senza \u201cdare\u201d !!!<\/strong> \u00a0<\/p>\n<p><strong>Per concludere<\/strong>, personalmente non credo di essere capitato in \u201c<strong>un mondo migliore<\/strong>\u201d, finch\u00e9 per contrastare <strong>la Grande Crisi delle Risorse<\/strong>, <em>si propongono \u2026 incentivi per nuove automobili, si scatenano altre guerre, si\u00a0esaspera il \u2026 consumo, ecc. \u00a0Basta con i leader calzolai, cabarettisti, ecc. (scuse alle categorie citate !). <\/em><\/p>\n<p>Non mi \u201c<em>ubriaco con l\u2019acqua fresca<\/em> \u201c, come si dice dalle mie parti, perch\u00e9 so di essere l\u2019eccezione e che <em>la massa continua a guardare <strong>Il Grande Fratello<\/strong><\/em>, motivo per cui mi sto cercando \u2026 \u201c<strong>la grotta<\/strong>\u201d !<\/p>\n<p><strong>DACIA<\/strong> \u00e8 solo un <em>mio sogno <\/em>ed una <em>ricerca personale<\/em> per rispondere <strong>IN TEMPO UTILE<\/strong>, alle sfide di un <em>futuro sicuramente travolgente !<\/em><\/p>\n<p><strong>Romania<\/strong> \u00e8 un\u2019invenzione della <em>massoneria<\/em>, ma <strong>DACIA<\/strong> \u00e8 pi\u00f9 vecchia di loro. Per carit\u00e0, non voglio offendere i massoni, perch\u00e9 magari <strong>Garibaldi, \u00a0Alexandru Ioan Cuza, Mihail Kogalniceanu, ed altri,<\/strong> hanno fato <em>il giusto<\/em> per il loro tempo, ed in generale non ho elementi per giudicare pi\u00f9 di tanto il loro operato. Fatto \u00e9 che il <em>nostro<\/em> <strong>Dante, Mihai Eminescu<\/strong>, voleva <strong>DACIA<\/strong> ed una <strong>grande rivoluzione morale<\/strong> per i suoi abitanti.<\/p>\n<p>Ci sono dei estremisti magiari che oggi vogliono (come leghisti in Italia), autonomia \u00a0territoriale nel cuore della Patria, ci sono dei nostri consanguinei sparsi per l\u2019Europa, di cui non se ne occupa nessuno, \u00a0assistiamo impotenti al degrado sempre pi\u00f9 profondo dell\u2019Educazione, dell\u2019Assistenza Sociale, della Cultura, dell\u2019Industria, dell\u2019Agricoltura, perdiamo giorno dopo giorno tutte le nostre risorse, che passano in mani straniere, ecc<strong>.\u00a0 <span style=\"text-decoration: underline;\">DACIA<\/span> POTREBBE ESSERE LA \u2026 SOLUZIONE !!!<\/strong><\/p>\n<p>Io non voglio un <strong>Grande Cambiamento<\/strong> solo per la <strong>DACIA<\/strong>, ma anche per il <strong>mondo intero<\/strong> ed \u00e8 per quello che guardo con interesse verso <strong>The Zeitgeist Movement<\/strong>, come \u201c<em>una base di partenza<\/em>\u201d. Mi sembra per\u00f2 di \u201c<strong>parlare a vuoto<\/strong>\u201d, in un mondo che non guarda al <strong>futuro<\/strong>, ma alle necessit\u00e0 immediate, dettate dalla ricerca del \u2026 <strong>PROFITTO<\/strong> (che bruta parola!!!).<\/p>\n<p><em>Come ho gi\u00e0 specificato, per capire il mio \u201cpensiero\u201d, bisogna leggere tutti i miei post \u00a0su questo Blog, perch\u00e8 sento di \u201caver detto tutto\u201d (caso mai interessi qualcuno). \u00a0Magari non \u201cho visto bene\u201d (magari!), ed allora, chiedo scuse anticipatamente !<\/em><\/p>\n","protected":false},"excerpt":{"rendered":"<p>Caro Maurizio, (2) \u00a0 Non vorrei far passare l\u2019idea che non siamo amati SOLO in Italia, perch\u00e9 non sarebbe vero. Tutta L\u2019Europa ci \u201ctira sassi\u201d, principalmente perch\u00e9 siamo \u201carretrati\u201d e considerati un peso. Vero \u00e8 che non abbiamo le autostrade, ma se in futuro queste non fossero pi\u00f9 necessarie? Vero \u00e9 che abbiamo un\u2019agricoltura \u201cpoco [&hellip;]<\/p>\n","protected":false},"author":2,"featured_media":0,"comment_status":"open","ping_status":"open","sticky":false,"template":"","format":"standard","meta":{"footnotes":""},"categories":[3],"tags":[45,12,62],"jetpack_featured_media_url":"","_links":{"self":[{"href":"https:\/\/bassdu.mine.bz\/index.php?rest_route=\/wp\/v2\/posts\/509"}],"collection":[{"href":"https:\/\/bassdu.mine.bz\/index.php?rest_route=\/wp\/v2\/posts"}],"about":[{"href":"https:\/\/bassdu.mine.bz\/index.php?rest_route=\/wp\/v2\/types\/post"}],"author":[{"embeddable":true,"href":"https:\/\/bassdu.mine.bz\/index.php?rest_route=\/wp\/v2\/users\/2"}],"replies":[{"embeddable":true,"href":"https:\/\/bassdu.mine.bz\/index.php?rest_route=%2Fwp%2Fv2%2Fcomments&post=509"}],"version-history":[{"count":1,"href":"https:\/\/bassdu.mine.bz\/index.php?rest_route=\/wp\/v2\/posts\/509\/revisions"}],"predecessor-version":[{"id":510,"href":"https:\/\/bassdu.mine.bz\/index.php?rest_route=\/wp\/v2\/posts\/509\/revisions\/510"}],"wp:attachment":[{"href":"https:\/\/bassdu.mine.bz\/index.php?rest_route=%2Fwp%2Fv2%2Fmedia&parent=509"}],"wp:term":[{"taxonomy":"category","embeddable":true,"href":"https:\/\/bassdu.mine.bz\/index.php?rest_route=%2Fwp%2Fv2%2Fcategories&post=509"},{"taxonomy":"post_tag","embeddable":true,"href":"https:\/\/bassdu.mine.bz\/index.php?rest_route=%2Fwp%2Fv2%2Ftags&post=509"}],"curies":[{"name":"wp","href":"https:\/\/api.w.org\/{rel}","templated":true}]}}