{"id":5096,"date":"2018-12-09T21:19:26","date_gmt":"2018-12-09T20:19:26","guid":{"rendered":"http:\/\/bassdu.mine.bz\/?p=5096"},"modified":"2018-12-09T21:21:38","modified_gmt":"2018-12-09T20:21:38","slug":"despre-stiinta-actuala","status":"publish","type":"post","link":"https:\/\/bassdu.mine.bz\/?p=5096","title":{"rendered":"Despre \u015eTIIN\u0162A actual\u0103"},"content":{"rendered":"<div id=\"js_j\" class=\"_5pbx userContent _3576\" data-ad-preview=\"message\" data-ft=\"{&quot;tn&quot;:&quot;K&quot;}\">\n<div id=\"id_5c0d7715f266d8f62035514\" class=\"text_exposed_root text_exposed\">\n<p>&#8220;Teza central\u0103 a acestei c\u0103r\u021bi este c\u0103 \u0219tiin\u021ba este o viziune asupra lumii care se na\u0219te din autism, de la oameni care ignor\u0103 comunicarea, empatia, liberul arbitru, con\u0219tien\u021ba \u0219i toate lucrurile mentale. Lipsa unui psihic puternic se traduce \u00eentr-o afinitate fa\u021b\u0103 de Materie, opusul Min\u021bii Ei se simt ca acas\u0103 cu teorii care exclud Mintea, care nu necesit\u0103 nici un fel de componente mentale, pentru c\u0103 ei \u00een\u0219i\u0219i sunt foarte deficien\u0163i \u00een Minte. Agenda intelectual\u0103 a lumii a fos<span class=\"text_exposed_show\">t confiscat\u0103 de autisti. Ei controleaz\u0103 \u015etiin\u021ba \u0219i Calculul, ce conduc acum lumea. To\u021bi cei din lumea academic\u0103 se hr\u0103nesc acum cu Ideologia lor Anti-Minte. Oamenii chiar cred c\u0103 Ma\u0219inile pot fi la fel de Con\u0219tiente ca fiin\u021bele umane (cum altfel, dac\u0103 \u00een\u015fi\u015fi oamenii ar fi doar ni\u015fte Ma\u0219ini \u00een opinia lor?) \u015fi c\u0103 aceast\u0103 Con\u0219tien\u021b\u0103 poate fi \u00eenc\u0103rcat\u0103 \u00een computere \u0219i stocat\u0103 acolo!? Filozofia a fost distrus\u0103 de \u015etiin\u021ba autist\u0103. To\u021bi filozofii academici se simt obliga\u0163i de a p\u0103stra paradigma \u0219tiin\u021belor \u0219i de a nega Realitatea unei lumi de Min\u021bi av\u00e2nd un Scop. Este timpul ca Oamenii Min\u0163ii s\u0103 denun\u0163e lumea intelectual\u0103 autistic\u0103, s\u0103 \u00eenlocuiasc\u0103 Materialismul \u0219i Empirismul (ideologia Sim\u021burilor) cu Idealism &#8211; Ra\u021bionalismul (doctrina Ra\u021biunii \u0219i a Logicii). Ra\u0163iunea este esen\u021ba Min\u021bii. Doar Mintea poate Ra\u021biona. Dac\u0103 sunte\u021bi de acord c\u0103 Existen\u021ba este Ra\u021bional\u0103 \u0219i Inteligibil\u0103, v\u0103 afla\u021bi pe partea Min\u021bii \u0219i \u00eempotriva Celor F\u0103r\u0103 Minte (materiali\u015ftii, zombii) &#8220;.<\/span><\/p>\n<div class=\"text_exposed_show\">\n<p>Aceast\u0103 carte este disponibil\u0103 \u0219i tip\u0103rit\u0103:<br \/>\n&#8211; Amazon:\u00a0\u00a0<a href=\"https:\/\/www.amazon.com\/dp\/1790959659\/?fbclid=IwAR0EwiYKhdKtsa3YAI2DOuXevVt8asf6tCXIX3jR20EAknzNQ8nTbtL0V5A\" target=\"_blank\" rel=\"noopener nofollow\" data-ft=\"{&quot;tn&quot;:&quot;-U&quot;}\" data-lynx-mode=\"async\" data-lynx-uri=\"https:\/\/l.facebook.com\/l.php?u=https%3A%2F%2Fwww.amazon.com%2Fdp%2F1790959659%2F%3Ffbclid%3DIwAR0EwiYKhdKtsa3YAI2DOuXevVt8asf6tCXIX3jR20EAknzNQ8nTbtL0V5A&amp;h=AT0XamaKJrRPgH5BBrjrY3hICctH9zterESLeJZ1XCdsMt1e_gqujkXJTKPRugj2GB8mNMtHbS8S2JaLis8SZ_OrwIqAaNk7S9pzHVp4vZ9m4JJ8mgPaqfnOQzt7dLobCDYm-2lu4ljmJ720YtOexh1WqG8pWanKsb5OQctLVZZre1n-AH54Ufih8jV5eqhYP0eF3rOyggBT5r7baILVANMbjKufZL0XPtNEclXLxDOzlp87WJtsDRXPpRmJTJQN6BpLV1ps5Xt1Rigu2WKPkjA-ybXeMeDkr6X66J8UbnnmeFciHecRkD0U2KKTYTRc7k4IctTP7CfEP4o0MLKg_FsUz-tPJQK-iWyhbLnmrESKYAfIK2kAX60QH4imw19x_jqR3samJKWTdIGx_pW4jAuuL7H-9N_2Dbrh1xbotjq1kim5PiFmR7gCOWOd9eZtMck8qj03qZEEzPy2b5_l5fd998Zd7LBegEe5yxDRBP3d-ToIYrrimF2yD4mFDrsrBKjE8DW_eAhn1397eHhxh-2Jgd-gOhWLi6atx5uZO4iPXg4aEckDAioXe8UdypE4A3PPlrGbgzjSJCGvZhvKLkj-z-eniHedkpL1LFVHz41FyXL86f3B3i47RgFe\">https:\/\/www.amazon.com\/dp\/1790959659\/<\/a><br \/>\n&#8211; Kindle:\u00a0\u00a0<a href=\"https:\/\/www.amazon.com\/Science-Conspiracy-Autistics-Took...\/...\/?fbclid=IwAR28jF6E8t5_iIh20LCESK23xJKgtlRe05uOQtZjxZv9RDGHM1X9EwYc44Q\" target=\"_blank\" rel=\"noopener nofollow\" data-ft=\"{&quot;tn&quot;:&quot;-U&quot;}\" data-lynx-mode=\"async\" data-lynx-uri=\"https:\/\/l.facebook.com\/l.php?u=https%3A%2F%2Fwww.amazon.com%2FScience-Conspiracy-Autistics-Took...%2F...%2F%3Ffbclid%3DIwAR28jF6E8t5_iIh20LCESK23xJKgtlRe05uOQtZjxZv9RDGHM1X9EwYc44Q&amp;h=AT0xYZYcu4ACtiC9mEHt9XzhLulGwCZq_4VhctjGeDLFPGVLPMFn-Qhvmbpu9E5S-6bAyxYKVVUbCbOiMMn2cdcPpqBIXFuJI0Z___z6Q7bNHFDTdW192CeSlaLabpHfFiKJ6ndAFpyapkh2D6Z1oxgApxbvGtPfBNbPpxKeHT2aE2rJh1cPP8CvU8yOH_drRfbJW9gq7KDJDP_Ly2ZX6pGN_rBMXC45a_g6LJiKN_BO6L1cDWkx3w2C9lYaByHe_Yr3Wli1-l3lHDvvEayAM2sRg_v6yhfkA4FqYHf_qNE97HcCY6rKfst8fzopPcylrB6_FfFux9Wvcd-lgJGPGg8DqexYWpxljp790kJPAZouO7BsiDocoSkIvuhKZ-fGfuJJxX5emTeCW1uvSTSB3vgu6wwm79GjVoiDKp6pO8DpVVlP-XyU8odb7uJjN1gTlVaossTDCjztJo0Jqy1iehdWTKH6RkI6DTPncbUe9_eIJ9jhvyiocp_BcnnhlpINMFBjnr10aY4kkIWeinDPOCnC6HdfiBZ4YvYukjsI-gY3xI9ofe_7WJSVyQmvIQgXe-gTGsgIUFDj-VJIS3SH-Xj_F7udaRAY-xMQ5ToYXOZUY3K7TRP9ho5Mwf0F\">https:\/\/www.amazon.com\/Science-Conspiracy-Autistics-Took\u2026\/\u2026\/<\/a><\/p>\n<\/div>\n<\/div>\n<\/div>\n<div class=\"_3x-2\" data-ft=\"{&quot;tn&quot;:&quot;H&quot;}\">\n<div class=\"_5r69 _sds _34q1\">\n<div class=\"mts\">\n<div class=\"mtm _4fzb\">\n<div class=\"clearfix _2pin\"><\/div>\n<div><\/div>\n<div class=\"mtm _5pco\" data-ad-preview=\"message\" data-ft=\"{&quot;tn&quot;:&quot;K&quot;}\">\n<div id=\"id_5c0d7715f28318f95927002\" class=\"text_exposed_root text_exposed\">\n<p>&nbsp;<\/p>\n<p>&#8220;The central the<span class=\"text_exposed_show\">sis of this book is that science is a worldview born from autism, from people who struggle with communication, empathy, free will, consciousness and all things mental. Scientists prefer to see themselves as machines or as products of random chance. Their lack of a strong psyche translates into an affinity for matter, the opposite of mind. They feel at home with theories that exclude mind, that require no mental components whatsoever. That\u2019s because they themselves are enormously deficient in mind.<\/span><\/p>\n<div class=\"text_exposed_show\">\n<p>The intellectual agenda of the world has been seized by autistics. They control science and computing, which now drive the world. Everyone in the academic world now falls into line with their anti-mind ideology. People even believe that machines can be as conscious as human beings (how would that be possible unless humans themselves were just glorified machines?) and that consciousness can be uploaded to computers and stored there.<\/p>\n<p>Philosophy has been destroyed by autistic science. All academic philosophers feel the need to parrot the nostrums of scientism, and to deny the reality of a world of purposeful minds.<\/p>\n<p>It\u2019s time for the People of Mind to strike back, to take back the intellectual world from the autistics, to replace materialism and empiricism (the ideology of the senses) with idealism and rationalism (the doctrine of reason and logic).<\/p>\n<p>Reason is the essence of mind. Only minds can reason. If you agree that existence is rational and intelligible, you are on the side of the mindful and against the mindless (the materialists, the zombies).&#8221;<\/p>\n<p><a href=\"http:\/\/bassdu.mine.bz\/images\/2018\/12\/\u015ftiin\u0163\u0103.jpeg\"><img loading=\"lazy\" decoding=\"async\" class=\"aligncenter wp-image-5097\" src=\"http:\/\/bassdu.mine.bz\/images\/2018\/12\/\u015ftiin\u0163\u0103.jpeg\" alt=\"\" width=\"1203\" height=\"626\" srcset=\"https:\/\/bassdu.mine.bz\/images\/2018\/12\/\u015ftiin\u0163\u0103.jpeg 540w, https:\/\/bassdu.mine.bz\/images\/2018\/12\/\u015ftiin\u0163\u0103-300x156.jpeg 300w\" sizes=\"(max-width: 1203px) 100vw, 1203px\" \/><br \/>\n<\/a><\/p>\n<\/div>\n<\/div>\n<\/div>\n<\/div>\n<\/div>\n<\/div>\n<\/div>\n","protected":false},"excerpt":{"rendered":"<p>&#8220;Teza central\u0103 a acestei c\u0103r\u021bi este c\u0103 \u0219tiin\u021ba este o viziune asupra lumii care se na\u0219te din autism, de la oameni care ignor\u0103 comunicarea, empatia, liberul arbitru, con\u0219tien\u021ba \u0219i toate lucrurile mentale. Lipsa unui psihic puternic se traduce \u00eentr-o afinitate fa\u021b\u0103 de Materie, opusul Min\u021bii Ei se simt ca acas\u0103 cu teorii care exclud Mintea, [&hellip;]<\/p>\n","protected":false},"author":2,"featured_media":0,"comment_status":"open","ping_status":"open","sticky":false,"template":"","format":"standard","meta":{"footnotes":""},"categories":[1593],"tags":[2273,1866,2599,1910,2699,571,1748,1867,1599,215,2700],"jetpack_featured_media_url":"","_links":{"self":[{"href":"https:\/\/bassdu.mine.bz\/index.php?rest_route=\/wp\/v2\/posts\/5096"}],"collection":[{"href":"https:\/\/bassdu.mine.bz\/index.php?rest_route=\/wp\/v2\/posts"}],"about":[{"href":"https:\/\/bassdu.mine.bz\/index.php?rest_route=\/wp\/v2\/types\/post"}],"author":[{"embeddable":true,"href":"https:\/\/bassdu.mine.bz\/index.php?rest_route=\/wp\/v2\/users\/2"}],"replies":[{"embeddable":true,"href":"https:\/\/bassdu.mine.bz\/index.php?rest_route=%2Fwp%2Fv2%2Fcomments&post=5096"}],"version-history":[{"count":3,"href":"https:\/\/bassdu.mine.bz\/index.php?rest_route=\/wp\/v2\/posts\/5096\/revisions"}],"predecessor-version":[{"id":5100,"href":"https:\/\/bassdu.mine.bz\/index.php?rest_route=\/wp\/v2\/posts\/5096\/revisions\/5100"}],"wp:attachment":[{"href":"https:\/\/bassdu.mine.bz\/index.php?rest_route=%2Fwp%2Fv2%2Fmedia&parent=5096"}],"wp:term":[{"taxonomy":"category","embeddable":true,"href":"https:\/\/bassdu.mine.bz\/index.php?rest_route=%2Fwp%2Fv2%2Fcategories&post=5096"},{"taxonomy":"post_tag","embeddable":true,"href":"https:\/\/bassdu.mine.bz\/index.php?rest_route=%2Fwp%2Fv2%2Ftags&post=5096"}],"curies":[{"name":"wp","href":"https:\/\/api.w.org\/{rel}","templated":true}]}}