{"id":5237,"date":"2019-01-31T12:42:03","date_gmt":"2019-01-31T11:42:03","guid":{"rendered":"http:\/\/bassdu.mine.bz\/?p=5237"},"modified":"2019-01-31T12:42:29","modified_gmt":"2019-01-31T11:42:29","slug":"5237","status":"publish","type":"post","link":"https:\/\/bassdu.mine.bz\/?p=5237","title":{"rendered":"A FI DE ST\u00c2NGA"},"content":{"rendered":"<p>MI\u015eCAREA DACIA este cu adev\u0103rat DE ST\u00c2NGA&#8230; \u015fi e singura \u00een spa\u0163iul carpato-dun\u0103reano-pontic.<\/p>\n<p>&#8220;Tindem s\u0103 folosim termenii de St\u00e2nga \u0219i de Dreapta drept o desemnare pentru (dar f\u0103r\u0103 a se limita la) un tip de personalitate sau o orientare \u0219i o viziune general\u0103 asupra rela\u021biei dintre Sine \u0219i Comunitate.Spiritul istoric adev\u0103rat al St\u00e2ngii a reprezentat \u00eentotdeauna Voin\u021ba General\u0103, Binele Public, A<span class=\"text_exposed_show\">ltruismul, Colectivismul etc. Spiritul istoric al Dreptei a reprezentat \u00eentotdeauna Voin\u021ba Privat\u0103, Egoismul, Comportamentul Antisocial, Conservatorismul etc.Prin urmare, sus\u021binerea grupurilor de dreapta este \u00een opozi\u021bie direct\u0103 cu spiritul adev\u0103rat al Hiperianismului\/<wbr \/>Iluminismului. Viziunea noastr\u0103 politic\u0103 bazat\u0103 pe Libertatea Pozitiv\u0103 implic\u0103 \u00een mod necesar o interven\u021bie masiv\u0103 a Statului \u00een via\u021ba oamenilor, pentru a le oferi Instrumentele necesare Cre\u0219terii \u0219i Auto-Optimiz\u0103rii. Diferen\u021ba esen\u021bial\u0103 este c\u0103 aceast\u0103 interven\u021bie a statului va fi f\u0103cut\u0103 de indivizi etici \u0219i meritorii dedica\u021bi Binelui Umanit\u0103\u021bii \u015fi nu de idio\u021bii boga\u021bi privilegia\u021bi &#8220;.<\/span><\/p>\n<p>By Apollonius<\/p>\n<p><img decoding=\"async\" src=\"https:\/\/scontent-mxp1-1.xx.fbcdn.net\/v\/t1.0-9\/42778453_2100062910013381_2999802762381754368_n.jpg?_nc_cat=102&amp;_nc_ht=scontent-mxp1-1.xx&amp;oh=dbb246f15863fd2b9e58b2d6f0e396c1&amp;oe=5CEE2C5A\" alt=\"Este posibil ca imaginea s\u00c4\u0083 con\u00c5\u00a3in\u00c4\u0083: text care spune \u00e2\u0080\u009eHYPERIANISM\u00e2\u0080\u009d\" \/><\/p>\n","protected":false},"excerpt":{"rendered":"<p>MI\u015eCAREA DACIA este cu adev\u0103rat DE ST\u00c2NGA&#8230; \u015fi e singura \u00een spa\u0163iul carpato-dun\u0103reano-pontic. &#8220;Tindem s\u0103 folosim termenii de St\u00e2nga \u0219i de Dreapta drept o desemnare pentru (dar f\u0103r\u0103 a se limita la) un tip de personalitate sau o orientare \u0219i o viziune general\u0103 asupra rela\u021biei dintre Sine \u0219i Comunitate.Spiritul istoric adev\u0103rat al St\u00e2ngii a reprezentat [&hellip;]<\/p>\n","protected":false},"author":2,"featured_media":0,"comment_status":"open","ping_status":"open","sticky":false,"template":"","format":"standard","meta":{"footnotes":""},"categories":[1593],"tags":[1597,2015,1906,2431,1596,1942,2804],"jetpack_featured_media_url":"","_links":{"self":[{"href":"https:\/\/bassdu.mine.bz\/index.php?rest_route=\/wp\/v2\/posts\/5237"}],"collection":[{"href":"https:\/\/bassdu.mine.bz\/index.php?rest_route=\/wp\/v2\/posts"}],"about":[{"href":"https:\/\/bassdu.mine.bz\/index.php?rest_route=\/wp\/v2\/types\/post"}],"author":[{"embeddable":true,"href":"https:\/\/bassdu.mine.bz\/index.php?rest_route=\/wp\/v2\/users\/2"}],"replies":[{"embeddable":true,"href":"https:\/\/bassdu.mine.bz\/index.php?rest_route=%2Fwp%2Fv2%2Fcomments&post=5237"}],"version-history":[{"count":2,"href":"https:\/\/bassdu.mine.bz\/index.php?rest_route=\/wp\/v2\/posts\/5237\/revisions"}],"predecessor-version":[{"id":5239,"href":"https:\/\/bassdu.mine.bz\/index.php?rest_route=\/wp\/v2\/posts\/5237\/revisions\/5239"}],"wp:attachment":[{"href":"https:\/\/bassdu.mine.bz\/index.php?rest_route=%2Fwp%2Fv2%2Fmedia&parent=5237"}],"wp:term":[{"taxonomy":"category","embeddable":true,"href":"https:\/\/bassdu.mine.bz\/index.php?rest_route=%2Fwp%2Fv2%2Fcategories&post=5237"},{"taxonomy":"post_tag","embeddable":true,"href":"https:\/\/bassdu.mine.bz\/index.php?rest_route=%2Fwp%2Fv2%2Ftags&post=5237"}],"curies":[{"name":"wp","href":"https:\/\/api.w.org\/{rel}","templated":true}]}}