{"id":5344,"date":"2019-03-05T18:45:41","date_gmt":"2019-03-05T17:45:41","guid":{"rendered":"http:\/\/bassdu.mine.bz\/?p=5344"},"modified":"2019-03-05T18:46:33","modified_gmt":"2019-03-05T17:46:33","slug":"mesaj-pentru-cei-1","status":"publish","type":"post","link":"https:\/\/bassdu.mine.bz\/?p=5344","title":{"rendered":"MESAJ pentru cei 1%"},"content":{"rendered":"<p><span style=\"font-size: large;\">\u201eVoi CONTROLA\u0162I lumea noastr\u0103. A\u0163i otr\u0103vit AERUL pe care-l respir\u0103m, a\u0163i contaminat APA pe care o bem, a\u0163i pus PROPRIETATE INTELECTUAL\u0102 pe M\u00c2NCAREA noastr\u0103. Noi lupt\u0103m \u00een R\u0102ZBOAIELE voastre, murim pentru CAUZELE voastre \u015fi ne sacrific\u0103m LIBERT\u0102\u0162ILE ca s\u0103 v\u0103 protej\u0103m. Ne-a\u0163i lichidat ECONOMIILE, a\u0163i distrus CLASA MEDIE \u015fi a\u0163i uzat banii no\u015ftri din TAXE, ca s\u0103 v\u0103 satisface\u0163i nesm\u0103rginita AVARI\u0162IE. Suntem SCLAVII CORPORA\u0162IILOR voastre, ZOMBIES ai organelor voastre MEDIATICE, servitori ai DECADEN\u0162EI voastre. Ne-a\u0163i furat ALEGERILE, ne-a\u0163i ucis LIDERII \u015fi ne-a\u0163i abolit DREPTURILE FUNDAMENTALE ca fiin\u0163e umane. Ne de\u0163ine\u0163i \u00een PROPRIETATE, a\u0163i DELOCALIZAT slujbele noastre \u015fi triturat SINDICATELE. A\u0163i PROFITAT de DEZASTRE, destabilizat VALUTA \u015fi a\u0163i ridicat COSTUL VIE\u0162II. Ne-a\u0163i monopolizat LIBERTATEA, distrus EDUCA\u0162IA \u015fi aproape c\u0103 ne-a\u0163i stins ASPIRA\u0162IILE. Suntem LOVI\u0162I&#8230; S\u00c2NGER\u0102M&#8230; dar nu mai e timpul s\u0103 S\u00c2NGER\u0102M. Vom pune GIGAN\u0162II \u00een genunchi pentru a asista la a noastr\u0103 REVOLU\u0162IE.\u201d &#8211; IP<\/span><\/p>\n<p><a href=\"http:\/\/bassdu.mine.bz\/images\/2019\/03\/burn.jpeg\"><img loading=\"lazy\" decoding=\"async\" class=\"aligncenter wp-image-5345\" src=\"http:\/\/bassdu.mine.bz\/images\/2019\/03\/burn.jpeg\" alt=\"\" width=\"458\" height=\"458\" \/><\/a><\/p>\n","protected":false},"excerpt":{"rendered":"<p>\u201eVoi CONTROLA\u0162I lumea noastr\u0103. A\u0163i otr\u0103vit AERUL pe care-l respir\u0103m, a\u0163i contaminat APA pe care o bem, a\u0163i pus PROPRIETATE INTELECTUAL\u0102 pe M\u00c2NCAREA noastr\u0103. Noi lupt\u0103m \u00een R\u0102ZBOAIELE voastre, murim pentru CAUZELE voastre \u015fi ne sacrific\u0103m LIBERT\u0102\u0162ILE ca s\u0103 v\u0103 protej\u0103m. Ne-a\u0163i lichidat ECONOMIILE, a\u0163i distrus CLASA MEDIE \u015fi a\u0163i uzat banii no\u015ftri din TAXE, [&hellip;]<\/p>\n","protected":false},"author":2,"featured_media":0,"comment_status":"open","ping_status":"open","sticky":false,"template":"","format":"standard","meta":{"footnotes":""},"categories":[1593],"tags":[2005,2401,1480,2104,1552,48,44,2907,2906,1340,1478,1380,49,954,2837],"jetpack_featured_media_url":"","_links":{"self":[{"href":"https:\/\/bassdu.mine.bz\/index.php?rest_route=\/wp\/v2\/posts\/5344"}],"collection":[{"href":"https:\/\/bassdu.mine.bz\/index.php?rest_route=\/wp\/v2\/posts"}],"about":[{"href":"https:\/\/bassdu.mine.bz\/index.php?rest_route=\/wp\/v2\/types\/post"}],"author":[{"embeddable":true,"href":"https:\/\/bassdu.mine.bz\/index.php?rest_route=\/wp\/v2\/users\/2"}],"replies":[{"embeddable":true,"href":"https:\/\/bassdu.mine.bz\/index.php?rest_route=%2Fwp%2Fv2%2Fcomments&post=5344"}],"version-history":[{"count":2,"href":"https:\/\/bassdu.mine.bz\/index.php?rest_route=\/wp\/v2\/posts\/5344\/revisions"}],"predecessor-version":[{"id":5347,"href":"https:\/\/bassdu.mine.bz\/index.php?rest_route=\/wp\/v2\/posts\/5344\/revisions\/5347"}],"wp:attachment":[{"href":"https:\/\/bassdu.mine.bz\/index.php?rest_route=%2Fwp%2Fv2%2Fmedia&parent=5344"}],"wp:term":[{"taxonomy":"category","embeddable":true,"href":"https:\/\/bassdu.mine.bz\/index.php?rest_route=%2Fwp%2Fv2%2Fcategories&post=5344"},{"taxonomy":"post_tag","embeddable":true,"href":"https:\/\/bassdu.mine.bz\/index.php?rest_route=%2Fwp%2Fv2%2Ftags&post=5344"}],"curies":[{"name":"wp","href":"https:\/\/api.w.org\/{rel}","templated":true}]}}