{"id":556,"date":"2009-11-07T23:04:07","date_gmt":"2009-11-07T22:04:07","guid":{"rendered":"http:\/\/bassdu.mine.nu\/?p=556"},"modified":"2009-11-07T23:04:07","modified_gmt":"2009-11-07T22:04:07","slug":"eminescu-3","status":"publish","type":"post","link":"https:\/\/bassdu.mine.bz\/?p=556","title":{"rendered":"Eminescu"},"content":{"rendered":"<p><strong>Imparat si proletar<\/strong> \u00a0<strong>\u00a0\u00a0\u00a0\u00a0\u00a0\u00a0\u00a0de Mihai Eminescu<\/strong><\/p>\n<p>-Fragment-<\/p>\n<p>&#8230;&#8230;&#8230;&#8230;&#8230;&#8230;&#8230;&#8230;&#8230;&#8230;&#8230;&#8230;&#8230;&#8230;&#8230;&#8230;&#8230;&#8230;&#8230;&#8230;&#8230;&#8230;&#8230;&#8230;..<\/p>\n<p>Spune\u0163i-mi ce-i dreptatea? &#8211; Ce-i tari se \u00eengr\u0103dir\u0103<br \/>\nCu-averea \u015fi m\u0103rirea \u00een cercul lor de legi;<br \/>\nPrin bunuri ce furar\u0103, \u00een veci vezi cum conspir\u0103<br \/>\nContra celor ce d\u00e2n\u015fii la lucru-i os\u00e2ndir\u0103<br \/>\n\u015ei le subjug\u0103 munca vie\u0163ii lor \u00eentregi.<\/p>\n<p>Unii plini de pl\u0103cere petrec a lor via\u0163\u0103,<br \/>\nTrec zilele voioase \u015fi orele sur\u00e2d.<br \/>\n\u00cen cupe vin de ambr\u0103 &#8211; iarna gr\u0103dini, verdea\u0163\u0103,<br \/>\nVara petreceri, Alpii cu frun\u0163ile de ghea\u0163\u0103 &#8211;<br \/>\nEi fac din noapte ziu\u0103 \u015f-a zilei ochi \u00eenchid.<\/p>\n<p>Virtutea pentru d\u00e2n\u015fii &#8211; ea nu exist\u0103. \u00cens\u0103<br \/>\nV-o predic\u0103, c\u0103ci trebuie s\u0103 fie bra\u0163e tari,<br \/>\nA statelor greoaie car\u0103 trebuie-mpinse<br \/>\n\u015ei trebuiesc luptate r\u0103zboaiele aprinse,<br \/>\nC\u0103ci voi murind \u00een s\u00e2nge, ei pot s\u0103 fie mari.<\/p>\n<p>\u015ei flotele puternice \u015f-armatele f\u0103loase,<br \/>\nCoroanele ce regii le pun pe fruntea lor,<br \/>\n\u015e-acele milioane, ce \u00een gr\u0103mezi luxoase<br \/>\nSunt str\u00e2nse la bogatul, pe cel s\u0103rac apas\u0103,<br \/>\n\u015ei-s supte din sudoarea prostitului popor.<\/p>\n<p>&#8230;&#8230;&#8230;&#8230;&#8230;&#8230;&#8230;&#8230;&#8230;&#8230;&#8230;&#8230;&#8230;&#8230;&#8230;&#8230;&#8230;&#8230;&#8230;&#8230;&#8230;&#8230;&#8230;<\/p>\n<p>Minciuni \u015fi fraze-i totul ce statele sus\u0163ine,<br \/>\nNu-i ordinea fireasc\u0103 ce ei a fi sus\u0163in;<br \/>\nAverea s\u0103 le aperi, m\u0103rirea \u015f-a lor bine,<br \/>\nEi bra\u0163ul t\u0103u \u00eenarm\u0103 ca s\u0103 love\u015fti \u00een tine,<br \/>\n\u015ei pe voi contra voastr\u0103 la lupt\u0103 ei v\u0103 m\u00e2n.<\/p>\n<p>De ce s\u0103 fi\u0163i voi sclavii milioanelor nefaste,<br \/>\nVoi, ce din munca voastr\u0103 abia pute\u0163i tr\u0103i?<br \/>\nDe ce boala \u015fi moartea s\u0103 fie partea voastr\u0103,<br \/>\nC\u00e2nd ei \u00een bog\u0103\u0163ia cea splendid\u0103 \u015fi vast\u0103<br \/>\nPetrec ca \u015fi \u00een ceruri, n-au timp nici de-a muri?<\/p>\n<p>De ce uita\u0163i c\u0103-n voi e \u015fi num\u0103r \u015fi putere?<br \/>\nC\u00e2nd vre\u0163i, pute\u0163i prea lesne p\u0103m\u00e2ntul s\u0103-mp\u0103r\u0163i\u0163i.<br \/>\nNu le mai face\u0163i ziduri unde s\u0103-nchid-avere,<br \/>\nPe voi unde s\u0103-nchid\u0103, c\u00e2nd \u00eempin\u015fi de durere<br \/>\nVe\u0163i crede c-ave\u0163i dreptul \u015fi voi ca s\u0103 tr\u0103i\u0163i.<\/p>\n<p>Ei \u00eengr\u0103di\u0163i de lege, pl\u0103cerilor se las\u0103,<br \/>\n\u015ei sucul cel mai dulce p\u0103m\u00e2ntului i-l sug;<br \/>\nEi cheam\u0103-n voluptatea orgiei zgomotoase<br \/>\nDe instrumente oarbe a voastre fiici frumoase:<br \/>\nFrumse\u0163ile-ne tineri b\u0103tr\u00e2nii lor distrug.<\/p>\n<p>&#8230;&#8230;&#8230;&#8230;&#8230;&#8230;&#8230;&#8230;&#8230;&#8230;&#8230;&#8230;&#8230;&#8230;&#8230;&#8230;&#8230;&#8230;&#8230;&#8230;..<\/p>\n","protected":false},"excerpt":{"rendered":"<p>Imparat si proletar \u00a0\u00a0\u00a0\u00a0\u00a0\u00a0\u00a0\u00a0de Mihai Eminescu -Fragment- &#8230;&#8230;&#8230;&#8230;&#8230;&#8230;&#8230;&#8230;&#8230;&#8230;&#8230;&#8230;&#8230;&#8230;&#8230;&#8230;&#8230;&#8230;&#8230;&#8230;&#8230;&#8230;&#8230;&#8230;.. Spune\u0163i-mi ce-i dreptatea? &#8211; Ce-i tari se \u00eengr\u0103dir\u0103 Cu-averea \u015fi m\u0103rirea \u00een cercul lor de legi; Prin bunuri ce furar\u0103, \u00een veci vezi cum conspir\u0103 Contra celor ce d\u00e2n\u015fii la lucru-i os\u00e2ndir\u0103 \u015ei le subjug\u0103 munca vie\u0163ii lor \u00eentregi. Unii plini de pl\u0103cere petrec a lor via\u0163\u0103, [&hellip;]<\/p>\n","protected":false},"author":2,"featured_media":0,"comment_status":"open","ping_status":"open","sticky":false,"template":"","format":"standard","meta":{"footnotes":""},"categories":[107],"tags":[149,150,148],"jetpack_featured_media_url":"","_links":{"self":[{"href":"https:\/\/bassdu.mine.bz\/index.php?rest_route=\/wp\/v2\/posts\/556"}],"collection":[{"href":"https:\/\/bassdu.mine.bz\/index.php?rest_route=\/wp\/v2\/posts"}],"about":[{"href":"https:\/\/bassdu.mine.bz\/index.php?rest_route=\/wp\/v2\/types\/post"}],"author":[{"embeddable":true,"href":"https:\/\/bassdu.mine.bz\/index.php?rest_route=\/wp\/v2\/users\/2"}],"replies":[{"embeddable":true,"href":"https:\/\/bassdu.mine.bz\/index.php?rest_route=%2Fwp%2Fv2%2Fcomments&post=556"}],"version-history":[{"count":1,"href":"https:\/\/bassdu.mine.bz\/index.php?rest_route=\/wp\/v2\/posts\/556\/revisions"}],"predecessor-version":[{"id":557,"href":"https:\/\/bassdu.mine.bz\/index.php?rest_route=\/wp\/v2\/posts\/556\/revisions\/557"}],"wp:attachment":[{"href":"https:\/\/bassdu.mine.bz\/index.php?rest_route=%2Fwp%2Fv2%2Fmedia&parent=556"}],"wp:term":[{"taxonomy":"category","embeddable":true,"href":"https:\/\/bassdu.mine.bz\/index.php?rest_route=%2Fwp%2Fv2%2Fcategories&post=556"},{"taxonomy":"post_tag","embeddable":true,"href":"https:\/\/bassdu.mine.bz\/index.php?rest_route=%2Fwp%2Fv2%2Ftags&post=556"}],"curies":[{"name":"wp","href":"https:\/\/api.w.org\/{rel}","templated":true}]}}