{"id":5673,"date":"2019-05-15T12:08:11","date_gmt":"2019-05-15T11:08:11","guid":{"rendered":"http:\/\/bassdu.mine.bz\/?p=5673"},"modified":"2019-05-15T12:34:44","modified_gmt":"2019-05-15T11:34:44","slug":"manifestatia-psd-de-la-iasi","status":"publish","type":"post","link":"https:\/\/bassdu.mine.bz\/?p=5673","title":{"rendered":"Manifesta\u0163ia PSD de la Ia\u015fi"},"content":{"rendered":"<div id=\"js_3d1\" class=\"_5pbx userContent _3576\" data-testid=\"post_message\" data-ft=\"{&quot;tn&quot;:&quot;K&quot;}\">\n<div>Imaginea jalnic\u0103 a unui POPOR DIVIZAT de dou\u0103 for\u0163e politice antagoniste conform STRATEGIEI TENSIUNII implementate de SISTEMUL CAPITALIST NEO-LIBERAL. O adev\u0103rat\u0103 CORABIE A NEBUNILOR!!! \u00cen loc s\u0103 identifice \u015fi s\u0103 combat\u0103 adev\u0103ra\u0163ii DU\u015eMANI, adic\u0103 ELITA CELOR 1% care conduce Lumea, se bat \u00eentre ei ca chiorii&#8230; asta e consecin\u0163a STRATEGIEI TENSIUNII&#8230; asta este consecin\u0163a \u201efumului \u00een ochi\u201d al DEMOCRA\u0162IEI, care nu a existat, nu exist\u0103 \u015fi nu va exista, dar care este chemat\u0103 \u00een cauz\u0103 de ambele \u201etabere\u201d. A asculta PSD-i\u015ftii invoc\u00e2nd o RELIGIE IUDEO-CRE(\u015e)TIN\u0102 \u015fi neo-liberalii opozi\u0163iei contest\u00e2nd PRINCIPIILE DEMOCRATICE pe care altfel le invoc\u0103, demonstreaz\u0103 c\u0103 ambele tabere sunt CONFUZE&#8230; \u015fi acesta este doar o parte a argumentelor. Avem un popor CONFUZ! Avem un popor pe cale de ANIHILARE, deoarece sunt pu\u0163ini aceia care pricep c\u0103 totul este o REGIE OCULT\u0102&#8230; o MANIPULARE GROSOLAN\u0102!?<br \/>\nEste URGENT\u0102 implementarea unei NOI PARADIGME, iar MI\u015eCAREA DACIA a schi\u0163at-o deja!<br \/>\nSe cheam\u0103 MERITOCRA\u0162IA ILUMINIST\u0102: o Sintez\u0103 a Tezei Capitalism \u015fi a Antitezei Comunism.<br \/>\nROM\u00c2NIE, dac\u0103 nu te ILUMINEZI, vei c\u0103dea prad\u0103 \u00ceNTUNERICULUI!<br \/>\nDac\u0103 nu te DE\u015eTEP\u0162I, vei tr\u0103i un CO\u015eMAR, deoarece SOMNUL RA\u0162IUNII NA\u015eTE MON\u015eTRII!!!<br \/>\nMI\u015eCAREA DACIA este singura FOR\u0162\u0102 MENTAL\u0102 ce d\u0103 SOLU\u0162II RA\u0162IONALE \u015fi nu e sub imperiul SIM\u0162URILOR \u015fi EMO\u0162IILOR. MI\u015eCAREA DACIA este singura FOR\u0162\u0102 MANTAL\u0102 care folose\u015fte NEOCORTEXUL, ci nu CREIERUL REPTILIAN \u015fi cel LIMBIC.<br \/>\nMI\u015eCAREA DACIA este singura FOR\u0162\u0102 MENTAL\u0102 care combate INDIVIDUALISMUL \u015fi promoveaz\u0103 COMUNITARISMUL. MI\u015eCAREA DACIA este singura FOR\u0162\u0102 MENTAL\u0102 care combate CAUZELE, ci nu EFECTELE.<br \/>\nMI\u015eCAREA DACIA este singura FOR\u0162\u0102 MENTAL\u0102 care pune la Fundamente CUNOA\u015eTEREA, ci nu CREDIN\u0162A.<br \/>\nMI\u015eCAREA DACIA promoveaz\u0103 UNITATEA, ci nu DIVIZIUNEA.<br \/>\nMI\u015eCAREA DACIA \u015fi-a elaborat IDEOLOGIA \u015fi PROIECTUL DE \u0162AR\u0102 baz\u00e2ndu-se pe G\u00c2NDIREA CELOR MAI LUMINATE MIN\u0162I ALE OMENIRII.<br \/>\nDE\u015eTEPTAREA, sau vom avea ARMAGEDDON!!!<\/div>\n<\/div>\n<div class=\"_3x-2\" data-ft=\"{&quot;tn&quot;:&quot;H&quot;}\">\n<div data-ft=\"{&quot;tn&quot;:&quot;H&quot;}\">\n<div class=\"mtm\">\n<div id=\"u_5c_3\" class=\"_6m2 _1zpr clearfix _5ej3 _2xt7 _dcs _4_w4 _41u- _5cwb _23bq _2bf7 _64lx _3eqz _20pq _3eqw _2rk1 _359m _3906\" data-ft=\"{&quot;tn&quot;:&quot;H&quot;}\">\n<div class=\"_3907\">\n<div class=\"clearfix _2r3x\">\n<div class=\"lfloat _ohe\">\n<div class=\"_6ks\">\n<div class=\"_6l- __c_\">\n<div class=\"uiScaledImageContainer _6m5 fbStoryAttachmentImage\"><img loading=\"lazy\" decoding=\"async\" class=\"scaledImageFitWidth img\" src=\"https:\/\/external-mxp1-1.xx.fbcdn.net\/safe_image.php?d=AQCGszY8iyJDN3xR&amp;w=147&amp;h=147&amp;url=https%3A%2F%2Fi.ytimg.com%2Fvi%2Fgcn6EK-ma8M%2Fmaxresdefault.jpg&amp;cfs=1&amp;upscale=1&amp;fallback=news_d_placeholder_publisher_square&amp;_nc_hash=AQB-tpeqSW4uwGws\" alt=\"\" width=\"139\" height=\"139\" data-src=\"https:\/\/external-mxp1-1.xx.fbcdn.net\/safe_image.php?d=AQCGszY8iyJDN3xR&amp;w=147&amp;h=147&amp;url=https%3A%2F%2Fi.ytimg.com%2Fvi%2Fgcn6EK-ma8M%2Fmaxresdefault.jpg&amp;cfs=1&amp;upscale=1&amp;fallback=news_d_placeholder_publisher_square&amp;_nc_hash=AQB-tpeqSW4uwGws\" aria-label=\"Este posibil ca imaginea s\u0103 con\u0163in\u0103: unul sau mai mul\u0163i oameni, mul\u0163ime \u015fi \u00een aer liber\" \/><\/div>\n<\/div>\n<\/div>\n<\/div>\n<div class=\"_42ef\">\n<div class=\"_3ekx _29_4\">\n<div class=\"_6m3 _--6\">\n<div class=\"_59tj _2iau\">\n<div>\n<div class=\"_6lz _6mb _1t62 ellipsis\">YOUTUBE.COM<\/div>\n<div class=\"\"><\/div>\n<\/div>\n<\/div>\n<div class=\"_3n1k\">\n<div class=\"mbs _6m6 _2cnj _5s6c\"><a href=\"https:\/\/l.facebook.com\/l.php?u=https%3A%2F%2Fwww.youtube.com%2Fattribution_link%3Fa%3DW9jZG0l4bpc%26u%3D%252Fwatch%253Fv%253Dgcn6EK-ma8M%2526feature%253Dshare%26fbclid%3DIwAR2QUYChbeZrpFCiGwJePhAlxk17NK_zmCcUF6VtP0ZfvhuU0g048f6xP5g&amp;h=AT19Xiaw-qDG8fC1vXVwgb79Tetfzq-myWfvfldjnoXCb2g8F6VivKnYCHKMBmH4SNx-3Bvzfne8a9kKtn2bytSuQpGy_deGe1DVVMVduk_cICWHLvVYyWtINXe3QhOfiYD4dFQ6Ibx7cnVbWpR4f54CoLkG4cFk7JANAJ38E9ki3wvw3a940E_oB6_b0BMc6I7EY23949n6UflI4dGFBOdnW6hLsG5UWXyAsrj23SwWrK757THMmLtZ7ZC7fcVV95gi5fyb9ItQsniHcXC1_6Ab6b3b4prIoMYetZd75gou_W8wIe-QEzw14JHTK_lG_e6T5kSKRuTFTQkorrbubVgB4eX__Ir1PoyMY76IghYlLmusl805iVt5A_n7lQ4LK2vs_viekNywIvSG144v1VntZJcbLtMTzFa2-Fb8CZiTjsn9tz1O4GVV1kGNtLltAfA3KT9ZVArxlrE2HWiXhi_UG1AK2X0th6l-_LyCQQqwmSztpY_JTDShmJWxNH65AJch4qL2LzxX9jgZ8RbyKsQY0lkL_RaDgT657ejEiH42T0h7sjJT0cPjcflhExecZrdrHVmXrcyoP-3RxLCgLt0Qcdf9ef3TiOUIlG1oBKMPiRrPBww\" target=\"_blank\" rel=\"noopener nofollow\" data-lynx-mode=\"async\">Reportajul Recorder la mitingul PSD de la Ia\u0219i: Ne ur\u00e2m \u0219i asta e tot ce mai conteaz\u0103<\/a><\/div>\n<div class=\"_6m7 _3bt9\">Orgoliul unui politician \u0219i orgoliul unui ora\u0219 s-au\u2026<\/div>\n<\/div>\n<\/div>\n<\/div>\n<\/div>\n<\/div>\n<\/div>\n<\/div>\n<\/div>\n<\/div>\n<\/div>\n","protected":false},"excerpt":{"rendered":"<p>Imaginea jalnic\u0103 a unui POPOR DIVIZAT de dou\u0103 for\u0163e politice antagoniste conform STRATEGIEI TENSIUNII implementate de SISTEMUL CAPITALIST NEO-LIBERAL. O adev\u0103rat\u0103 CORABIE A NEBUNILOR!!! \u00cen loc s\u0103 identifice \u015fi s\u0103 combat\u0103 adev\u0103ra\u0163ii DU\u015eMANI, adic\u0103 ELITA CELOR 1% care conduce Lumea, se bat \u00eentre ei ca chiorii&#8230; asta e consecin\u0163a STRATEGIEI TENSIUNII&#8230; asta este consecin\u0163a \u201efumului [&hellip;]<\/p>\n","protected":false},"author":2,"featured_media":0,"comment_status":"open","ping_status":"open","sticky":false,"template":"","format":"standard","meta":{"footnotes":""},"categories":[1593],"tags":[2005,572,565,1658,3045,3044,173],"jetpack_featured_media_url":"","_links":{"self":[{"href":"https:\/\/bassdu.mine.bz\/index.php?rest_route=\/wp\/v2\/posts\/5673"}],"collection":[{"href":"https:\/\/bassdu.mine.bz\/index.php?rest_route=\/wp\/v2\/posts"}],"about":[{"href":"https:\/\/bassdu.mine.bz\/index.php?rest_route=\/wp\/v2\/types\/post"}],"author":[{"embeddable":true,"href":"https:\/\/bassdu.mine.bz\/index.php?rest_route=\/wp\/v2\/users\/2"}],"replies":[{"embeddable":true,"href":"https:\/\/bassdu.mine.bz\/index.php?rest_route=%2Fwp%2Fv2%2Fcomments&post=5673"}],"version-history":[{"count":3,"href":"https:\/\/bassdu.mine.bz\/index.php?rest_route=\/wp\/v2\/posts\/5673\/revisions"}],"predecessor-version":[{"id":5676,"href":"https:\/\/bassdu.mine.bz\/index.php?rest_route=\/wp\/v2\/posts\/5673\/revisions\/5676"}],"wp:attachment":[{"href":"https:\/\/bassdu.mine.bz\/index.php?rest_route=%2Fwp%2Fv2%2Fmedia&parent=5673"}],"wp:term":[{"taxonomy":"category","embeddable":true,"href":"https:\/\/bassdu.mine.bz\/index.php?rest_route=%2Fwp%2Fv2%2Fcategories&post=5673"},{"taxonomy":"post_tag","embeddable":true,"href":"https:\/\/bassdu.mine.bz\/index.php?rest_route=%2Fwp%2Fv2%2Ftags&post=5673"}],"curies":[{"name":"wp","href":"https:\/\/api.w.org\/{rel}","templated":true}]}}