{"id":610,"date":"2009-12-09T23:17:22","date_gmt":"2009-12-09T22:17:22","guid":{"rendered":"http:\/\/bassdu.mine.nu\/?p=610"},"modified":"2009-12-10T00:44:37","modified_gmt":"2009-12-09T23:44:37","slug":"jurnalist-independent","status":"publish","type":"post","link":"https:\/\/bassdu.mine.bz\/?p=610","title":{"rendered":"Jurnalist independent ?"},"content":{"rendered":"<p align=\"center\"><strong>Ciutacu si\u2026 minerii (cei din 1990 bineinteles !)<\/strong><\/p>\n<p>Daca unul ca Ciutacu (jurnalist independent) poate sa se declare jurnalist de partid(e) si asociatia jurnalistilor romani (sau cum se chiama) nu ia nici o masura, mai mult ca sigur ca de \u201ecariera\u201d sa se va ocupa &#8230; <strong>PSD<\/strong>-ul !<\/p>\n<p>Daca <strong>PSD<\/strong>-ul nu pricepe ca Iliescu, Vanghelie, Hrebenciuc, etc., dar mai ales V.Ciutacu si intr-o masura mai \u201edulce\u201d M. Badea, au contribuit din plin la \u201e<strong>afundarea corabiei de stanga-centru-dreapta-nationaliste-etnice-etc.<\/strong>\u201d (<em>deja imi vine sa rad <\/em>!), inseamna ca de fapt partidul sunt <strong>EI<\/strong> si atunci, adio guvernare pentru &#8230; multa vreme (?).<\/p>\n<p>Domnilor, romanii au inceput sa &#8230; priceapa !<\/p>\n<p>\u00a0In <strong>Italia,<\/strong> ceea ce au vrut <strong><em>TOATE partidele \u201eALIATE\u201d<\/em><\/strong>, se chiama\u00a0 <strong><em><span style=\"text-decoration: underline;\">INCIUCIO <\/span><\/em><\/strong>\u00a0\u00a0\u00a0si noi \u201el-am fumat\u201d demult !!!\u00a0\u00a0\u00a0\u00a0\u00a0\u00a0 Mai ales \u201e<strong>scuipatii intre ochi de catre d-l (?) Ciutacu<\/strong>\u201d, pe care <strong>manipulari \u201eieftine\u201d<\/strong> &#8230; nu-i mai <em>pacalesc<\/em>, avand <em>se pare,<\/em> mai multa experienta politica decat &#8230; cei de acasa.<\/p>\n<p><em>Pai cum sa votezi tu un partid social-democrat, care se aliaza cu unul &#8230; liberal ?\u00a0 <\/em><\/p>\n<p><em>Colac peste pupaza, \u201ese pupa in piata mare\u201d \u00a0cu PRM si UDMR\u00a0 (in acelasi timp !!!) <\/em><\/p>\n<p><em>Uei ragazzi, diamo i numeri ????<\/em><\/p>\n<p>Cu <strong>afirmatii ofensive<\/strong> <strong>la adresa Diasporei<\/strong>, ca cele ale d-lui Ciutacu, PSD-ul si PNL-ul \u201e<em>nu mai pupa voturi in Diaspora<\/em>\u201d pentru multi ani de acum inainte !!! Si avem de gand sa cerem &#8230; <strong>votul prin corespondenta <\/strong>&#8230; ca in USA domnilor !<\/p>\n<p><strong>Iata de ce d-l Ciutacu si nu numai el, \u201evor fi descarcati\u201d in viitorul apropiat !<\/strong><\/p>\n<p>Ca si comfirmare, \u00a0avem deja \u00a0un \u201esemnal\u201d de ultima ora: <strong><em>Nastase \u201eisi inghite <\/em>cuvintele<em>\u201d :<\/em><\/strong><\/p>\n<p><strong><span style=\"text-decoration: underline;\">,,,,,,<\/span><\/strong><strong><span style=\"text-decoration: underline;\"> &#8220;Sunt de acord ca o propozitie din analiza de mai jos este nefericita si o retrag.,,,,,<\/span><\/strong><\/p>\n<p>De ce am intitulat aceasta postare <strong>\u201eCiutacu si &#8230; minerii\u00a0 (cei din 1990 bineinteles !)\u201d ?<\/strong><\/p>\n<p><em>Pentru ca exista intre ei niste similitudini batatoare la ochi :<\/em><\/p>\n<p>&#8211;\u00a0\u00a0\u00a0\u00a0\u00a0\u00a0\u00a0\u00a0\u00a0 Raspund la <strong>chemarile<\/strong> lui &#8230; Iliescu.<\/p>\n<p>&#8211;\u00a0\u00a0\u00a0\u00a0\u00a0\u00a0\u00a0\u00a0\u00a0 Sunt in stare \u201e<strong>sa scuipe intre ochi<\/strong>\u201d <em>propriul popor<\/em> (d-l Ciutacu \u201ese intinde\u201d si &#8230; peste Prut !)<\/p>\n<p>&#8211;\u00a0\u00a0\u00a0\u00a0\u00a0\u00a0\u00a0\u00a0\u00a0 Nu fac ceea ce ar trebui sa faca, adica sa <strong>extraga minereuri<\/strong>, respectiv \u00a0sa fie &#8230; <strong>independenti<\/strong>.<\/p>\n<p>&#8211;\u00a0\u00a0\u00a0\u00a0\u00a0\u00a0\u00a0\u00a0\u00a0 Nu cunosc &#8230; <strong>Constitutia<\/strong>.<\/p>\n<p>&#8211;\u00a0\u00a0\u00a0\u00a0\u00a0\u00a0\u00a0\u00a0\u00a0 Dau \u201e<strong>cu parul<\/strong>\u201d, respectiv cu \u201e<strong>cuvantul<\/strong>\u201d (<span style=\"text-decoration: underline;\">care este mai periculos d-le Ciutacu<\/span>!)<\/p>\n<p>&#8211;\u00a0\u00a0\u00a0\u00a0\u00a0\u00a0\u00a0\u00a0\u00a0 Sunt <strong>violenti<\/strong> si <strong>vulgari<\/strong>. Este suficient sa citesti comentariile postate de \u201e<strong>aplaudacii<\/strong>\u201d lui <em>Ciutacu<\/em> si sa pricepi valabilitatea zicatorii: <strong>\u201espune-mi cu cine te aduni, ca sa-ti spun &#8230; cine esti !\u201d<\/strong><\/p>\n<p>&#8211;\u00a0\u00a0\u00a0\u00a0\u00a0\u00a0\u00a0\u00a0\u00a0 Au ce au cu &#8230; <strong>Diaspora<\/strong>, deoarece aceasta \u201e<strong>nu a mancat salam cu paine<\/strong>\u201d pe meleagurile mioritice. Atentie domnule ca te \u201eaud\u201d cei de la <em>Los Alamos<\/em>\u00a0 si <em>Silicone Valley<\/em>, ca nu toti &#8230;spala WC-uri cum credeti d-voastra ! \u00a0Pana si detinatoarea Premiului Nobel, \u201eataca\u201d ceea ce \u201eaperi\u201d d-ta !<\/p>\n<p><em>Si te asigur ca astia au votat !<\/em><\/p>\n<p>&#8211;\u00a0\u00a0\u00a0\u00a0\u00a0\u00a0\u00a0\u00a0\u00a0 Nu inteleg ce inseamna <strong>Democratia si libertatea de opinie<\/strong>. Daca la mineri se poate gasi o scuza, nu acelasi lucru se poate spune de <em>Ciutacu<\/em>, ce-si permite sa <strong>cenzureze<\/strong> pe cei ce-l contrasteaza in mod civilizat (<em>si suntem multi !<\/em>).<\/p>\n<p>&#8211;\u00a0\u00a0\u00a0\u00a0\u00a0\u00a0\u00a0\u00a0\u00a0 Sunt convinsi ca ei sunt \u201eburicul pamantului\u201d. \u00a0Iata ce crede Ciutacu despre el :<\/p>\n<p>\u00a0<\/p>\n<p><em>,,,,,,,,,,,,<\/em><em> <\/em><em>Sunt extraordinar de destept si ingrozitor de arogant. Am si motive: dincolo de faptul ca, indiferent de ce ma apuc, sunt cel mai bun, daca ma uit in spate nu vad altceva decat un mare hau.<\/em>,,,,,,,,<\/p>\n<p>\u00a0<\/p>\n<p>\u00a0sau:<\/p>\n<p>\u00a0<\/p>\n<p>,,,,,,,,,,,,,, <em>\u015etiu c\u0103-s arogant \u015fi genial, dar \u00eemi place s\u0103 mi-o spun\u0103 \u015fi al\u0163ii. Oare o s\u0103 m\u0103 ierta\u0163i vreodat\u0103 c\u0103-s cel mai bun?,<\/em>,,,,,,,,,,,,,,<\/p>\n<p>\u00a0<\/p>\n<p>Domnule dumneata esti sigur <strong>arogant<\/strong>, dar si \u2026 <strong>paranoic<\/strong> !!!<\/p>\n<p>Si nu cumva sa astepti multumiri de la Iliescu, pentru ca \u2026 nu ai fost \u00a0\u201cfolositor\u201d ca \u201cceilalti\u201d !!!<\/p>\n<p><strong>Te sfatuiesc sa nu \u2026 emigreazi, pentru ca jurnalisti ca d-ta, \u2026 aici nu exista ! Si asta nu este un compliment !<\/strong><\/p>\n<p>Asa cum ii sfatuiesc pe <strong>aplaudacii<\/strong> d-voastra, <em>ce vor sa paraseasca tara lui Base<\/em>, sa ramana acasa, pentru ca daca nu au plecat cand trebuia, acum ar afla ca sunt &#8230; intarziati. Ca sa nu mai spun ca aici&#8230; se munceste!<\/p>\n","protected":false},"excerpt":{"rendered":"<p>Ciutacu si\u2026 minerii (cei din 1990 bineinteles !) Daca unul ca Ciutacu (jurnalist independent) poate sa se declare jurnalist de partid(e) si asociatia jurnalistilor romani (sau cum se chiama) nu ia nici o masura, mai mult ca sigur ca de \u201ecariera\u201d sa se va ocupa &#8230; PSD-ul ! Daca PSD-ul nu pricepe ca Iliescu, Vanghelie, [&hellip;]<\/p>\n","protected":false},"author":2,"featured_media":0,"comment_status":"open","ping_status":"open","sticky":false,"template":"","format":"standard","meta":{"footnotes":""},"categories":[73],"tags":[171,169,172,174,173],"jetpack_featured_media_url":"","_links":{"self":[{"href":"https:\/\/bassdu.mine.bz\/index.php?rest_route=\/wp\/v2\/posts\/610"}],"collection":[{"href":"https:\/\/bassdu.mine.bz\/index.php?rest_route=\/wp\/v2\/posts"}],"about":[{"href":"https:\/\/bassdu.mine.bz\/index.php?rest_route=\/wp\/v2\/types\/post"}],"author":[{"embeddable":true,"href":"https:\/\/bassdu.mine.bz\/index.php?rest_route=\/wp\/v2\/users\/2"}],"replies":[{"embeddable":true,"href":"https:\/\/bassdu.mine.bz\/index.php?rest_route=%2Fwp%2Fv2%2Fcomments&post=610"}],"version-history":[{"count":3,"href":"https:\/\/bassdu.mine.bz\/index.php?rest_route=\/wp\/v2\/posts\/610\/revisions"}],"predecessor-version":[{"id":612,"href":"https:\/\/bassdu.mine.bz\/index.php?rest_route=\/wp\/v2\/posts\/610\/revisions\/612"}],"wp:attachment":[{"href":"https:\/\/bassdu.mine.bz\/index.php?rest_route=%2Fwp%2Fv2%2Fmedia&parent=610"}],"wp:term":[{"taxonomy":"category","embeddable":true,"href":"https:\/\/bassdu.mine.bz\/index.php?rest_route=%2Fwp%2Fv2%2Fcategories&post=610"},{"taxonomy":"post_tag","embeddable":true,"href":"https:\/\/bassdu.mine.bz\/index.php?rest_route=%2Fwp%2Fv2%2Ftags&post=610"}],"curies":[{"name":"wp","href":"https:\/\/api.w.org\/{rel}","templated":true}]}}