{"id":6159,"date":"2020-06-22T20:37:46","date_gmt":"2020-06-22T19:37:46","guid":{"rendered":"http:\/\/bassdu.mine.bz\/?p=6159"},"modified":"2020-06-22T21:34:16","modified_gmt":"2020-06-22T20:34:16","slug":"out-of-grid","status":"publish","type":"post","link":"https:\/\/bassdu.mine.bz\/?p=6159","title":{"rendered":"OUT OF GRID"},"content":{"rendered":"\n<p><span style=\"font-family: Ubuntu;\"><span style=\"font-size: large;\"><br \/><\/span><\/span><span style=\"font-family: Ubuntu;\"><span style=\"font-size: large;\"><b>Motto: <br \/><\/b><\/span><\/span><span style=\"color: #222222;\"><span style=\"font-family: Ubuntu;\"><span style=\"font-size: large;\"><b>\u201eMae\u015ftrii au fost lichida\u021bi: moralitatea omului de r\u00e2nd a triumfat\u201d<br \/>&#8211; <\/b><\/span><\/span><\/span><span style=\"color: #222222;\"><span style=\"font-family: Ubuntu;\"><span style=\"font-size: large;\"><b>Nietzsche<\/b><\/span><\/span><\/span><span style=\"font-family: Ubuntu;\"><span style=\"font-size: large;\"><br \/><br \/><br \/><br \/><\/span><\/span><span style=\"font-family: Ubuntu;\"><span style=\"font-size: x-large;\"><b>Introducere<\/b><\/span><\/span><span style=\"font-family: Ubuntu;\"><span style=\"font-size: large;\"><br \/><br \/><br \/>Ceea ce urmeaz\u0103 reprezint\u0103 ultimile mele lu\u0103ri de pozi\u0163ie \u00een raport cu \u201erestul lumii\u201d, av\u00e2nd eu inten\u0163ia s\u0103 m\u0103 retrag maximul composibil &#8230; OUT OF GRID.<br \/>Dup\u0103 ani dedica\u0163i celorlal\u0163i, \u00een care este adev\u0103rat c\u0103 am f\u0103cut simultan \u015fi un important input de la cei cu care am interac\u0163ionat, am ajuns la concluzia c\u0103 a venit momentul s\u0103 aplic Solu\u0163ia Epicurian\u0103, adic\u0103 s\u0103 m\u0103 ocup exclusiv de Devenirea mea. Cineva poate s\u0103-mi repro\u015feze c\u0103 \u201em\u0103 predau\u201d, c\u0103 \u201eabandonez lupta\u201d, <\/span><\/span><span style=\"font-family: Ubuntu;\"><span style=\"font-size: large;\">dar nu este a\u015fa. Am <\/span><\/span><span style=\"font-family: Ubuntu;\"><span style=\"font-size: large;\"> zis ce aveam de zis, iar pe de alt\u0103 parte, NU AM CU CINE s\u0103 merg mai departe<\/span><\/span><span style=\"font-family: Ubuntu;\"><span style=\"font-size: large;\">!?<br \/><br \/><\/span><\/span><span style=\"color: #222222;\"><span style=\"font-family: Ubuntu;\"><span style=\"font-size: large;\"><b>\u201eIube\u0219te-\u021bi aproapele ca pe tine \u00eensu\u021bi, dar fii \u00een primul r\u00e2nd cel care se iube\u015fte pe e<\/b><\/span><\/span><\/span><span style=\"color: #222222;\"><span style=\"font-family: Ubuntu;\"><span style=\"font-size: large;\"><b>l<\/b><\/span><\/span><\/span><span style=\"color: #222222;\"><span style=\"font-family: Ubuntu;\"><span style=\"font-size: large;\"><b> \u00eensu\u0219i! &#8221; <br \/><br \/>&#8211; <\/b><\/span><\/span><\/span><span style=\"color: #222222;\"><span style=\"font-family: Ubuntu;\"><span style=\"font-size: large;\"><b>Nietzsche<\/b><\/span><\/span><\/span><span style=\"color: #222222;\"><span style=\"font-family: Ubuntu;\"><span style=\"font-size: large;\"><br \/><\/span><\/span><\/span><span style=\"font-family: Ubuntu;\"><span style=\"font-size: large;\"><br \/>Am crezut c\u0103 ilumini\u015ftii \u00een r\u00e2ndul c\u0103rora am activat \u00een ultimul timp, pot constitui o For\u0163\u0103 Inovatoare a\u015fa cum mi-o imaginam eu, dar m-am \u00een\u015felat. <br \/>Nu am avut niciodat\u0103 preten\u0163ia c\u0103 sunt atot\u015ftiutor \u015fi am stimulat \u00eentotdeauna Spiritul Critic, bine\u00een\u0163eles c\u00e2nd acesta era <\/span><\/span><span style=\"font-family: Ubuntu;\"><span style=\"font-size: large;\">bazat pe Logic\u0103 \u015fi R<\/span><\/span><span style=\"font-family: Ubuntu;\"><span style=\"font-size: large;\">a\u0163i<\/span><\/span><span style=\"font-family: Ubuntu;\"><span style=\"font-size: large;\">une \u015fi era Coerent cu Principiile Iluministe ce condi\u0163ionau Dezbaterile.<br \/>\u00cen ultimul timp, mai ales cu ocazia Crizei Corona-Hoax, mi s-a accentuat senza\u0163ia c\u0103 SUNT SINGUR, sau \u00een cel mai bun caz, \u00een sintonie c\u00e2t de c\u00e2t, numai cu o m\u00e2n\u0103 de persoane.<br \/><br \/><\/span><\/span><span style=\"font-family: Ubuntu;\"><span style=\"font-size: large;\">Dezam\u0103girile au \u00eenceput cu e\u015fecul Mi\u015fc\u0103rii Dacia pe care am \u00eencercat s-o implementez \u00een Rom\u00e2nia, pentru a \u00eencheia cu cele provocate de pe alte meridiane, unde m\u0103 aciuiasem cu speran\u0163a form\u0103rii acelei MASE CRITICE absolut necesare unui SALT DE PARADIGM\u0102.<br \/><\/span><\/span><span style=\"font-family: Ubuntu;\"><span style=\"font-size: large;\">Bazele acestui Salt sunt \u00een mare m\u0103sur\u0103 cuprinse \u00een c\u0103r\u0163ile Iluministe ce dezv\u0103luie f\u0103r\u0103 dubi<\/span><\/span><span style=\"font-family: Ubuntu;\"><span style=\"font-size: large;\">u<\/span><\/span><span style=\"font-family: Ubuntu;\"><span style=\"font-size: large;\"> tot ce e necesar pentru a \u00een\u0163elege Natura Existen\u0163ei. F\u0103r\u0103 aceast\u0103 Cunoa\u015ftere, accesibil\u0103 fiec\u0103rui iluminist \u00eentr-o m\u0103sur\u0103 mai mare sau mai mic\u0103 \u00een func\u0163ie de Capacit\u0103\u0163ile <\/span><\/span><span style=\"font-family: Ubuntu;\"><span style=\"font-size: large;\">Intelectuale <\/span><\/span><span style=\"font-family: Ubuntu;\"><span style=\"font-size: large;\">Individuale, nu ar fi fost posibil\u0103 Trasarea Drumului Spre O Nou\u0103 Lume, a\u015fa cum am vrut eu \u00eenc\u0103 de la \u00cenceputurile Demersului meu. Vorbesc la persoana \u00eent\u00e2i, deoarece reamintesc faptul c\u0103 sunt <\/span><\/span><span style=\"font-family: Ubuntu;\"><span style=\"font-size: large;\">aproape <\/span><\/span><span style=\"font-family: Ubuntu;\"><span style=\"font-size: large;\">SINGUR, pierz\u00e2nd eu pe drum aproape to\u0163i colaboratorii, <\/span><\/span><span style=\"font-family: Ubuntu;\"><span style=\"font-size: large;\">precum \u015fi<\/span><\/span> <span style=\"font-family: Ubuntu;\"><span style=\"font-size: large;\">faptul <\/span><\/span><span style=\"font-family: Ubuntu;\"><span style=\"font-size: large;\">c\u0103 eu am fost Ini\u0163iatorul \u015fi tot eu sunt <\/span><\/span><span style=\"font-family: Ubuntu;\"><span style=\"font-size: large;\">\u015fi <\/span><\/span><span style=\"font-family: Ubuntu;\"><span style=\"font-size: large;\">Lichidatorul <\/span><\/span><span style=\"font-family: Ubuntu;\"><span style=\"font-size: large;\">Mi\u015fc\u0103rii Dacia<\/span><\/span><span style=\"font-family: Ubuntu;\"><span style=\"font-size: large;\">. <br \/><\/span><\/span><span style=\"font-family: Ubuntu;\"><span style=\"font-size: large;\">Asta nu \u00eenseamn\u0103 c\u0103 vreodat\u0103 cineva nu va putea relua totul de la cap\u0103t, mai ales c\u0103 Bazele exist\u0103 \u00een tot ce am scris noi de-a lungul anilor \u015fi sunt FREE SOURCE.<br \/><br \/>Pornind chiar de la sfaturile mae\u015ftrilor no\u015ftri ilumini\u015fti, eu \u015fi colaboratorii mei de-a lungul anilor <\/span><\/span><span style=\"font-family: Ubuntu;\"><span style=\"font-size: large;\">(<\/span><\/span><span style=\"font-family: Ubuntu;\"><span style=\"font-size: large;\">care \u00eentre timp s-au \u201edemarcat\u201d sub o form\u0103 sau alta<\/span><\/span><span style=\"font-family: Ubuntu;\"><span style=\"font-size: large;\">)<\/span><\/span><span style=\"font-family: Ubuntu;\"><span style=\"font-size: large;\">, am interpretat totul \u00eentr-o viziune <\/span><\/span><span style=\"font-family: Ubuntu;\"><span style=\"font-size: large;\">original\u0103, ce era ancorat\u0103 \u00een specificitatea noastr\u0103 na\u0163ional\u0103. Pentru noi era evident c\u0103 nu po\u0163i implementa acelea\u015fi Modele \u00een Rom\u00e2nia \u015fi \u00een \u0163\u0103ri Sahariene, de exemplu. \u201eTerra este un Organism \u015fi are Organe\u201d este un concept drag nou\u0103 ce nu poate fi negat. Ceea ce trebuie s\u0103 fie comun \u00eentr-O Nou\u0103 Lume, cu o Nou\u0103 Ordine Mondial\u0103, sunt PRINCIPIILE. <br \/><\/span><\/span><span style=\"font-family: Ubuntu;\"><span style=\"font-size: large;\">Aplicarea \u00een Practic\u0103 a acestora este inevitabil divers\u0103 c\u00e2nd e vorba de detalii <\/span><\/span><span style=\"font-family: Ubuntu;\"><span style=\"font-size: large;\">legate de Geopolitic\u0103<\/span><\/span><span style=\"font-family: Ubuntu;\"><span style=\"font-size: large;\">.<br \/>Primele \u201esc\u00e2ntei\u201d cu ilumini\u015ftii <\/span><\/span><span style=\"font-family: Ubuntu;\"><span style=\"font-size: large;\">de Facebook <\/span><\/span><span style=\"font-family: Ubuntu;\"><span style=\"font-size: large;\">s-au iscat c\u00e2nd eu am recomandat citirea GRATIS pe Academia.edu a \u201ec\u0103r\u0163ii de c\u0103p\u0103t\u00e2i\u201d \u2013 <\/span><\/span><span style=\"font-family: Ubuntu;\"><span style=\"font-size: large;\"><b>\u201dThe Illuminati\u2019s Secret Religion\u201d<\/b><\/span><\/span><span style=\"font-family: Ubuntu;\"><span style=\"font-size: large;\"><br \/>Am fost imediat atacat c\u0103 nu respect PROPRIETATEA INTELECTUAL\u0102, ceea ce m-a \u015focat, deoarece \u00een opinia mea este RA\u0162IONAL ca cineva care este cu adev\u0103rat interesat s\u0103 stimuleze CUNOA\u015eTEREA, va face tot posibilul ca aceasta s\u0103 ajung\u0103 la c\u00e2t mai mul\u0163i, \u00een vederea cre\u0103rii acelei Mase Critice necesare. <\/span><\/span><span style=\"font-family: Ubuntu;\"><span style=\"font-size: large;\">Altfel, cum mai putem <\/span><\/span><span style=\"font-family: Ubuntu;\"><span style=\"font-size: large;\">prop\u0103v\u0103dui <\/span><\/span><span style=\"font-family: Ubuntu;\"><span style=\"font-size: large;\"> ALTRUISMUL? <\/span><\/span><span style=\"font-family: Ubuntu;\"><span style=\"font-size: large;\">Sunt \u015fi ast\u0103zi convins c\u0103 a\u015fa cum eu ca muritor de r\u00e2nd am fost \u00een stare ca \u00eempreun\u0103 cu colaboratorii mei sau de unul singur, s\u0103 contribui la Con\u015ftien\u0163a Colectiv\u0103 cu ceva, <\/span><\/span><span style=\"font-family: Ubuntu;\"><span style=\"font-size: large;\">f\u0103r\u0103 a cere bani \u00een schimb, <\/span><\/span><span style=\"font-family: Ubuntu;\"><span style=\"font-size: large;\">tot a\u015fa \u015fi autorii Illuminati o puteau face.<br \/><br \/><\/span><\/span><span style=\"font-family: Ubuntu;\"><span style=\"font-size: large;\">\u00cen ap\u0103rarea conceptului de <\/span><\/span><span style=\"font-family: Ubuntu;\"><span style=\"font-size: large;\"><b>FREE SOURCE<\/b><\/span><\/span><span style=\"font-family: Ubuntu;\"><span style=\"font-size: large;\"> pe care noi l-am predicat dar l-am \u015fi practicat, am fost eliminat \u015fi interzis pe site-ul hyperienilor!? \u00cen locul acelui <\/span><\/span><span style=\"font-family: Ubuntu;\"><span style=\"font-size: large;\">(<\/span><\/span><span style=\"font-family: Ubuntu;\"><span style=\"font-size: large;\">sau acelor<\/span><\/span><span style=\"font-family: Ubuntu;\"><span style=\"font-size: large;\">)<\/span><\/span><span style=\"font-family: Ubuntu;\"><span style=\"font-size: large;\"> administratori, eu a\u015f fi IGNORAT <\/span><\/span><span style=\"font-family: Ubuntu;\"><span style=\"font-size: large;\">\u00een cel mai r\u0103u caz, <\/span><\/span><span style=\"font-family: Ubuntu;\"><span style=\"font-size: large;\">\u00een loc s\u0103 INTERZIC. Ni se umple gura de MERITOCRA\u0162IE, dar se ignor\u0103 contribu\u0163ia noastr\u0103 la Con\u015ftien\u0163a Colectiv\u0103. Nu o spun din orgoliu, ci convins c\u0103 ceea ce am scris noi are Valoare. \u00cen aceste momente de Criz\u0103 Global\u0103 se vorbe\u015fte deja despre anumite situa\u0163ii anticipate de noi \u00een c\u0103r\u0163ile noastre, iar \u00een viitor vor emerge \u015fi altele, <\/span><\/span><span style=\"font-family: Ubuntu;\"><span style=\"font-size: large;\">necontemplate de nimeni sau necontemplate cu profunzimea noastr\u0103.<\/span><\/span><span style=\"font-family: Ubuntu;\"><span style=\"font-size: large;\"> <br \/><\/span><\/span><span style=\"font-family: Ubuntu;\"><span style=\"font-size: large;\">Cu punerea \u00een discu\u0163ie a P<\/span><\/span><span style=\"font-family: Ubuntu;\"><span style=\"font-size: large;\"><b>ROP<\/b><\/span><\/span><span style=\"font-family: Ubuntu;\"><span style=\"font-size: large;\"><b>R<\/b><\/span><\/span><span style=\"font-family: Ubuntu;\"><span style=\"font-size: large;\"><b>IET\u0102\u0162II INTELECTUALE<\/b><\/span><\/span><span style=\"font-family: Ubuntu;\"><span style=\"font-size: large;\">, evident c\u0103 am pus \u00een discu\u0163ie <\/span><\/span><span style=\"font-family: Ubuntu;\"><span style=\"font-size: large;\"><b>PROPRIETATEA PRIVAT\u0102<\/b><\/span><\/span><span style=\"font-family: Ubuntu;\"><span style=\"font-size: large;\"> \u00een general, ceea ce a amplificat tensiunile, de\u015fi \u00een multe r\u00e2nduri Illuminati sus\u0163in c\u0103 <\/span><\/span><span style=\"font-family: Ubuntu;\"><span style=\"font-size: large;\"><b>\u201edac\u0103 primul om care a spus ASTA E PROPRIETATEA MEA ar fi fost ignorat sau considerat nebun, alta ar fi fost soarta omenirii\u201d!?<br \/><\/b><\/span><\/span><span style=\"font-family: Ubuntu;\"><span style=\"font-size: large;\">S-a<\/span><\/span><b> <\/b><span style=\"font-family: Ubuntu;\"><span style=\"font-size: large;\">ajuns p\u00e2n\u0103 acolo c\u0103 am fost categorisit drept comunist \u015fi troll, dar nu era prima oar\u0103, deoarece mul\u0163i right-wingers o f\u0103cuser\u0103 \u00eenainte. Da, m\u0103 men\u0163in pe pozi\u0163ia c\u0103 Antiteza <\/span><\/span><span style=\"font-family: Ubuntu;\"><span style=\"font-size: large;\"><b>Comunism<\/b><\/span><\/span><span style=\"font-family: Ubuntu;\"><span style=\"font-size: large;\"> este mai aproape de <\/span><\/span><span style=\"font-family: Ubuntu;\"><span style=\"font-size: large;\">Sint<\/span><\/span><span style=\"font-family: Ubuntu;\"><span style=\"font-size: large;\">eza <\/span><\/span><span style=\"font-family: Ubuntu;\"><span style=\"font-size: large;\"><b>Maritocra\u0163ia Iluminist\u0103<\/b><\/span><\/span> <span style=\"font-family: Ubuntu;\"><span style=\"font-size: large;\">dec\u00e2t Teza <\/span><\/span><span style=\"font-family: Ubuntu;\"><span style=\"font-size: large;\"><b>Capitalism<\/b><\/span><\/span><span style=\"font-family: Ubuntu;\"><span style=\"font-size: large;\">. Este motivul principal pentru care nu-mi place termenul de <\/span><\/span><span style=\"font-family: Ubuntu;\"><span style=\"font-size: large;\"><b>Capitalism Social, <\/b><\/span><\/span><span style=\"font-family: Ubuntu;\"><span style=\"font-size: large;\">alt \u201em\u0103r al discordiei\u201d ce a condus la eliminarea mea din grup. <\/span><\/span><span style=\"font-family: Ubuntu;\"><span style=\"font-size: large;\">Se pare c\u0103 ilumini\u015ftii de Facebook nu cunosc acest<\/span><\/span><span style=\"font-family: Ubuntu;\"><span style=\"font-size: large;\">e<\/span><\/span><span style=\"font-family: Ubuntu;\"><span style=\"font-size: large;\"> citat<\/span><\/span><span style=\"font-family: Ubuntu;\"><span style=\"font-size: large;\">e<\/span><\/span><span style=\"font-family: Ubuntu;\"><span style=\"font-size: large;\">:<br \/><br \/>&#8211; <\/span><\/span><span style=\"color: #222222;\"><span style=\"font-family: Ubuntu;\"><span style=\"font-size: large;\"><b>\u201e\u0218arpele care nu poate sc\u0103pa de piele va pieri. La fel \u0219i Spiritul: cel care este \u00eempiedicat s\u0103 \u00ee\u0219i schimbe ideile, \u00eenceteaz\u0103 s\u0103 mai fie Spirit&#8221;.<\/b><\/span><\/span><\/span><span style=\"font-family: Ubuntu;\"><span style=\"font-size: large;\"><br \/><br \/>&#8211; <\/span><\/span><span style=\"font-family: Ubuntu;\"><span style=\"font-size: large;\"><b>\u201e<\/b><\/span><\/span><span style=\"color: #222222;\"><span style=\"font-family: Ubuntu;\"><span style=\"font-size: large;\"><b>Un t\u00e2n\u0103r este corupt \u00een cel mai sigur mod, dac\u0103 este \u00eenv\u0103\u021bat s\u0103 \u00eei stimeze pe cei care g\u00e2ndesc ca el, mai mult dec\u00e2t cei care g\u00e2ndesc diferit.&#8221; <br \/><br \/>&#8211; <\/b><\/span><\/span><\/span><span style=\"color: #222222;\"><span style=\"font-family: Ubuntu;\"><span style=\"font-size: large;\"><b>Nietzsche<\/b><\/span><\/span><\/span><span style=\"color: #222222;\"><span style=\"font-family: Ubuntu;\"><span style=\"font-size: large;\"><br \/><\/span><\/span><\/span><span style=\"font-family: Ubuntu;\"><span style=\"font-size: large;\"><br \/>Nu o s\u0103 intru \u00een detalii asupra celor scrise p\u00e2n\u0103 aici, interesa\u0163ii put\u00e2ndu-le g\u0103si \u00een c\u0103r\u0163ile noastre.<br \/><br \/>\u015ei a venit <\/span><\/span><span style=\"font-family: Ubuntu;\"><span style=\"font-size: large;\"><b>Criza COVID <\/b><\/span><\/span><span style=\"font-family: Ubuntu;\"><span style=\"font-size: large;\">care a fost \u201epic\u0103tura chinezeasc\u0103\u201d nu numai pentru <\/span><\/span><span style=\"font-family: Ubuntu;\"><span style=\"font-size: large;\">Sistemul \u00een proces avansat de Implozie, ci \u015fi pentru mine. Au \u00eenceput s\u0103 apar\u0103 la ilumini\u015fti <\/span><\/span><span style=\"font-family: Ubuntu;\"><span style=\"font-size: large;\">O<\/span><\/span><span style=\"font-family: Ubuntu;\"><span style=\"font-size: large;\">pinii \u015fi <\/span><\/span><span style=\"font-family: Ubuntu;\"><span style=\"font-size: large;\">A<\/span><\/span><span style=\"font-family: Ubuntu;\"><span style=\"font-size: large;\">titudini care demonstrau clar <\/span><\/span><span style=\"font-family: Ubuntu;\"><span style=\"font-size: large;\">din punctul meu de vedere, <\/span><\/span><span style=\"font-family: Ubuntu;\"><span style=\"font-size: large;\">o Ne\u00een\u0163elegere Alarmant\u0103 a Realit\u0103\u0163ii.<br \/>\u00cen continuare o s\u0103 le denun\u0163, cu argumentele de rigoare, <\/span><\/span><span style=\"font-family: Ubuntu;\"><span style=\"font-size: large;\">chiar dac\u0103 mul\u0163i din anturajul meu o<\/span><\/span><span style=\"font-family: Ubuntu;\"><span style=\"font-size: large;\">r<\/span><\/span><span style=\"font-family: Ubuntu;\"><span style=\"font-size: large;\"> s\u0103 se supere.<br \/><br \/><\/span><\/span><span style=\"color: #222222;\"><span style=\"font-family: Ubuntu;\"><span style=\"font-size: large;\"><b>\u201e\u00cendr\u0103zne\u0219te s\u0103 fii Imoral ca Natura\u201d.<\/b><\/span><\/span><\/span><span style=\"font-family: Ubuntu;\"><span style=\"font-size: large;\"><br \/><\/span><\/span><span style=\"font-family: Ubuntu;\"><span style=\"font-size: large;\"><br \/><br \/><br \/><br \/><\/span><\/span><span style=\"font-family: Ubuntu;\"><span style=\"font-size: x-large;\"><b>PREMIS\u0102<\/b><\/span><\/span><span style=\"font-family: Ubuntu;\"><span style=\"font-size: large;\"><br \/><br \/><br \/><br \/>Sunt con\u015ftient c\u0103 Destabilizarea SUB ORICE FORM\u0102 a Sistemului poate fi benefic\u0103 unei Agende Iluministe, deci \u00een raportul nostru cu <\/span><\/span><span style=\"font-family: Ubuntu;\"><span style=\"font-size: large;\">ceilal\u0163i<\/span><\/span><span style=\"font-family: Ubuntu;\"><span style=\"font-size: large;\">, putem Manipula pentru a ne atinge Scopul, dar atunci c\u00e2nd \u201esuntem \u00eentre noi\u201d trebuie s\u0103 avem o alt\u0103 atitudine. \u00cen caz contrar, cineva ar putea g\u00e2ndi c\u0103 \u015fi noi suntem MAS\u0102 DE MANEVR\u0102 \u015fi nu mi se pare <\/span><\/span><span style=\"font-family: Ubuntu;\"><span style=\"font-size: large;\">c\u0103 merit\u0103m<\/span><\/span><span style=\"font-family: Ubuntu;\"><span style=\"font-size: large;\">. Grupurile Facebook sunt alc\u0103tuite \u00een general de oameni deschi\u015fi c\u0103tre Iluminism \u015fi nu trebuiesc \u00eembrobodi\u0163i. <br \/><\/span><\/span><span style=\"font-family: Ubuntu;\"><span style=\"font-size: large;\">Incoeren\u0163a cu Principiile enun\u0163ate \u00een c\u0103r\u0163ile iluministe pot \u00eendep\u0103rta tocmai pe cei mai inteligen\u0163i.<\/span><\/span><span style=\"font-family: Ubuntu;\"><span style=\"font-size: large;\"><br \/>ADEV\u0102RUL trebuie spus, chiar dac\u0103 DOARE&#8230; iar eu o s\u0103 produc \u00een continuare mult\u0103 DURERE <\/span><\/span><span style=\"font-family: Ubuntu;\"><span style=\"font-size: large;\">celor care numai aparent sunt ilumini\u015fti<\/span><\/span><span style=\"font-family: Ubuntu;\"><span style=\"font-size: large;\">! <\/span><\/span><span style=\"font-family: Ubuntu;\"><span style=\"font-size: large;\">Aparent, deoarece dac\u0103 se promoveaz\u0103 IDEI ale Guvernan\u0163ilor Liberali <\/span><\/span><span style=\"font-family: Ubuntu;\"><span style=\"font-size: large;\">\u015fi ale Organelor Mediatice aflate \u00een totalitate \u00een m\u00e2na celor 1%, multe semne de \u00eentrebare se ridic\u0103.<\/span><\/span><span style=\"font-family: Ubuntu;\"><span style=\"font-size: large;\"><br \/><br \/><br \/><\/span><\/span><span style=\"font-family: Ubuntu;\"><span style=\"font-size: x-large;\"><b>TEORII CONSPIRA\u0162IONISTE<\/b><\/span><\/span><span style=\"font-family: Ubuntu;\"><span style=\"font-size: large;\"><br \/><br \/>\u00cen cazul specific al <\/span><\/span><span style=\"font-family: Ubuntu;\"><span style=\"font-size: large;\"><b>Crizei Covid-19,<\/b><\/span><\/span><span style=\"font-family: Ubuntu;\"><span style=\"font-size: large;\"> sus\u0163in cu t\u0103rie c\u0103 suntem \u00een plin\u0103 actualizare a unei CONSPIRA\u0162II \u015fi nu sunt singurul, mul\u0163i oameni chiar mai COMPETEN\u0162I ca mine sus\u0163in\u00e2nd acest lucru. Nu o s\u0103 revin cu detalii ce pot fi g\u0103site \u00een Cartea Albastr\u0103, inclusiv \u00een limba englez\u0103. Desigur <\/span><\/span><span style=\"font-family: Ubuntu;\"><span style=\"font-size: large;\">s<\/span><\/span><span style=\"font-family: Ubuntu;\"><span style=\"font-size: large;\">unt<\/span><\/span> <span style=\"font-family: Ubuntu;\"><span style=\"font-size: large;\">numai supozi\u0163ii \u015fi nu am <\/span><\/span><span style=\"font-family: Ubuntu;\"><span style=\"font-size: large;\">nicidecum <\/span><\/span><span style=\"font-family: Ubuntu;\"><span style=\"font-size: large;\">preten\u0163ia de a fi <\/span><\/span><span style=\"font-family: Ubuntu;\"><span style=\"font-size: large;\">un Oracol; prezint numai un Scenariu Posibil, baz\u00e2ndu-m\u0103 pe Argumente Logice \u015fi Ra\u0163ionale, dar \u015fi pe propriile Intui\u0163ii.<br \/>Mul\u0163i ilumini\u015fti (e drept c\u0103 nu to\u0163i), au s\u0103rit de cur \u00een sus, pentru c\u0103 ei sus\u0163in ideea Illuminati precum c\u0103 Teoriile Conspira\u0163ioniste sunt opera unor Trolls origina\u0163i de OWO \u015fi ale unor IGNORAN\u0162I. Din ce am citit eu apropos de acestea, sunt <\/span><\/span><span style=\"font-family: Ubuntu;\"><span style=\"font-size: large;\">prezentate \u015fi<\/span><\/span><span style=\"font-family: Ubuntu;\"><span style=\"font-size: large;\"> nume ale unor astfel de specimene, dar care vizau \u00een mod particular <\/span><\/span><span style=\"font-family: Ubuntu;\"><span style=\"font-size: large;\">opinii false despre<\/span><\/span><span style=\"font-family: Ubuntu;\"><span style=\"font-size: large;\"> societatea secret\u0103 Illuminati.<br \/><\/span><\/span><span style=\"font-family: Ubuntu;\"><span style=\"font-size: large;\">Oricum, chiar \u015fi \u00een c\u0103r\u0163ile Illuminati am g\u0103sit afirma\u0163ii hazardate, ca s\u0103 nu zic mai r\u0103u. De exemplu, Atacul asupraTurnurilor Gemene este considerat un act al unor fanatici islami\u015fti, nicidecum o CONSPIRA\u0162IE <\/span><\/span><span style=\"font-family: Ubuntu;\"><span style=\"font-size: large;\">cu un spectru mai larg<\/span><\/span><span style=\"font-family: Ubuntu;\"><span style=\"font-size: large;\">. Eu unul sunt convins c\u0103 ni\u015fte Criminali cu Inteligen\u0163\u0103 Diabolic\u0103, pot s\u0103 foloseasc\u0103 m\u00e2na al<\/span><\/span><span style=\"font-family: Ubuntu;\"><span style=\"font-size: large;\">t<\/span><\/span><span style=\"font-family: Ubuntu;\"><span style=\"font-size: large;\">cuiva pentru o Crim\u0103. Cum nu avem Probe c\u0103 nu e o astfel de situa\u0163ie, nici nu o putem exclude a priori.<br \/><\/span><\/span><span style=\"font-family: Ubuntu;\"><span style=\"font-size: large;\"><b>\u201eAbsen\u0163a <\/b><\/span><\/span><span style=\"font-family: Ubuntu;\"><span style=\"font-size: large;\"><b>de <\/b><\/span><\/span><span style=\"font-family: Ubuntu;\"><span style=\"font-size: large;\"><b>probe, nu este prob<\/b><\/span><\/span><span style=\"font-family: Ubuntu;\"><span style=\"font-size: large;\"><b>\u0103 de<\/b><\/span><\/span><span style=\"font-family: Ubuntu;\"><span style=\"font-size: large;\"><b> absen\u0163<\/b><\/span><\/span><span style=\"font-family: Ubuntu;\"><span style=\"font-size: large;\"><b>\u0103<\/b><\/span><\/span><span style=\"font-family: Ubuntu;\"><span style=\"font-size: large;\"><b>\u201d \u2013 <\/b><\/span><\/span><span style=\"font-family: Ubuntu;\"><span style=\"font-size: large;\"><b>C. <\/b><\/span><\/span><span style=\"font-family: Ubuntu;\"><span style=\"font-size: large;\"><b>Sagan (Principiul Precau\u0163iei)<\/b><\/span><\/span><span style=\"font-family: Ubuntu;\"><span style=\"font-size: large;\"><br \/><\/span><\/span><span style=\"font-family: Ubuntu;\"><span style=\"font-size: large;\">\u00cen general, suntem zi de zi supu\u015fi unor Fake News, Fals Flags \u015fi alte Manipul\u0103ri, ce nu pot fi altceva dec\u00e2t Scenarii <\/span><\/span><span style=\"font-family: Ubuntu;\"><span style=\"font-size: large;\">conforme unei<\/span><\/span><span style=\"font-family: Ubuntu;\"><span style=\"font-size: large;\"> Agende Conspira\u0163ioniste. <br \/>Noi ilumini\u015ftii nu putem s\u0103 neg\u0103m Agendele Conspira\u0163ioniste, de dat\u0103 c<\/span><\/span><span style=\"font-family: Ubuntu;\"><span style=\"font-size: large;\">e c<\/span><\/span><span style=\"font-family: Ubuntu;\"><span style=\"font-size: large;\">hiar \u015fi noi avem Armageddon Conspiracy \u015fi am fi chiar Naivi s\u0103 credem c\u0103 adversarii nu le au!?<br \/><\/span><\/span><span style=\"font-family: Ubuntu;\"><span style=\"font-size: large;\">Morgue sus\u0163ine c\u0103 OWO nu are nicio Agend\u0103 \u015fi c\u0103 de fapt se cac\u0103 pe ei de Fric\u0103, <\/span><\/span><span style=\"font-family: Ubuntu;\"><span style=\"font-size: large;\">induc\u00e2ndu-ne s\u0103 c\u0103dem \u00een Capcana <\/span><\/span><span style=\"font-family: Ubuntu;\"><span style=\"font-size: large;\">MASCARADEI, F\u0102R\u00c2MI\u0162\u0102RII SOCIALE \u015fi ARESTULUI LA DOMICILIU<\/span><\/span><span style=\"font-family: Ubuntu;\"><span style=\"font-size: large;\">!? <br \/>Subestimarea adversarului nu poate duce la altceva dec\u00e2t \u00ceNFR\u00c2NGERE!<\/span><\/span><span style=\"font-family: Ubuntu;\"><span style=\"font-size: large;\"> <br \/>Culmea este c\u0103 aceast\u0103 atitudine fa\u0163\u0103 de Teoriile Conspira\u0163ioniste, este \u00eemp\u0103rt\u0103\u015fit\u0103 at\u00e2t de Media Oficial\u0103, Organiza\u0163ii Globaliste, Guverne, Filantropi Dubio\u015fi, dar \u015fi de &#8230; ilumini\u015fti!?!?&#8230; \u015fi o s\u0103 vedem c\u0103 nu e un caz izolat, ci <\/span><\/span><span style=\"font-family: Ubuntu;\"><span style=\"font-size: large;\">asist\u0103m la o convergen\u0163\u0103 tot mai marcat\u0103<\/span><\/span><span style=\"font-family: Ubuntu;\"><span style=\"font-size: large;\">!? <br \/><\/span><\/span><span style=\"font-family: Ubuntu;\"><span style=\"font-size: large;\">\u00cen concluzie, dac\u0103 se ignor\u0103 existen\u0163a unei CONSPIRA\u0162II, nici nu se poate elabora o Strategie de Contrast! Se ignor\u0103 \u00een acest fel o serie de evenimente ce nu au niciun ecou \u00een r\u00e2ndul ilumini\u015ftilor.<br \/><\/span><\/span><span style=\"font-family: Ubuntu;\"><span style=\"font-size: large;\">Iat\u0103 c\u00e2teva: exportul de democra\u0163ie, revolu\u0163iile colorate, prim\u0103verile arabe, embargoul impus t\u0103rilor \u201erecalcitrante\u201d \u015fi ac\u0163iunile f\u0103\u0163i\u015f ostile fa\u0163\u0103 de acestea (Yugoslavia, Cuba, <\/span><\/span><span style=\"font-family: Ubuntu;\"><span style=\"font-size: large;\">Irak, <\/span><\/span><span style=\"font-family: Ubuntu;\"><span style=\"font-size: large;\">Venezuela, Iran, Coreea de Nord, Rusia, China, Siria \u015f.a.).<br \/>De cur\u00e2nd, ca s\u0103 dau numai un exe<\/span><\/span><span style=\"font-family: Ubuntu;\"><span style=\"font-size: large;\">m<\/span><\/span><span style=\"font-family: Ubuntu;\"><span style=\"font-size: large;\">plu pentru a nu m\u0103 extinde, am citit despre \u201epersecutarea uigurilor \u00een Chi<\/span><\/span><span style=\"font-family: Ubuntu;\"><span style=\"font-size: large;\">n<\/span><\/span><span style=\"font-family: Ubuntu;\"><span style=\"font-size: large;\">a comunist\u0103\u201d. Evident c\u0103 s-a c\u0103zut \u00een Capcana Sistemului. Uigurii fundamentali\u015fti islamici au f\u0103cut c\u00e2teva atentate \u00een China despre care Media Oficial\u0103 nu a scris niciun r\u00e2nd. Noi ca ilumini\u015fti condamn\u0103m Islamul cu Vorbe, dar Fapte nu suntem \u00een stare s\u0103 proiect\u0103m!? Chinezii au un Stat Puternic ce nu st\u0103 pe g\u00e2nduri \u015fi practic l-a omor\u00e2t pe YHWH&amp;co. Nu este \u0103sta un Obiectiv Iluminist??? <\/span><\/span><span style=\"font-family: Ubuntu;\"><span style=\"font-size: large;\">Despre Cuba \u015fi Venezuela nu g\u0103se\u015fti nicio referire la ilumini\u015ftii de Facebook!? E drept c\u0103 nu vedem la ace\u015ftia nici \u201epunerea \u00een cruce\u201d a acestor \u201eregimuri\u201d, dar <\/span><\/span><span style=\"font-family: Ubuntu;\"><span style=\"font-size: large;\">principiul <\/span><\/span><span style=\"font-family: Ubuntu;\"><span style=\"font-size: large;\">\u201esilenzio-assenso\u201d (T\u0103cere =Aprobare) poate fi considerat.<br \/>Are asta vreo leg\u0103tur\u0103 cu Capitalismul Social?<br \/>Eu zic c\u0103 DA!<br \/><br \/><br \/><br \/><br \/><br \/><br \/><br \/><\/span><\/span><span style=\"font-family: Ubuntu;\"><span style=\"font-size: x-large;\"><b>THE WALLS<\/b><\/span><\/span><span style=\"font-family: Ubuntu;\"><span style=\"font-size: large;\"><br \/><br \/><br \/><br \/><br \/>S-au v\u0103rsat tone de cerneal\u0103 <\/span><\/span><span style=\"font-family: Ubuntu;\"><span style=\"font-size: large;\">pe tema Zidului de la Berlin, dar pu\u0163ini sunt azi con\u015ftien\u0163i de faptul c\u0103 a fost o Contra Revolu\u0163ie a OWO, o deturnare de pe o Cale Mai Scurt\u0103 Spre Meritocra\u0163ia Iluminist\u0103&#8230; o s\u0103 ne d\u0103m seama cur\u00e2nd!<br \/><\/span><\/span><span style=\"font-family: Ubuntu;\"><span style=\"font-size: large;\">\u00cen ultimul timp s-au ridicat alte ZIDURI \u00eempotriva EMIGRA\u0162IEI S\u0102LBATICE.<br \/>St\u00e2nga Regresiv\u0103 a condamnat aceste Ziduri \u015fi a promovat Ira\u0163ional MULTICULTURALISMUL, mul\u0163i ilumini\u015fti necunosc\u00e2nd <\/span><\/span><span style=\"font-family: Ubuntu;\"><span style=\"font-size: large;\">sau ignor\u00e2nd <\/span><\/span><span style=\"font-family: Ubuntu;\"><span style=\"font-size: large;\">aversiunea ILLUMINATI \u00een aceast\u0103 chestiune <\/span><\/span><span style=\"font-family: Ubuntu;\"><span style=\"font-size: large;\">dup\u0103 cum se poate afla din c\u0103r\u0163ile lor<\/span><\/span><span style=\"font-family: Ubuntu;\"><span style=\"font-size: large;\">!?<br \/>Dup\u0103 cum am mai spus, SUA \u015fi \u00een ultimii ani \u015fi UE, sunt exemplu clar de FALIMENT AL MULTICULTURALISMULUI. Ambele pl\u0103tesc azi Poli\u0163a Colonialismului, Neo-Colonialismului \u015fi Globaliz\u0103rii \u015fi sunt pe cale de a-\u015fi pierde Controlul Global \u00een favoarea \u0163\u0103rilor MONOCULTURALE.<br \/>Trebuie s\u0103 fi ori IGNORANT, ori V\u00c2NDUT s\u0103 nu pricepi c\u0103 EMIGRA\u0162IA S\u0102LBATIC\u0102 a servit Puterii Oculte a OWO, pentru furnizarea de NOI SCLAVI \u015fi sl\u0103birea tot mai puternic\u0103 a \u0163\u0103rilor de origine a emigran\u0163ilor.<br \/>S\u0103 fie clar, eu sunt un astfel de emigrant recent \u015fi <\/span><\/span><span style=\"font-family: Ubuntu;\"><span style=\"font-size: large;\">am argumentat deja \u00een c\u0103r\u0163ile noastre cu ARGUMENTE RA\u0162IONALE \u015fi LOGICE. Revin cu un singu<\/span><\/span><span style=\"font-family: Ubuntu;\"><span style=\"font-size: large;\">r<\/span><\/span><span style=\"font-family: Ubuntu;\"><span style=\"font-size: large;\"> exemplu ce poate fi extins la alte domenii \u015fi \u0163\u0103ri: din Rom\u00e2nia au plecat \u00een Occident \u00een ultimii ani 30.000 de medici \u201egata preg\u0103ti\u0163i prin sudoarea \u00eentregului popor\u201d. Nu e greu s\u0103 tragi concluziile de rigoare!? <\/span><\/span><span style=\"font-family: Ubuntu;\"><span style=\"font-size: large;\">Cine a pierdut \u015fi cine a c\u00e2\u015ftigat??? <\/span><\/span><span style=\"font-family: Ubuntu;\"><span style=\"font-size: large;\">Se pare c\u0103 ilumini\u015ftii IGNOR\u0102 acest lucru \u015fi asta e foarte grav!!!<br \/>De ce nu se manifest\u0103 ilumini\u015ftii pentru a face \u00een a\u015fa fel ca \u201efiecare s\u0103 stea bine acas\u0103 la el\u201d???<br \/>Vor ilumini\u015ftii s\u0103 goleasc\u0103 de COMPETEN\u0162E \u015fi de FOR\u0162A DE MUNC\u0102 T\u00c2N\u0102R\u0102 <\/span><\/span><span style=\"font-family: Ubuntu;\"><span style=\"font-size: large;\">\u015eI CALIFICAT\u0102 <\/span><\/span><span style=\"font-family: Ubuntu;\"><span style=\"font-size: large;\">\u0163\u0103rile deja SUBDEZVOLTATE? Se pare c\u0103 DA!?<br \/>P\u00e2n\u0103 \u00een aceste zile c\u00e2nd Vechea Agend\u0103 era pe rol, OWO avea tot interesul s\u0103 le goleasc\u0103, fiindu-le mai u\u015for s\u0103 <\/span><\/span><span style=\"font-family: Ubuntu;\"><span style=\"font-size: large;\">le <\/span><\/span><span style=\"font-family: Ubuntu;\"><span style=\"font-size: large;\">fure Resurse<\/span><\/span><span style=\"font-family: Ubuntu;\"><span style=\"font-size: large;\">le<\/span><\/span><span style=\"font-family: Ubuntu;\"><span style=\"font-size: large;\">. <br \/>Suntem noi ilumini\u015ftii \u201e\u00een aceea\u015fi barc\u0103\u201d cu ei???<br \/>DA, dup\u0103 cum am <\/span><\/span><span style=\"font-family: Ubuntu;\"><span style=\"font-size: large;\">mai <\/span><\/span><span style=\"font-family: Ubuntu;\"><span style=\"font-size: large;\">spus, noi <\/span><\/span><span style=\"font-family: Ubuntu;\"><span style=\"font-size: large;\">ilumini\u015ftii <\/span><\/span><span style=\"font-family: Ubuntu;\"><span style=\"font-size: large;\">putem exploata Tensiunile Sociale care rezu<\/span><\/span><span style=\"font-family: Ubuntu;\"><span style=\"font-size: large;\">lt<\/span><\/span><span style=\"font-family: Ubuntu;\"><span style=\"font-size: large;\">\u0103, pentru a gr\u0103bi Implozia Sistemului, dar \u0163in\u00e2nd cont de consecin\u0163ele pe termen lung, MERIT\u0102 <\/span><\/span><span style=\"font-family: Ubuntu;\"><span style=\"font-size: large;\">oare<\/span><\/span><span style=\"font-family: Ubuntu;\"><span style=\"font-size: large;\">???<br \/>Eu zic: categoric NU!!!<br \/>Numai faptul c\u0103 majorit\u0103\u0163ile democratice din \u0163\u0103rile dezvoltate alunec\u0103 inexorabil spre Dreapta Extrem\u0103 <\/span><\/span><span style=\"font-family: Ubuntu;\"><span style=\"font-size: large;\">pe tema MULTICULTURALISMULUI ST\u00c2NGII REGRESIVE<\/span><\/span><span style=\"font-family: Ubuntu;\"><span style=\"font-size: large;\">, ar trebui s\u0103 ne dea de g\u00e2ndit. <\/span><\/span><span style=\"font-family: Ubuntu;\"><span style=\"font-size: large;\">St\u00e2nga Regresiv\u0103, c\u0103reia apartin NeCon\u015ftient majoritatea ilumini\u015ftilor, face Jocul Dreptei Extreme \u015fi m\u0103 \u00eentreb dac\u0103 asta nu e chiar parte a Noii Agende OWO, pus\u0103 diabolic de inteligent \u00een practic\u0103: <\/span><\/span><span style=\"font-family: Ubuntu;\"><span style=\"font-size: large;\"><b>nu noi <\/b><\/span><\/span><span style=\"font-family: Ubuntu;\"><span style=\"font-size: large;\"><b>ilumini\u015ftii <\/b><\/span><\/span><span style=\"font-family: Ubuntu;\"><span style=\"font-size: large;\"><b>producem Implozia OWO, ci invers!?<\/b><\/span><\/span><span style=\"font-family: Ubuntu;\"><span style=\"font-size: large;\"><br \/>Numai o Revolu\u0163ie Global\u0103 poate redresa situa\u0163ia, dar se pare c\u0103 nu are CINE s-o fac\u0103!? <br \/><\/span><\/span><span style=\"font-family: Ubuntu;\"><span style=\"font-size: large;\"><b>\u201eVorbim de sexul \u00eengerilor \u015fi turcii sunt sub Ziduri!\u201d<\/b><\/span><\/span><span style=\"font-family: Ubuntu;\"><span style=\"font-size: large;\"><br \/>Vorbim \u00eentre noi de Matematica Ontologic\u0103, Filosofie, Psihologie, DMT; LGBTQ, Vise Lucide \u015famd. de\u015fi ar cam fi cazul s\u0103 vorbim de AC\u0162IUNI CONCRETE \u00ceMPOTRIVA SISTEMULUI, mai ales c\u0103 \u00eentre noi ne-am cam spus ce era de spus \u015fi nu mai are sens s\u0103 \u201ebatem apa-n piu\u0103\u201d. <br \/>A venit vremea s\u0103 producem <\/span><\/span><span style=\"font-family: Ubuntu;\"><span style=\"font-size: large;\"><b>Proiecte De \u0162ar\u0103 \u015fi De Lume <\/b><\/span><\/span><span style=\"font-family: Ubuntu;\"><span style=\"font-size: large;\">concretizabile cu Mi\u015fc\u0103ri Politice Iluministe. Noi am f\u0103cut-o, e drept f\u0103r\u0103 succes, dar asta nu \u00eenseamn\u0103 c\u0103 nu e posibil. \u00cen \u0163\u0103rile Dezvoltate a\u015fa ceva este (\u00eenc\u0103) posibil \u015fi chiar URGENT!<br \/>Problema ZIDURILOR trebuie abordat\u0103 RA\u0162IONAL \u015fi LOGIC.<br \/>Trebuie mers la CAUZELE EMIGRA\u0162IEI S\u0102LBATICE, ci nu trebuie s\u0103 ne limit\u0103m la combaterea EFECTELOR! <br \/><\/span><\/span><span style=\"font-family: Ubuntu;\"><span style=\"font-size: large;\">Trebuie s\u0103 aplic\u0103m ad litteram Principiul Oportunit\u0103\u0163ilor Egale la nivel de State!<br \/><\/span><\/span><span style=\"font-family: Ubuntu;\"><span style=\"font-size: large;\">Spunem adesea c\u0103 \u201enu trebuie l\u0103sat nimeni \u00een urm\u0103\u201d!? P\u0103i hai s-o <\/span><\/span><span style=\"font-family: Ubuntu;\"><span style=\"font-size: large;\">FACEM<\/span><\/span><span style=\"font-family: Ubuntu;\"><span style=\"font-size: large;\">, nu numai s-o declar\u0103m patetic <\/span><\/span><span style=\"font-family: Ubuntu;\"><span style=\"font-size: large;\">cu VORBE<\/span><\/span><span style=\"font-family: Ubuntu;\"><span style=\"font-size: large;\">!!!<\/span><\/span><span style=\"font-family: Ubuntu;\"><span style=\"font-size: large;\"><br \/>Trebuie s\u0103 urm\u0103rim realizarea Statului Puternic Meritocratic Iluminist \u015fi asta nu o vom realiza prin Islamizarea Europei \u015fi a Lumii.<\/span><\/span><span style=\"font-family: Ubuntu;\"><span style=\"font-size: large;\"><br \/>S<\/span><\/span><span style=\"font-family: Ubuntu;\"><span style=\"font-size: large;\">\u0103<\/span><\/span><span style=\"font-family: Ubuntu;\"><span style=\"font-size: large;\"> nu uit\u0103m c\u0103 toate marile Imperii au dec\u0103zut \u00een <\/span><\/span><span style=\"font-family: Ubuntu;\"><span style=\"font-size: large;\">epoca<\/span><\/span><span style=\"font-family: Ubuntu;\"><span style=\"font-size: large;\"> MIGRA\u0162IILOR S\u0102LBATICE.<br \/>Vrem \u015fi noi asta?<br \/>Cu toate cele ce nu au fost \u015fi nu sunt \u00een regul\u0103 cu civiliza\u0163ia noastr\u0103, s\u0103 nu uit\u0103m c\u0103 aici s-au ridicat Marile Idei \u015fi Personalit\u0103\u0163i care au condi\u0163ionat Evolu\u0163ia Omenirii. Eu nu cred c\u0103 o Atitudine Masochist\u0103 este RA\u0162IONAL\u0102. Dac\u0103 nu pricepem c\u0103 o astfel de atitudine \u00eenlesne\u015fte o NIVELARE \u00ceN JOS a Con\u015ftien\u0163ei Colective, nimic nu am priceput din tot ce am citit!!!<br \/><\/span><\/span><span style=\"font-family: Ubuntu;\"><span style=\"font-size: large;\">M\u0103 \u00eentreb \u015fi \u00eei \u00eentreb pe to\u0163i ilumini\u015ftii de Facebook: \u015fti\u0163i ceva de <\/span><\/span><span style=\"font-family: Ubuntu;\"><span style=\"font-size: large;\"><b>PLANUL KALERGI?<\/b><\/span><\/span><span style=\"font-family: Ubuntu;\"><span style=\"font-size: large;\"><br \/>Acest Plan avea \u00een vedere crearea unei Rase <\/span><\/span><span style=\"font-family: Ubuntu;\"><span style=\"font-size: large;\">Unice <\/span><\/span><span style=\"font-family: Ubuntu;\"><span style=\"font-size: large;\">Euro-Asiatico-Africane \u00een Europa. <br \/>Kalergi este printre primii <\/span><\/span><span style=\"font-family: Ubuntu;\"><span style=\"font-size: large;\">ideatori<\/span><\/span> <span style=\"font-family: Ubuntu;\"><span style=\"font-size: large;\">ai<\/span><\/span><span style=\"font-family: Ubuntu;\"><span style=\"font-size: large;\"> Uniun<\/span><\/span><span style=\"font-family: Ubuntu;\"><span style=\"font-size: large;\">ii<\/span><\/span><span style=\"font-family: Ubuntu;\"><span style=\"font-size: large;\"> Europe<\/span><\/span><span style=\"font-family: Ubuntu;\"><span style=\"font-size: large;\">ne<\/span><\/span><span style=\"font-family: Ubuntu;\"><span style=\"font-size: large;\">.<br \/>Eu <\/span><\/span><span style=\"font-family: Ubuntu;\"><span style=\"font-size: large;\">sunt total \u00eempotriva acestei ABERA\u0162II dintr-un singur motiv: <\/span><\/span><span style=\"font-family: Ubuntu;\"><span style=\"font-size: large;\"><b>BIODIVERSITATEA<\/b><\/span><\/span><span style=\"font-family: Ubuntu;\"><span style=\"font-size: large;\"> nu trebuie s-o men\u0163inem numai \u00een lumea animalelor \u015fi plantelor, ci \u015fi a oamenilor.<br \/>Ca fapt divers, \u00een <\/span><\/span><span style=\"font-family: Ubuntu;\"><span style=\"font-size: large;\"><b>STAR TREK<\/b><\/span><\/span><span style=\"font-family: Ubuntu;\"><span style=\"font-size: large;\"> se noteaz\u0103 diversele rase existente \u015fi azi, a\u015fa c\u0103 atunci c\u00e2nd cita\u0163i acest viitor luminos al omenirii, \u0163ine\u0163i cont \u015fi de asta!!!<br \/><\/span><\/span><span style=\"font-family: Ubuntu;\"><span style=\"font-size: large;\">M\u0103 mai \u00eentreb cum de mul\u0163i ilumini\u015fti ridic\u0103 osanale lui <\/span><\/span><span style=\"font-family: Ubuntu;\"><span style=\"font-size: large;\"><b>George Soros<\/b><\/span><\/span><span style=\"font-family: Ubuntu;\"><span style=\"font-size: large;\">, un <\/span><\/span><span style=\"font-family: Ubuntu;\"><span style=\"font-size: large;\">ultra-bogat<\/span><\/span><span style=\"font-family: Ubuntu;\"><span style=\"font-size: large;\"> evreu care <\/span><\/span><span style=\"font-family: Ubuntu;\"><span style=\"font-size: large;\">\u015fi-a construit averea imens\u0103 prin SPECUL\u0102 FINANCIAR\u0102 \u015fi care \u00een trecut <\/span><\/span><span style=\"font-family: Ubuntu;\"><span style=\"font-size: large;\">a contribuit la confiscarea averilor cona\u0163ionalilor s\u0103i <\/span><\/span><span style=\"font-family: Ubuntu;\"><span style=\"font-size: large;\">evrei<\/span><\/span><span style=\"font-family: Ubuntu;\"><span style=\"font-size: large;\">, cu scuza c\u0103 \u201edac\u0103 nu o f\u0103ceam eu, o f\u0103cea altul\u201d<\/span><\/span><span style=\"font-family: Ubuntu;\"><span style=\"font-size: large;\">!<\/span><\/span><span style=\"font-family: Ubuntu;\"><span style=\"font-size: large;\">?!?<br \/><\/span><\/span><span style=\"font-family: Ubuntu;\"><span style=\"font-size: large;\">\u00cel b\u0103l\u0103c\u0103rim numai pe Trump, dar pe \u0103sta NU!?<br \/><\/span><\/span><span style=\"font-family: Ubuntu;\"><span style=\"font-size: large;\">De ce? Pentru c\u0103 se afi\u015feaz\u0103 ca FILANTROP???<br \/><br \/><\/span><\/span><span style=\"color: #222222;\"><span style=\"font-family: Ubuntu;\"><span style=\"font-size: large;\"><b>\u201eDac\u0103 toate pomenile ar fi date numai din compasiune, cer\u0219etorii ar muri de foame to\u021bi. Cel mai mare distribuitor de poman\u0103 este <\/b><\/span><\/span><\/span><span style=\"color: #222222;\"><span style=\"font-family: Ubuntu;\"><span style=\"font-size: large;\"><b>LA\u015eITATEA<\/b><\/span><\/span><\/span><span style=\"color: #222222;\"><span style=\"font-family: Ubuntu;\"><span style=\"font-size: large;\"><b>\u201d &#8211; <\/b><\/span><\/span><\/span><span style=\"color: #222222;\"><span style=\"font-family: Ubuntu;\"><span style=\"font-size: large;\"><b>Nietzsche<\/b><\/span><\/span><\/span><b> <\/b><span style=\"font-family: Ubuntu;\"><span style=\"font-size: large;\"><br \/><\/span><\/span><span style=\"font-family: Ubuntu;\"><span style=\"font-size: large;\"><br \/><\/span><\/span><span style=\"font-family: Ubuntu;\"><span style=\"font-size: large;\">Trump este f\u0103r\u0103 \u00eendoial\u0103 expresie a Dreptei, <\/span><\/span><span style=\"font-family: Ubuntu;\"><span style=\"font-size: large;\">deci inamicul nostru num\u0103rul 1, <\/span><\/span><span style=\"font-family: Ubuntu;\"><span style=\"font-size: large;\">dar nu tot ce face el este Negativ <\/span><\/span><span style=\"font-family: Ubuntu;\"><span style=\"font-size: large;\">din punctul nostru de vedere<\/span><\/span><span style=\"font-family: Ubuntu;\"><span style=\"font-size: large;\">. De exemplu, nu a bombardat pe nimeni precum a f\u0103cut-o Premiul Nobel pentru Pace, \u201enegrul\u201d Obama. Ba chiar a denun\u0163at anumite chestiuni <\/span><\/span><span style=\"font-family: Ubuntu;\"><span style=\"font-size: large;\">legate de Puterea Ocult\u0103 Financiar Globalist\u0103. Tot a\u015fa \u015fi Sanders (de Biden nici nu vorbesc fiind o Legum\u0103) care \u201espune bine deseori <\/span><\/span><span style=\"font-family: Ubuntu;\"><span style=\"font-size: large;\">c\u00e2nd e vorba de EFECTE<\/span><\/span><span style=\"font-family: Ubuntu;\"><span style=\"font-size: large;\">, dar nu atac\u0103 suficient Sistemul Capitalist <\/span><\/span><span style=\"font-family: Ubuntu;\"><span style=\"font-size: large;\">care este <\/span><\/span><span style=\"font-family: Ubuntu;\"><span style=\"font-size: large;\">CAUZ<\/span><\/span><span style=\"font-family: Ubuntu;\"><span style=\"font-size: large;\">A<\/span><\/span><span style=\"font-family: Ubuntu;\"><span style=\"font-size: large;\">\u201d. <br \/>Noi trebuie s\u0103 \u201elu\u0103m ce-i bun de oriunde\u201d! <br \/><\/span><\/span><span style=\"font-family: Ubuntu;\"><span style=\"font-size: large;\">Mul\u0163i ilumini\u015fti nu \u00een\u0163eleg acest lucru \u015fi emit judec\u0103\u0163i tran\u015fante de tipul \u201e<\/span><\/span><span style=\"font-family: Ubuntu;\"><span style=\"font-size: large;\">e du\u015fmanul nostru<\/span><\/span><span style=\"font-family: Ubuntu;\"><span style=\"font-size: large;\">, deci tot ce a f\u0103cut e r\u0103u\u201d.<\/span><\/span><span style=\"font-family: Ubuntu;\"><span style=\"font-size: large;\"><br \/>\u015ei Platon credea \u00een Geo<\/span><\/span><span style=\"font-family: Ubuntu;\"><span style=\"font-size: large;\">c<\/span><\/span><span style=\"font-family: Ubuntu;\"><span style=\"font-size: large;\">entrism \u015fi gre\u015fea, \u015fi Hitler punea Interesul General mai presus de Interesul Individual, <\/span><\/span><span style=\"font-family: Ubuntu;\"><span style=\"font-size: large;\">dar gre\u015fea \u00een alte chestiuni <\/span><\/span><span style=\"font-family: Ubuntu;\"><span style=\"font-size: large;\">\u015fi Martin Luther King zicea bine <\/span><\/span><span style=\"font-family: Ubuntu;\"><span style=\"font-size: large;\">\u015fi merit\u0103 respect<\/span><\/span><span style=\"font-family: Ubuntu;\"><span style=\"font-size: large;\">, dar era <\/span><\/span><span style=\"font-family: Ubuntu;\"><span style=\"font-size: large;\">\u015fi <\/span><\/span><span style=\"font-family: Ubuntu;\"><span style=\"font-size: large;\">un pastor <\/span><\/span><span style=\"font-family: Ubuntu;\"><span style=\"font-size: large;\">protestant <\/span><\/span><span style=\"font-family: Ubuntu;\"><span style=\"font-size: large;\">\u015famd.<\/span><\/span><span style=\"font-family: Ubuntu;\"><span style=\"font-size: large;\"><br \/><br \/><\/span><\/span><span style=\"font-family: Ubuntu;\"><span style=\"font-size: large;\">Multe ar mai fi de spus, dar m\u0103 opresc aici \u015fi cer tuturor un pic de COEREN\u0162\u0102!!!<\/span><\/span><span style=\"font-family: Ubuntu;\"><span style=\"font-size: large;\"><br \/><\/span><\/span><span style=\"font-family: Ubuntu;\"><span style=\"font-size: large;\"><br \/><br \/><br \/><br \/><br \/><br \/><br \/><br \/><\/span><\/span><span style=\"font-family: Ubuntu;\"><span style=\"font-size: x-large;\"><b>BLACK LIVES MATTER<\/b><\/span><\/span><span style=\"font-family: Ubuntu;\"><span style=\"font-size: large;\"><br \/><br \/><br \/><br \/><br \/>A\u015fa cum am mai spus, SUA \u015fi UE sunt exemple evidente ale E\u015eECULUI MULTICULTURALISMULUI <\/span><\/span><span style=\"font-family: Ubuntu;\"><span style=\"font-size: large;\">\u015fi consecin\u0163ele sunt colosale.<\/span><\/span><span style=\"font-family: Ubuntu;\"><span style=\"font-size: large;\"><br \/><\/span><\/span><span style=\"font-family: Ubuntu;\"><span style=\"font-size: large;\">PUTEREA GLOBAL\u0102 se deplaseaz\u0103 de la Vest spre Est, acolo unde MONOCULTURALISMUL invocat \u015fi de Illuminati se p\u0103streaz\u0103.<\/span><\/span><span style=\"font-family: Ubuntu;\"><span style=\"font-size: large;\"><br \/>Faptul c\u0103 negrii sunt \u015fi azi <\/span><\/span><span style=\"font-family: Ubuntu;\"><span style=\"font-size: large;\">\u00een marea lor majoritate <\/span><\/span><span style=\"font-family: Ubuntu;\"><span style=\"font-size: large;\">SCLAVI \u00een SUA este de necontestat, deci din acest punct de vedere e \u00een regul\u0103 ca ace\u015ftia s\u0103 protesteze \u015fi s\u0103-\u015fi cear\u0103 DREPTU<\/span><\/span><span style=\"font-family: Ubuntu;\"><span style=\"font-size: large;\">L<\/span><\/span><span style=\"font-family: Ubuntu;\"><span style=\"font-size: large;\"> LEGITIM de a fi trata\u0163i de la egal la egal. <\/span><\/span><span style=\"font-family: Ubuntu;\"><span style=\"font-size: large;\">Dar s\u0103 nu uit\u0103m c\u0103 \u015fi albii sunt \u00een mare parte sclavi \u015fi nici c\u0103 mul\u0163i poli\u0163i\u015fti sunt nu numai albi!? \u015ei negrii au ucis vitnamezi, irachieni, sirieni, s\u00e2rbi, coreeni \u015famd. \u015ei negrii sunt adep\u0163ii Consumerismului, Profitului, <\/span><\/span><span style=\"font-family: Ubuntu;\"><span style=\"font-size: large;\">Shoppingului, Capitalismului, Cultului Celebrit\u0103\u0163ilor \u015famd. <br \/><\/span><\/span><span style=\"font-family: Ubuntu;\"><span style=\"font-size: large;\">Citatul de mai jos e valabil pentru to\u0163i oamenii, indiferent de culoarea pielei:<br \/><br \/><\/span><\/span><span style=\"font-family: Ubuntu;\"><span style=\"font-size: large;\"><b>\u201eP\u0103m\u00e2ntul are piele, iar acesta are boli. Unul dintre acestea se nume\u0219te \u201eom\u201d<br \/>&#8211; <\/b><\/span><\/span><span style=\"font-family: Ubuntu;\"><span style=\"font-size: large;\"><b>Nietzsce<\/b><\/span><\/span><span style=\"font-family: Ubuntu;\"><span style=\"font-size: large;\"><br \/><\/span><\/span><span style=\"font-family: Ubuntu;\"><span style=\"font-size: large;\"><br \/>E just s\u0103 protesteze, dar<\/span><\/span><span style=\"font-family: Ubuntu;\"><span style=\"font-size: large;\"> o fac de multe ori VIOLENT, \u015fi asta nu ar fi r\u0103u, dac\u0103 ar face-o \u00eempotriva ADEV\u0102RA\u0162ILOR DU\u015eMANI: <\/span><\/span><span style=\"font-family: Ubuntu;\"><span style=\"font-size: large;\">B\u0103nci, Media, <\/span><\/span><span style=\"font-family: Ubuntu;\"><span style=\"font-size: large;\">Ultra-<\/span><\/span><span style=\"font-family: Ubuntu;\"><span style=\"font-size: large;\">Boga\u0163i, Militari\u015fti, Corpora\u0163ii, <\/span><\/span><span style=\"font-family: Ubuntu;\"><span style=\"font-size: large;\">Celebrit\u0103\u0163i, <\/span><\/span><span style=\"font-family: Ubuntu;\"><span style=\"font-size: large;\">Politicieni<\/span><\/span><span style=\"font-family: Ubuntu;\"><span style=\"font-size: large;\"> \u015famd.<\/span><\/span><span style=\"font-family: Ubuntu;\"><span style=\"font-size: large;\"> Desigur c\u0103 noi ilumini\u015ftii putem <\/span><\/span><span style=\"font-family: Ubuntu;\"><span style=\"font-size: large;\">trage foloase<\/span><\/span><span style=\"font-family: Ubuntu;\"><span style=\"font-size: large;\"> \u00een urma acestor mi\u015fc\u0103ri de mas\u0103, dar suntem noi siguri c\u0103 autorii <\/span><\/span><span style=\"font-family: Ubuntu;\"><span style=\"font-size: large;\">violen\u0163elor <\/span><\/span><span style=\"font-family: Ubuntu;\"><span style=\"font-size: large;\">ar \u00een\u0163elege <\/span><\/span><span style=\"font-family: Ubuntu;\"><span style=\"font-size: large;\">cu adev\u0103rat <\/span><\/span><span style=\"font-family: Ubuntu;\"><span style=\"font-size: large;\">CE VREM NOI?<br \/>S\u0103 nu uit\u0103m c\u0103 marea lor majoritate sunt islami<\/span><\/span><span style=\"font-family: Ubuntu;\"><span style=\"font-size: large;\">c<\/span><\/span><span style=\"font-family: Ubuntu;\"><span style=\"font-size: large;\">i sau cre\u015ftini \u015fi nu cred c\u0103 noi putem conta pe a\u015fa categorii d<\/span><\/span><span style=\"font-family: Ubuntu;\"><span style=\"font-size: large;\">e<\/span><\/span><span style=\"font-family: Ubuntu;\"><span style=\"font-size: large;\"> oameni. P\u00e2n\u0103 \u015fi RAP-ul lor a dec\u0103zut da la epoca <\/span><\/span><span style=\"font-family: Ubuntu;\"><span style=\"font-size: large;\">Tupac Shakur la cea de azi pus\u0103 \u00een slujba Sistemului. Nebunia demol\u0103rii statuilor a atins cote de ridicol. M\u00e2ine poim\u00e2ine vor ajunge s\u0103 cear\u0103 demolarea Piramidelor, deoarece au fost construite de SCLAVI???<br \/><br \/><\/span><\/span><span style=\"font-family: Ubuntu;\"><span style=\"font-size: large;\"><b>\u201e<\/b><\/span><\/span><span style=\"font-family: Ubuntu;\"><span style=\"font-size: large;\"><b>Ocup\u00e2ndu-te prea mult de Mon\u015ftrii, devi tu \u00eensu\u0163i un Monstru\u201d<br \/>&#8211;<\/b><\/span><\/span><span style=\"font-family: Ubuntu;\"><span style=\"font-size: large;\"><b> Nietzsche<\/b><\/span><\/span><span style=\"font-family: Ubuntu;\"><span style=\"font-size: large;\"><br \/><br \/>Chiar nu putem s\u0103 privim spre VIITOR, \u00een loc s\u0103 tr\u0103im \u00een TRECUT?<br \/>Ieri un c\u00e2nt\u0103re\u0163 negru <\/span><\/span><span style=\"font-family: Ubuntu;\"><span style=\"font-size: large;\">american <\/span><\/span><span style=\"font-family: Ubuntu;\"><span style=\"font-size: large;\">naturalizat italian, a \u201euitat\u201d cuvintele Imnului Na\u0163ional la o ceremonie. Mai lipsea s\u0103 se \u00eengenuncheze!?<br \/>Toate organiza\u0163iile globaliste, guvernele europene \u015fi parlamentul UE, ca s\u0103 nu mai vorbim de Organele Mediatice ale Sistemului promoveaz\u0103 BLM&#8230; nu vi se pare cel pu\u0163in ciudat c\u0103 tocmai responsabilii de ieri \u015fi azi ai SCLAVIEI, nu numai a negrilor ci \u015fi a albilor, alimenteaz\u0103 aceast\u0103 tensiune?<br \/>CUI BONO???<br \/><\/span><\/span><span style=\"font-family: Ubuntu;\"><span style=\"font-size: large;\">Evident c\u0103 Strategiei DIVIDE ET IMPERA.<br \/><\/span><\/span><span style=\"font-family: Ubuntu;\"><span style=\"font-size: large;\">Este clar c\u0103 oamenii \u00een general \u015fi ilumini\u015ftii care se cred deja ilumina\u0163i f\u0103r\u0103 a fi, nu sunt \u00eenc\u0103 \u00een stare s\u0103 contracareze AGENDA OWO.<br \/>St\u00e2nga<\/span><\/span><span style=\"font-family: Ubuntu;\"><span style=\"font-size: large;\"> Regresiv\u0103 Liberal\u0103 \u015fi Masochist\u0103 <\/span><\/span><span style=\"font-family: Ubuntu;\"><span style=\"font-size: large;\">face azi Jocul Sistemului!?<br \/><br \/><\/span><\/span><span style=\"color: #222222;\"><span style=\"font-family: Ubuntu;\"><span style=\"font-size: large;\"><b>\u201eDragostea ta de aproapele este iubirea ta slab\u0103 pentru tine. Fugi la aproapele t\u0103u fugind de tine \u0219i ai vrea s\u0103 faci o <\/b><\/span><\/span><\/span><span style=\"color: #222222;\"><span style=\"font-family: Ubuntu;\"><span style=\"font-size: large;\"><b>VIRTUTE<\/b><\/span><\/span><\/span><span style=\"color: #222222;\"><span style=\"font-family: Ubuntu;\"><span style=\"font-size: large;\"><b> din asta<\/b><\/span><\/span><\/span><span style=\"color: #222222;\"><span style=\"font-family: Ubuntu;\"><span style=\"font-size: large;\"><b>\u201d<\/b><\/span><\/span><\/span><span style=\"color: #222222;\"><span style=\"font-family: Ubuntu;\"><span style=\"font-size: large;\"><b> &#8211; <\/b><\/span><\/span><\/span><span style=\"color: #222222;\"><span style=\"font-family: Ubuntu;\"><span style=\"font-size: large;\"><b>Nietzsc<\/b><\/span><\/span><\/span><span style=\"color: #222222;\"><span style=\"font-family: Ubuntu;\"><span style=\"font-size: large;\"><b>h<\/b><\/span><\/span><\/span><span style=\"color: #222222;\"><span style=\"font-family: Ubuntu;\"><span style=\"font-size: large;\"><b>e<\/b><\/span><\/span><\/span><span style=\"font-family: Ubuntu;\"><span style=\"font-size: large;\"><br \/><\/span><\/span><span style=\"font-family: Ubuntu;\"><span style=\"font-size: large;\"> <br \/><\/span><\/span><span style=\"font-family: Ubuntu;\"><span style=\"font-size: large;\">Din nou, f\u0103r\u0103 o ANALIZ\u0102 CRITIC\u0102 a fenomenului BLM, ne descoperim flancurile unei Drepte Reac\u0163ionare Fascistoide <\/span><\/span><span style=\"font-family: Ubuntu;\"><span style=\"font-size: large;\">\u015fi ne \u00eendrept\u0103m rapid spre ANARHIA regizat\u0103 de OWO<\/span><\/span><span style=\"font-family: Ubuntu;\"><span style=\"font-size: large;\">!!!<br \/><br \/><\/span><\/span><span style=\"font-family: Ubuntu;\"><span style=\"font-size: large;\">S\u0103 fie clar c\u0103 fiecare ras\u0103 este rasist\u0103&#8230; e o Lege Natural\u0103. <\/span><\/span><span style=\"font-family: Ubuntu;\"><span style=\"font-size: large;\">Cine nu pricepe, ori e prost, ori se face!?<\/span><\/span><span style=\"font-family: Ubuntu;\"><span style=\"font-size: large;\"><br \/><br \/><\/span><\/span><span style=\"font-family: Ubuntu;\"><span style=\"font-size: large;\"><b>\u201e<\/b><\/span><\/span><span style=\"color: #222222;\"><span style=\"font-family: Ubuntu;\"><span style=\"font-size: large;\"><b>Ogni scarrafo \u00e8 bell a mamma soja\u201d &#8211; zical\u0103 napoletan\u0103<br \/><\/b><\/span><\/span><\/span><span style=\"font-family: Ubuntu;\"><span style=\"font-size: large;\"><br \/><\/span><\/span><span style=\"font-family: Ubuntu;\"><span style=\"font-size: large;\">Misiunea<\/span><\/span><span style=\"font-family: Ubuntu;\"><span style=\"font-size: large;\"> ilumini\u015ftilor este s\u0103 nu fac\u0103 Jocul Sistemului <\/span><\/span><span style=\"font-family: Ubuntu;\"><span style=\"font-size: large;\">de \u201dDivide Et Impera\u201d<\/span><\/span><span style=\"font-family: Ubuntu;\"><span style=\"font-size: large;\">. <br \/><\/span><\/span><span style=\"font-family: Ubuntu;\"><span style=\"font-size: large;\">Nu trebuie s\u0103 tr\u0103im \u00een <\/span><\/span><span style=\"font-family: Ubuntu;\"><span style=\"font-size: large;\">T<\/span><\/span><span style=\"font-family: Ubuntu;\"><span style=\"font-size: large;\">recut&#8230; nu trebuie s\u0103 demol\u0103m statui, nu trebuie s\u0103 tragem la r\u0103spundere popoare pentru ceea ce de r\u0103u au f\u0103cut, ci s\u0103 \u00eenv\u0103\u0163\u0103m din <\/span><\/span><span style=\"font-family: Ubuntu;\"><span style=\"font-size: large;\">acel T<\/span><\/span><span style=\"font-family: Ubuntu;\"><span style=\"font-size: large;\">recut, pentru a nu repeta gre\u015felile.<br \/><\/span><\/span><span style=\"font-family: Ubuntu;\"><span style=\"font-size: large;\">Fiecare dintre noi am f\u0103cut GRE\u015eELI de care ne-am dat seama ulterior. Mai grav e c\u00e2nd nu-\u0163i dai seama! <br \/>Un proverb rom\u00e2nesc spune <\/span><\/span><span style=\"font-family: Ubuntu;\"><span style=\"font-size: large;\"><b>\u201eR\u0103zbunarea e arma Prostului\u201d<\/b><\/span><\/span><span style=\"font-family: Ubuntu;\"><span style=\"font-size: large;\">. <br \/>Desigur c\u0103 \u015fi Iertarea trebuie s\u0103 aib\u0103 o limit\u0103, dar totul sub auspiciile Echilibrului \u015fi Ra\u0163iunii.<\/span><\/span><span style=\"font-family: Ubuntu;\"><span style=\"font-size: large;\"><br \/><br \/>Iat\u0103 <\/span><\/span><span style=\"font-family: Ubuntu;\"><span style=\"font-size: large;\">\u00een fotografia de mai jos <\/span><\/span><span style=\"font-family: Ubuntu;\"><span style=\"font-size: large;\">cum a fost d\u0103r\u00e2mat\u0103 statuia lui Thomas Jefferson at\u00e2t de stimat de ILLUMINATI. M\u0103 \u00eentreb cum de ilumini\u015ftii de azi pot sus\u0163ine a\u015fa ceva!?!? <\/span><\/span><span style=\"font-family: Ubuntu;\"><span style=\"font-size: large;\">Ceva PUTE!!!<\/span><\/span><span style=\"font-family: Ubuntu;\"><span style=\"font-size: large;\"><br \/><br \/><br \/><br \/><\/span><\/span><span style=\"font-family: Ubuntu;\"><span style=\"font-size: x-large;\"><b>S<\/b><\/span><\/span><span style=\"font-family: Ubuntu;\"><span style=\"font-size: x-large;\"><b>tai \u00een siguran\u0163\u0103<\/b><\/span><\/span><span style=\"font-family: Ubuntu;\"><span style=\"font-size: x-large;\"><b> \u00een Lockdown \u015fi Distan\u0163iat Social!<\/b><\/span><\/span><span style=\"font-family: Ubuntu;\"><span style=\"font-size: large;\"><br \/><br \/><\/span><\/span><span style=\"font-family: Ubuntu;\"><span style=\"font-size: large;\">Eu citesc altfel acest titlu:<br \/><\/span><\/span><span style=\"font-family: Ubuntu;\"><span style=\"font-size: large;\"><b>Stai Cuminte \u00een \u00cenchisoare la Domiciliu \u015fi nu te Agrega cu Nimeni!!!<\/b><\/span><\/span><span style=\"font-family: Ubuntu;\"><span style=\"font-size: large;\"><br \/>Am observat c\u0103 majoritatea ilumini\u015ftilor, inclusiv a celor ce se raporteaz\u0103 la AC, <\/span><\/span><span style=\"font-family: Ubuntu;\"><span style=\"font-size: large;\">au fost \u00eembrobodi\u0163i de OWO.<br \/><br \/><br \/><\/span><\/span><span style=\"font-family: Ubuntu;\"><span style=\"font-size: large;\"><b><br \/><\/b><\/span><\/span><span style=\"font-family: Ubuntu;\"><span style=\"font-size: large;\"><b>Actualizare COHOAX \u00een lume<\/b><\/span><\/span><\/p>\n<p><span style=\"font-family: Ubuntu;\"><span style=\"font-size: large;\">Iat\u0103 ce se petrece \u00een Italia:<br \/><\/span><\/span><span style=\"color: #c9211e;\"><span style=\"font-family: Ubuntu;\"><span style=\"font-size: large;\">\u201eM<\/span><\/span><\/span><span style=\"color: #c9211e;\"><span style=\"font-family: Ubuntu;\"><span style=\"font-size: large;\">embrii mafiei de la 41 bis (pu\u015fc\u0103rie \u00een izolare) ies din \u00eenchisoare \u0219i se \u00eentorc acas\u0103.<\/span><\/span><\/span><\/p>\n<p><span style=\"color: #c9211e;\"><span style=\"font-family: Ubuntu;\"><span style=\"font-size: large;\">Judec\u0103torul de supraveghere al instan\u021bei din Milano a acordat arestul la domiciliu \u0219efului mafiei din Palermo, Francesco Bonura. Acum a\u0219teapt\u0103 s\u0103 ias\u0103 \u015fi \u201eNitto\u201d Santapaola, condamnat definitiv pentru mai multe crime, inclusiv cea a lui Giuseppe Fava. Dar lista este lung\u0103. Membrii mafiei de la 41 bis ies din \u00eenchisoare \u0219i se \u00eentorc acas\u0103 De\u021binu\u021bii mafiei re\u021binu\u021bi la 41 bis \u00eencep \u00een aceste zile de urgen\u021b\u0103 Coronavirus, unul dup\u0103 altul, s\u0103 ias\u0103 din \u00eenchisoare. \u00cen acest fel, \u00eempreun\u0103 cu Covid19, virusul mafiot care nu ar fi trebuit s\u0103 p\u0103r\u0103seasc\u0103 celula, prin lege, \u00eencepe s\u0103 circule pe str\u0103zi. <\/span><\/span><\/span><span style=\"color: #c9211e;\"><span style=\"font-family: Ubuntu;\"><span style=\"font-size: large;\">\u201d<\/span><\/span><\/span><span style=\"font-family: Ubuntu;\"><span style=\"font-size: large;\"><br \/><br \/><\/span><\/span><span style=\"font-family: Ubuntu;\"><span style=\"font-size: large;\">P\u0103i unde ar putea fi criminalii mai \u00een siguran\u0163\u0103 fa\u0163\u0103 de COHOAX, dec\u00e2t \u00een IZOLARE???<br \/>NU, nu e FAKE NEWS \u015fi Italia nu e singura \u0163ar\u0103 unde se pun bazele &#8230; ANARHIEI:<br \/><br \/><a href=\"https:\/\/espresso.repubblica.it\/attualita\/2020\/04\/21\/news\/capimafia-lasciano-il-carcere-coronavirus-1.347378?fbclid=IwAR0IMN4dNVQ_IT1nTyf1wv_M_MbOFQmLBDe3-esHuyk1NLVIxyXcy0cMdIY\">https:\/\/espresso.repubblica.it\/attualita\/2020\/04\/21\/news\/capimafia-lasciano-il-carcere-coronavirus-1.347378?fbclid=IwAR0IMN4dNVQ_IT1nTyf1wv_M_MbOFQmLBDe3-esHuyk1NLVIxyXcy0cMdIY<\/a><br \/><br \/><\/span><\/span><span style=\"font-family: Ubuntu;\"><span style=\"font-size: large;\"><br \/><br \/><\/span><\/span><span style=\"font-family: Ubuntu;\"><span style=\"font-size: large;\"><b>Actualizare CO<\/b><\/span><\/span><span style=\"font-family: Ubuntu;\"><span style=\"font-size: large;\"><b>HOAX <\/b><\/span><\/span><span style=\"font-family: Ubuntu;\"><span style=\"font-size: large;\"><b>\u00een Rom\u00e2nia <\/b><\/span><\/span><span style=\"font-family: Ubuntu;\"><span style=\"font-size: large;\"><br \/><br \/>Dup\u0103 Contra Revolu\u0163ia din 1989, \u015fefii Mili\u0163iei \u015fi Securit\u0103\u0163ii <\/span><\/span><span style=\"font-family: Ubuntu;\"><span style=\"font-size: large;\">Comuniste <\/span><\/span><span style=\"font-family: Ubuntu;\"><span style=\"font-size: large;\">au sc\u0103pat basma curat\u0103, ba chiar au reocupat Centrele De Putere <\/span><\/span><span style=\"font-family: Ubuntu;\"><span style=\"font-size: large;\">schimb\u00e2ndu-\u015fi pufoaicele cu costume Armani<\/span><\/span><span style=\"font-family: Ubuntu;\"><span style=\"font-size: large;\">, iar ulterior \u015fi-au plasat <\/span><\/span><span style=\"font-family: Ubuntu;\"><span style=\"font-size: large;\">\u00een Palatele lui Ceau\u015fescu <\/span><\/span><span style=\"font-family: Ubuntu;\"><span style=\"font-size: large;\">\u015fi odraslele, <\/span><\/span><span style=\"font-family: Ubuntu;\"><span style=\"font-size: large;\">rudele \u015fi cuno\u015ftin\u0163ele,<\/span><\/span> <span style=\"font-family: Ubuntu;\"><span style=\"font-size: large;\">c\u0103 unii \u015ftiu s\u0103 citesc\u0103, iar al\u0163ii s\u0103 scrie \u015fi trebuie s\u0103 se coordoneze, <\/span><\/span><span style=\"font-family: Ubuntu;\"><span style=\"font-size: large;\">ca s\u0103-i acopere pe cei care nu \u015ftiau nimic, chiar dac\u0103 cu timpul au luat to\u0163i Diplome la F\u0103r\u0103 Frecven\u0163\u0103 \u00een ciuda faptului c\u0103 aveau Creiere Netede, Lipsite de Circumvola\u0163iuni<\/span><\/span><span style=\"font-family: Ubuntu;\"><span style=\"font-size: large;\">?<\/span><\/span><span style=\"font-family: Ubuntu;\"><span style=\"font-size: large;\"><br \/>Data viitoare nu va mai fi a\u015fa!<br \/>Azi, min<\/span><\/span><span style=\"font-family: Ubuntu;\"><span style=\"font-size: large;\">istru<\/span><\/span><span style=\"font-family: Ubuntu;\"><span style=\"font-size: large;\">l Mili\u0163iei Capitaliste <\/span><\/span><span style=\"font-family: Ubuntu;\"><span style=\"font-size: large;\">BELEA <\/span><\/span><span style=\"font-family: Ubuntu;\"><span style=\"font-size: large;\">apa\u0163in\u00e2nd unui partid <\/span><\/span><span style=\"font-family: Ubuntu;\"><span style=\"font-size: large;\">condus <\/span><\/span><span style=\"font-family: Ubuntu;\"><span style=\"font-size: large;\">(<\/span><\/span><span style=\"font-family: Ubuntu;\"><span style=\"font-size: large;\">la groap<\/span><\/span><span style=\"font-family: Ubuntu;\"><span style=\"font-size: large;\">a de gunoi a Istoriei) <\/span><\/span><span style=\"font-family: Ubuntu;\"><span style=\"font-size: large;\">de ORBU<\/span><\/span><span style=\"font-family: Ubuntu;\"><span style=\"font-size: large;\">n<\/span><\/span> <span style=\"font-family: Ubuntu;\"><span style=\"font-size: large;\">c\u0103ruia i se umple gura de D<\/span><\/span><span style=\"font-family: Ubuntu;\"><span style=\"font-size: large;\">UMBOcra\u0163ie<\/span><\/span><span style=\"font-family: Ubuntu;\"><span style=\"font-size: large;\"> \u015fi care nici pe departe <\/span><\/span><span style=\"font-family: Ubuntu;\"><span style=\"font-size: large;\">nu <\/span><\/span><span style=\"font-family: Ubuntu;\"><span style=\"font-size: large;\">are sus\u0163inerea mojorit\u0103\u0163ii democratice<\/span><\/span><span style=\"font-family: Ubuntu;\"><span style=\"font-size: large;\">, decide prelungirea St\u0103rii de Alert\u0103,<\/span><\/span> <span style=\"font-family: Ubuntu;\"><span style=\"font-size: large;\">de\u015fi era <\/span><\/span><span style=\"font-family: Ubuntu;\"><span style=\"font-size: large;\">deja INCONSTITU\u0162IONAL<\/span><\/span><span style=\"font-family: Ubuntu;\"><span style=\"font-size: large;\">\u0102<\/span><\/span><span style=\"font-family: Ubuntu;\"><span style=\"font-size: large;\"> de la prima emisie. O fac<\/span><\/span> <span style=\"font-family: Ubuntu;\"><span style=\"font-size: large;\">f\u0103r\u0103 aprobarea P<\/span><\/span><span style=\"font-family: Ubuntu;\"><span style=\"font-size: large;\">IRLA<\/span><\/span><span style=\"font-family: Ubuntu;\"><span style=\"font-size: large;\">mentului, ci numai a <\/span><\/span><span style=\"font-family: Ubuntu;\"><span style=\"font-size: large;\">lui WUHANis<\/span><\/span> <span style=\"font-family: Ubuntu;\"><span style=\"font-size: large;\">devenit <\/span><\/span><span style=\"font-family: Ubuntu;\"><span style=\"font-size: large;\">la fel de nepopular, dup\u0103 cum o v<\/span><\/span><span style=\"font-family: Ubuntu;\"><span style=\"font-size: large;\">or<\/span><\/span><span style=\"font-family: Ubuntu;\"><span style=\"font-size: large;\"> demonstra viitoare<\/span><\/span><span style=\"font-family: Ubuntu;\"><span style=\"font-size: large;\">le<\/span><\/span> <span style=\"font-family: Ubuntu;\"><span style=\"font-size: large;\">Concursuri de Popularitate (<\/span><\/span><span style=\"font-family: Ubuntu;\"><span style=\"font-size: large;\">Aleger<\/span><\/span><span style=\"font-family: Ubuntu;\"><span style=\"font-size: large;\">i<\/span><\/span><span style=\"font-family: Ubuntu;\"><span style=\"font-size: large;\">)<\/span><\/span><span style=\"font-family: Ubuntu;\"><span style=\"font-size: large;\">, <\/span><\/span><span style=\"font-family: Ubuntu;\"><span style=\"font-size: large;\">la care TeFeLeii r\u0103ma\u015fi f\u0103r\u0103 slujbe \u015fi Diaspora ce i-a adus la Putere, le va da un \u015fut \u00een cur.<\/span><\/span><span style=\"font-family: Ubuntu;\"><span style=\"font-size: large;\"><br \/>Este cea mai cras\u0103 MANI-PULARE din Istorie.<br \/>Se pretinde c\u0103 s<\/span><\/span><span style=\"font-family: Ubuntu;\"><span style=\"font-size: large;\">e<\/span><\/span><span style=\"font-family: Ubuntu;\"><span style=\"font-size: large;\"> face <\/span><\/span><span style=\"font-family: Ubuntu;\"><span style=\"font-size: large;\">acest lucru <\/span><\/span><span style=\"font-family: Ubuntu;\"><span style=\"font-size: large;\">\u00een <\/span><\/span><span style=\"font-family: Ubuntu;\"><span style=\"font-size: large;\">numele <\/span><\/span><span style=\"font-family: Ubuntu;\"><span style=\"font-size: large;\">Interesul<\/span><\/span><span style=\"font-family: Ubuntu;\"><span style=\"font-size: large;\">ui<\/span><\/span><span style=\"font-family: Ubuntu;\"><span style=\"font-size: large;\"> General, c\u00e2nd de fapt <\/span><\/span><span style=\"font-family: Ubuntu;\"><span style=\"font-size: large;\">s<\/span><\/span><span style=\"font-family: Ubuntu;\"><span style=\"font-size: large;\">e <\/span><\/span><span style=\"font-family: Ubuntu;\"><span style=\"font-size: large;\">face <\/span><\/span><span style=\"font-family: Ubuntu;\"><span style=\"font-size: large;\">\u00een Interesul <\/span><\/span><span style=\"font-family: Ubuntu;\"><span style=\"font-size: large;\">OCULTEI MONDIALE ce a regizat totul<\/span><\/span><span style=\"font-family: Ubuntu;\"><span style=\"font-size: large;\">!? <\/span><\/span><span style=\"font-family: Ubuntu;\"><span style=\"font-size: large;\">Ni se pun BOTNI\u0162E \u015fi ni se impune DISTAN\u0162AREA SOCIAL\u0102 care elimin\u0103 eventualitatea unor ADUN\u0102RI DE MASE.<br \/>Este clar c\u0103 le este FRIC\u0102, iar noi \u015ftim <\/span><\/span><span style=\"font-family: Ubuntu;\"><span style=\"font-size: large;\">DE CE, \u015fi mai \u015ftim <\/span><\/span><span style=\"font-family: Ubuntu;\"><span style=\"font-size: large;\">c\u0103 \u201eDe Ce \u0162i-e FRIC\u0102, Nu Scapi!\u201d <\/span><\/span><span style=\"font-family: Ubuntu;\"><span style=\"font-size: large;\"><br \/><\/span><\/span><span style=\"font-family: Ubuntu;\"><span style=\"font-size: large;\">Pentru a PROBA<\/span><\/span> <span style=\"font-family: Ubuntu;\"><span style=\"font-size: large;\">acuza\u0163ia de GENOCID (f\u0103r\u0103 leg\u0103tur\u0103 cu GEN-UCID ce e pe tapet azi), <\/span><\/span><span style=\"font-family: Ubuntu;\"><span style=\"font-size: large;\">este <\/span><\/span><span style=\"font-family: Ubuntu;\"><span style=\"font-size: large;\">suficient<\/span><\/span><span style=\"font-family: Ubuntu;\"><span style=\"font-size: large;\">\u0103 proiectarea<\/span><\/span> <span style=\"font-family: Ubuntu;\"><span style=\"font-size: large;\">unu<\/span><\/span><span style=\"font-family: Ubuntu;\"><span style=\"font-size: large;\">ia<\/span><\/span><span style=\"font-family: Ubuntu;\"><span style=\"font-size: large;\"> din zecile de filmule\u0163e cu cancero\u015fii \u015fi al\u0163i bolnavi cu afec\u0163iuni grave refuza\u0163i de Spitalele practic GOALE, \u00eenchise <\/span><\/span><span style=\"font-family: Ubuntu;\"><span style=\"font-size: large;\">de ni\u015fte COHONES <\/span><\/span><span style=\"font-family: Ubuntu;\"><span style=\"font-size: large;\">pentru <\/span><\/span><span style=\"font-family: Ubuntu;\"><span style=\"font-size: large;\">un <\/span><\/span><span style=\"font-family: Ubuntu;\"><span style=\"font-size: large;\">CO<\/span><\/span><span style=\"font-family: Ubuntu;\"><span style=\"font-size: large;\">HOAX<\/span><\/span><span style=\"font-family: Ubuntu;\"><span style=\"font-size: large;\">.<br \/>Nici \u201especiali\u015ftii\u201d care au justificat asta <\/span><\/span><span style=\"font-family: Ubuntu;\"><span style=\"font-size: large;\">din ga\u015fca lui ARABAT <\/span><\/span><span style=\"font-family: Ubuntu;\"><span style=\"font-size: large;\">nu vor sc\u0103pa basma curat\u0103.<br \/><\/span><\/span><span style=\"font-family: Ubuntu;\"><span style=\"font-size: large;\">Azi o dau cu Doamne Ajut\u0103, dar va veni vremea lui Ajut\u0103-i Doamne&#8230; \u015fi le garantez c\u0103 nu o s\u0103 apar\u0103 nimeni la Apel. To\u0163i cu carnete ro\u015fii pe vremea \u00cempu\u015fcatului (c\u0103 sunt to\u0163i bo\u015forogi), nu numai c\u0103 le-au rupt, dar mai \u015fi batjocoresc ceea ce de bun au \u00eenv\u0103\u0163at prin \u015ecoli<\/span><\/span><span style=\"font-family: Ubuntu;\"><span style=\"font-size: large;\">le comuniste<\/span><\/span><span style=\"font-family: Ubuntu;\"><span style=\"font-size: large;\">!?<\/span><\/span><span style=\"font-family: Ubuntu;\"><span style=\"font-size: large;\"><br \/><\/span><\/span><span style=\"font-family: Ubuntu;\"><span style=\"font-size: large;\">Lumea nu e \u00een starea jalnic\u0103 \u00een care se afl\u0103 din cauza IGNORAN\u0162ILOR, ci a celor care pretind a nu fi \u015fi care fac Jocul Sistemului&#8230; nu va conta c\u0103 au f\u0103cut-o din PROSTIE, sau din COLABORA\u0162IONISM!<br \/><\/span><\/span><span style=\"font-family: Ubuntu;\"><span style=\"font-size: large;\">NUMERELE vor demonstra cur\u00e2nd c\u0103 totul a fost o MA\u015eINA\u0162IE, iar dac\u0103 vom avea cu pu\u0163in mai mul\u0163i mor\u0163i dec\u00e2t \u00een anii trecu\u0163i, se va explica exclusiv <\/span><\/span><span style=\"font-family: Ubuntu;\"><span style=\"font-size: large;\">cu<\/span><\/span><span style=\"font-family: Ubuntu;\"><span style=\"font-size: large;\"> LIPSA ASISTEN\u0162EI MEDICALE PENTRU BOLNAVII CRONICI pe durata a 5 luni. Mul\u0163i dintre ei au \u015fi murit deja, peste 95% din mor\u0163ii \u00eenregistra\u0163i cu Covid-19 av\u00e2nd COMORBIDIT\u0102\u0162I GRAVE, <\/span><\/span><span style=\"font-family: Ubuntu;\"><span style=\"font-size: large;\">motive pentru care<\/span><\/span><span style=\"font-family: Ubuntu;\"><span style=\"font-size: large;\"> ar fi murit \u015fi de o B\u0103\u015fin\u0103.<\/span><\/span><span style=\"font-family: Ubuntu;\"><span style=\"font-size: large;\"><br \/>\u015ei Ceau\u015fescu se credea de neclintit \u015fi a terminat \u00een fa\u0163a plutonului de execu\u0163ie. <\/span><\/span><span style=\"font-family: Ubuntu;\"><span style=\"font-size: large;\">N<\/span><\/span><span style=\"font-family: Ubuntu;\"><span style=\"font-size: large;\">u <\/span><\/span><span style=\"font-family: Ubuntu;\"><span style=\"font-size: large;\">suntem de p\u0103rerea<\/span><\/span><span style=\"font-family: Ubuntu;\"><span style=\"font-size: large;\"> c\u0103 ar trebui omor\u00e2\u0163i \u00eentr-o zi de s\u0103rb\u0103toare <\/span><\/span><span style=\"font-family: Ubuntu;\"><span style=\"font-size: large;\">ace\u015fti TERORI\u015eTI DE STAT <\/span><\/span><span style=\"font-family: Ubuntu;\"><span style=\"font-size: large;\">(<\/span><\/span><span style=\"font-family: Ubuntu;\"><span style=\"font-size: large;\">DEGEABA<\/span><\/span><span style=\"font-family: Ubuntu;\"><span style=\"font-size: large;\">)<\/span><\/span><span style=\"font-family: Ubuntu;\"><span style=\"font-size: large;\">, ci doar DISTAN\u0162A\u0162I SOCIAL \u015fi <\/span><\/span><span style=\"font-family: Ubuntu;\"><span style=\"font-size: large;\">obliga\u0163i s\u0103 poarte<\/span><\/span><span style=\"font-family: Ubuntu;\"><span style=\"font-size: large;\"> BOTNI\u0162E pentru restul vie\u0163ii lor!&#8230; evident c\u0103 pentru a m\u00e2nca, vor trebui s\u0103 sparg\u0103 pietre, sau s\u0103 construiasc\u0103 ceva Canale!<br \/><br \/><\/span><\/span><span style=\"font-family: Ubuntu;\"><span style=\"font-size: large;\">\u00cen alt\u0103 ordine de idei, sunt m\u00e2ndru c\u0103 ni\u015fte rom\u00e2ni au pus pe Maps adev\u0103ratul nume al CACAtedralei Neamu<\/span><\/span><span style=\"font-family: Ubuntu;\"><span style=\"font-size: large;\">lui<\/span><\/span><span style=\"font-family: Ubuntu;\"><span style=\"font-size: large;\">, mai precis, CATEDRALA PROSTIRII NEAMULUI.<br \/>Google a fost amendat cu 10.000 de lei pentru asta, dar a meritat efortul! <br \/>THX Google \u015fi Autorilor!<br \/><br \/><a href=\"https:\/\/ziare.com\/stiri\/eveniment\/google-reactioneaza-la-amenda-de-la-cncd-in-speta-catedrala-prostirii-neamului-1615300\">https:\/\/ziare.com\/stiri\/eveniment\/google-reactioneaza-la-amenda-de-la-cncd-in-speta-catedrala-prostirii-neamului-1615300<\/a><\/span><\/span><span style=\"font-family: Ubuntu;\"><span style=\"font-size: large;\"><br \/><br \/><br \/><br \/><br \/><br \/><\/span><\/span><span style=\"font-family: Ubuntu;\"><span style=\"font-size: large;\"><br \/><\/span><\/span><span style=\"font-family: Ubuntu;\"><span style=\"font-size: large;\"><b>\u201eNu e suficient s\u0103 \u015eTII, trebuie s\u0103 \u015fi APLICI. <br \/>Nu e suficient s\u0103 VREI, trebuie s\u0103 \u015fi FACI\u201d <br \/><br \/>&#8211; GOETHE<br \/><br \/><br \/><br \/><br \/><br \/><\/b><\/span><\/span><span style=\"font-family: Ubuntu;\"><span style=\"font-size: x-large;\"><b>CUV\u00c2NT DE \u00ceNCHEIERE<\/b><\/span><\/span><span style=\"font-family: Ubuntu;\"><span style=\"font-size: large;\"><b><br \/><br \/><br \/><\/b><\/span><\/span><span style=\"font-family: Ubuntu;\"><span style=\"font-size: large;\">\u00cen concluzie, am impresia c\u0103 <\/span><\/span><span style=\"font-family: Ubuntu;\"><span style=\"font-size: large;\"><b>ilumini\u015ftii de Facebook<\/b><\/span><\/span><span style=\"font-family: Ubuntu;\"><span style=\"font-size: large;\"> sunt \u00een mare parte INCOEREN\u0162I, <\/span><\/span><span style=\"font-family: Ubuntu;\"><span style=\"font-size: large;\">ba chiar am dubii c\u0103<\/span><\/span><span style=\"font-family: Ubuntu;\"><span style=\"font-size: large;\"> sunt asocia\u0163i adev\u0103ra\u0163ilor ILLUMINAT<\/span><\/span><span style=\"font-family: Ubuntu;\"><span style=\"font-size: large;\">I. <br \/>Am impresia c\u0103 scopul lor este doar \u00eenlocuirea actualei Elite cu o alta, pe modelul \u201eAceea\u015fi M\u0103rie Cu Alt\u0103 P\u0103l\u0103rie\u201d. Singura schimbare ar consta \u00een \u00eenlocuirea Eredit\u0103\u0163ii cu Meritul, ceea ce pentru Mi\u015fcarea Dacia nu e suficient, iar c\u0103r\u0163ile noastre demonstreaz\u0103 c\u0103 viziunea noastr\u0103 e mai larg\u0103 \u015fi contempl\u0103 aspecte necontemplate de al\u0163ii.<br \/>Viziunea Mi\u015fc\u0103rii Dacia este ORIGINAL\u0102, dar COERENT\u0102 Principiilor Iluministe.<br \/><\/span><\/span><span style=\"font-family: Ubuntu;\"><span style=\"font-size: large;\">MERITOCRA\u0162IA ILUMINIST\u0102 pe care o avem noi \u00een vedere este o SINTEZ\u0102 a tezei Capitalism \u015fi antitezei Comunism, mult mai aproape de antitez\u0103 dec\u00e2t proiecteaz\u0103 al\u0163ii. Cont\u0103m pe faptul c\u0103 noi le-am experimentat pe ambele pe propria piele, ci nu le-am cunoscut prin prisma Organelor Mediatice.<br \/>Am f\u0103cut ce am putut, am difuzat GRATIS \u015fi confirm\u0103m c\u0103 totul este FREE SOURCE.<br \/>Poate s\u0103 plac\u0103 sau nu, iar viitorul va confirma, chiar \u015fi par\u0163ial, sau nu!?<br \/>\u00cen \u00eencheiere punem \u00een gard\u0103 c\u0103 Vin Vremuri Grele pentru o mare parte a popula\u0163iei globale <\/span><\/span><span style=\"font-family: Ubuntu;\"><span style=\"font-size: large;\">\u015fi tare ne e fric\u0103 de faptul c\u0103 For\u0163ele \u00centunericului vor avea din nou c\u00e2\u015ftig de cauz\u0103 pe termen scurt.<br \/>KEEP SAFE, dar nu de COVID, ci de al\u0163i \u201eVIRU\u015eI\u201d MULT MAI PUTERNICI!!!<\/span><\/span><\/p>\n","protected":false},"excerpt":{"rendered":"<p>Motto: \u201eMae\u015ftrii au fost lichida\u021bi: moralitatea omului de r\u00e2nd a triumfat\u201d&#8211; Nietzsche Introducere Ceea ce urmeaz\u0103 reprezint\u0103 ultimile mele lu\u0103ri de pozi\u0163ie \u00een raport cu \u201erestul lumii\u201d, av\u00e2nd eu inten\u0163ia s\u0103 m\u0103 retrag maximul composibil &#8230; OUT OF GRID.Dup\u0103 ani dedica\u0163i celorlal\u0163i, \u00een care este adev\u0103rat c\u0103 am f\u0103cut simultan \u015fi un important input de [&hellip;]<\/p>\n","protected":false},"author":2,"featured_media":0,"comment_status":"open","ping_status":"open","sticky":false,"template":"","format":"standard","meta":{"footnotes":""},"categories":[3092],"tags":[2532,2548,3206,3205,3207],"jetpack_featured_media_url":"","_links":{"self":[{"href":"https:\/\/bassdu.mine.bz\/index.php?rest_route=\/wp\/v2\/posts\/6159"}],"collection":[{"href":"https:\/\/bassdu.mine.bz\/index.php?rest_route=\/wp\/v2\/posts"}],"about":[{"href":"https:\/\/bassdu.mine.bz\/index.php?rest_route=\/wp\/v2\/types\/post"}],"author":[{"embeddable":true,"href":"https:\/\/bassdu.mine.bz\/index.php?rest_route=\/wp\/v2\/users\/2"}],"replies":[{"embeddable":true,"href":"https:\/\/bassdu.mine.bz\/index.php?rest_route=%2Fwp%2Fv2%2Fcomments&post=6159"}],"version-history":[{"count":3,"href":"https:\/\/bassdu.mine.bz\/index.php?rest_route=\/wp\/v2\/posts\/6159\/revisions"}],"predecessor-version":[{"id":6162,"href":"https:\/\/bassdu.mine.bz\/index.php?rest_route=\/wp\/v2\/posts\/6159\/revisions\/6162"}],"wp:attachment":[{"href":"https:\/\/bassdu.mine.bz\/index.php?rest_route=%2Fwp%2Fv2%2Fmedia&parent=6159"}],"wp:term":[{"taxonomy":"category","embeddable":true,"href":"https:\/\/bassdu.mine.bz\/index.php?rest_route=%2Fwp%2Fv2%2Fcategories&post=6159"},{"taxonomy":"post_tag","embeddable":true,"href":"https:\/\/bassdu.mine.bz\/index.php?rest_route=%2Fwp%2Fv2%2Ftags&post=6159"}],"curies":[{"name":"wp","href":"https:\/\/api.w.org\/{rel}","templated":true}]}}