{"id":631,"date":"2009-12-29T15:48:36","date_gmt":"2009-12-29T14:48:36","guid":{"rendered":"http:\/\/bassdu.mine.nu\/?p=631"},"modified":"2009-12-30T01:10:06","modified_gmt":"2009-12-30T00:10:06","slug":"miscarea-virtuala-dacia-creste","status":"publish","type":"post","link":"https:\/\/bassdu.mine.bz\/?p=631","title":{"rendered":"Mi\u015fcarea Virtual\u0103 DACIA &#8230; cre\u015fte !"},"content":{"rendered":"<p align=\"center\"><strong>Dragii mei,<\/strong><\/p>\n<p>\u00centr-un timp relativ scurt, am reu\u015fit s\u0103 form\u0103m un grup de <strong>100 de aderen\u0163i<\/strong>, ceea ce nu este pu\u0163in, av\u00e2nd \u00een vedere c\u0103 nu ne ocup\u0103m de argumente generice \u015fi generalistice, ci suntem lega\u0163i de acela\u015fi <strong><span style=\"text-decoration: underline;\">Program<\/span><\/strong> ambi\u0163ios de a schimba soarta \u0163\u0103rii.\u00a0 Faptul cel mai \u00eembucur\u0103tor, este c\u0103 aderen\u0163ii provin <strong>din toate col\u0163urile lumii,<\/strong> d\u00e2nd ac\u0163iunii noastre un <em>caracter unic<\/em> de <strong>reprezentativitate<\/strong>. Aceasta demonstreaz\u0103 ca \u201e<strong>s\u00e2ngele ap\u0103 nu se face<\/strong>\u201d, indiferent de <em>colocarea teritorial\u0103<\/em>. Cont\u0103m pe fiecare din voi, s\u0103 ajungem c\u00e2t mai repede posibil la obiectivul principal \u00een acest moment \u00a0\u015fi anume : <strong><span style=\"text-decoration: underline;\">NUM\u0102RUL<\/span><\/strong>, pentru a putea face apoi pasul decisiv <em>\u00ceN \u0162AR\u0102<\/em>, prin fondarea unei <strong>Mi\u015fc\u0103ri politice<\/strong> de tip nou, care prin mijloacele democratice existente, s\u0103 contribuie la <strong>Rena\u015fterea Patriei<\/strong>.<\/p>\n<p>\u0162elul nostru nu este \u201eo bagatel\u0103\u201d \u015fi va fi nevoie de un important efort pentru a-l realiza. Vor trebui s\u0103 \u201e<strong>ias\u0103 \u00een fa\u0163\u0103<\/strong>\u201d <em>speciali\u015ftii \u00een diversele domenii aferente GUVERN\u0102RII, dar \u00een primul r\u00e2nd TINERII, ca autori \u015fi destinatari ai acestui Proiect \u00cendr\u0103zne\u0163 \u015fi Concret<\/em>. Noi \u201eb\u0103tr\u00e2nii\u201d, ne vom da la o parte atunci c\u00e2nd va sosi momentul, pentru c\u0103 \u201e<strong><span style=\"text-decoration: underline;\">MI\u015eCAREA DACIA<\/span><\/strong>\u201d, va fi o <em>For\u0163\u0103 politic\u0103 <strong>T\u00c2N\u0102R\u0102 \u015eI PENTRU TINERI<\/strong><\/em> !<\/p>\n<p>Continua\u0163i cu \u201e<strong>\u00eens\u0103m\u00e2n\u0163area<\/strong>\u201d \u00een r\u00e2ndul <em>prietenilor, rudelor, cuno\u015ftin\u0163elor<\/em> \u015fi poate o s\u0103 ave\u0163i c\u00e2t de cur\u00e2nd satisfac\u0163ia de a v\u0103 fi num\u0103rat printre &#8230; <strong>primii 100 de sus\u0163in\u0103tori ai \u201eMi\u015fc\u0103rii Virtuale DACIA\u201d !<\/strong><\/p>\n<p><strong>A\u015fa s\u0103 ne ajute Dumnezeu !<\/strong><\/p>\n","protected":false},"excerpt":{"rendered":"<p>Dragii mei, \u00centr-un timp relativ scurt, am reu\u015fit s\u0103 form\u0103m un grup de 100 de aderen\u0163i, ceea ce nu este pu\u0163in, av\u00e2nd \u00een vedere c\u0103 nu ne ocup\u0103m de argumente generice \u015fi generalistice, ci suntem lega\u0163i de acela\u015fi Program ambi\u0163ios de a schimba soarta \u0163\u0103rii.\u00a0 Faptul cel mai \u00eembucur\u0103tor, este c\u0103 aderen\u0163ii provin din toate [&hellip;]<\/p>\n","protected":false},"author":2,"featured_media":0,"comment_status":"open","ping_status":"open","sticky":false,"template":"","format":"standard","meta":{"footnotes":""},"categories":[64],"tags":[114,38],"jetpack_featured_media_url":"","_links":{"self":[{"href":"https:\/\/bassdu.mine.bz\/index.php?rest_route=\/wp\/v2\/posts\/631"}],"collection":[{"href":"https:\/\/bassdu.mine.bz\/index.php?rest_route=\/wp\/v2\/posts"}],"about":[{"href":"https:\/\/bassdu.mine.bz\/index.php?rest_route=\/wp\/v2\/types\/post"}],"author":[{"embeddable":true,"href":"https:\/\/bassdu.mine.bz\/index.php?rest_route=\/wp\/v2\/users\/2"}],"replies":[{"embeddable":true,"href":"https:\/\/bassdu.mine.bz\/index.php?rest_route=%2Fwp%2Fv2%2Fcomments&post=631"}],"version-history":[{"count":3,"href":"https:\/\/bassdu.mine.bz\/index.php?rest_route=\/wp\/v2\/posts\/631\/revisions"}],"predecessor-version":[{"id":633,"href":"https:\/\/bassdu.mine.bz\/index.php?rest_route=\/wp\/v2\/posts\/631\/revisions\/633"}],"wp:attachment":[{"href":"https:\/\/bassdu.mine.bz\/index.php?rest_route=%2Fwp%2Fv2%2Fmedia&parent=631"}],"wp:term":[{"taxonomy":"category","embeddable":true,"href":"https:\/\/bassdu.mine.bz\/index.php?rest_route=%2Fwp%2Fv2%2Fcategories&post=631"},{"taxonomy":"post_tag","embeddable":true,"href":"https:\/\/bassdu.mine.bz\/index.php?rest_route=%2Fwp%2Fv2%2Ftags&post=631"}],"curies":[{"name":"wp","href":"https:\/\/api.w.org\/{rel}","templated":true}]}}