{"id":641,"date":"2010-01-01T12:05:07","date_gmt":"2010-01-01T11:05:07","guid":{"rendered":"http:\/\/bassdu.mine.nu\/?p=641"},"modified":"2010-01-07T18:28:58","modified_gmt":"2010-01-07T17:28:58","slug":"de-ce-dacia-4","status":"publish","type":"post","link":"https:\/\/bassdu.mine.bz\/?p=641","title":{"rendered":"De ce &#8230; DACIA ?"},"content":{"rendered":"<p align=\"center\"><strong>De ce \u2026 DACIA ?<\/strong><\/p>\n<p align=\"center\"><strong>(Popula\u0163ia)<\/strong><\/p>\n<p>\u00cen r\u00e2ndurile ce urmeaz\u0103, voi face referiri la <strong>Baba Vanga, Sundar Sing \u015fi Petrache Lupu,<\/strong> ce au profe\u0163it pentru <em>popula\u0163ia Spa\u0163iului daco-get<\/em>, <strong>UN MARE VIITOR SPIRITUAL<\/strong> ! \u00a0\u00a0Vezi :<\/p>\n<p style=\"text-align: center;\">\u00a0<a href=\"http:\/\/bassdu.mine.nu\/?p=577\">http:\/\/bassdu.mine.nu\/?p=577<\/a><\/p>\n<p>Bine\u00een\u0163eles c\u0103 a vorbi de <strong>DACIA<\/strong>, <em>nu \u00eenseamn\u0103<\/em> a sus\u0163ine c\u0103 suntem to\u0163i &#8230; <em>daci<\/em> !\u00a0 Dar <em>adev\u0103rul incontestabil<\/em> este c\u0103 suntem to\u0163i <strong>mai mult sau mai pu\u0163in daci<\/strong>, pentru motivele expuse \u00een post\u0103rile anterioare (<em>spune-mi ce m\u0103n\u00e2nci ca s\u0103-\u0163i spun &#8230; cine e\u015f<\/em>ti !). Principalele \u201e<em>r\u0103m\u0103\u015fi\u0163e<\/em>\u201d ale <strong>vechii civiliza\u0163ii daco-getice<\/strong> se reg\u0103sesc \u00een <strong>vocabular<\/strong>, dar mai ales \u00een <strong>tradi\u0163iile populare de origine zamolxian\u0103, men\u0163inute de ritul cre\u015ftin ortodox<\/strong> pe plaiurile noastre. \u00cen acest sens, un mare \u201e<em>s\u00e2mbure de adev\u0103r<\/em>\u201d se poate identifica \u00een scrierile d-lui <strong>Octavian S\u0103rb\u0103toare<\/strong>. Acest aspect zamolxian al ritului cre\u015ftin-ortodox este prezent <strong>numai <\/strong>\u00een <em>Spa\u0163iul daco-get <\/em>!!!\u00a0 \u015ei asta pentru c\u0103 propagarea cre\u015ftinismului, a gasit \u00een acest Spa\u0163iu condi\u0163ii \u201e<strong>similare<\/strong>\u201d (<em>pentru a nu intra \u00een diatribe legate de&#8230; <span style=\"text-decoration: underline;\">primordialitate<\/span><\/em><span style=\"text-decoration: underline;\"> <\/span>), iar caracterul de <strong>ospitalitate<\/strong> al spiritualit\u0103\u0163ii daco-getice, manifestat dealungul mileniilor, &#8230; a f\u0103cut restul.\u00a0<\/p>\n<p>Aceast\u0103 <strong>OSPITALITATE<\/strong>, explic\u0103 \u015fi <em>asimil\u0103rile popula\u0163iilor migratoare<\/em>, ce au imp\u0103rt\u0103\u015fit <em>cultura originar\u0103<\/em>, <em>r\u0103mas\u0103 mereu majoritar\u0103<\/em>, \u00a0fapt ce a permis \u201e<em>supravie\u0163uirea\u00a0 r\u0103d\u0103cinilor<\/em>\u201d. <strong>Iordanes<\/strong> sus\u0163ine c\u0103 <strong>go\u0163ii<\/strong> sunt de fapt &#8230; <strong>ge\u0163i;<\/strong> eu nu \u015ftiu dac\u0103 este a\u015fa (<em>\u00eei las pe istorici s\u0103 cerceteze<\/em>), dar cert este c\u0103 <em>vizigo\u0163ii \u015fi ostrogo\u0163ii<\/em> ( go\u0163ii de vest \u015fi est) au \u00eemp\u0103rt\u0103\u015fit <strong>zamolxismul<\/strong>, pe care \u201el-au purtat\u201d din actuala <em>Danemarca<\/em>, p\u00e2n\u0103 \u00een &#8230; <em>Spania<\/em>, unde \u015fi azi sunt venera\u0163i <strong>Burebista, Deceneu, Decebal \u015fi bine\u00e2n\u0163eles &#8230; Zamolxe !<\/strong><\/p>\n<p>Popula\u0163ia actual\u0103 a Rom\u00e2niei este expresia <em>marilor migra\u0163ii<\/em> ale ultimilor 2000 de ani, purt\u0103toare a <em>diverse culturi<\/em>, mai mult sau mai pu\u0163in \u201e<em>evoluate<\/em>\u201d, mai mult sau mai pu\u0163in \u201e<em>consonante<\/em>\u201d.<\/p>\n<p>Am scris pe larg despre \u201e<strong>obliga\u0163ia moral\u0103<\/strong>\u201d a tuturor locuitorilor Daciei, de a respecta acest <strong>Trecut<\/strong>, condamn\u00e2nd \u201e<em>excesele na\u0163ionaliste<\/em>\u201d ce se fac \u00een anumite cercuri ale minorit\u0103\u0163ilor, dar \u015fi \u201e<em>exclusivismul<\/em>\u201d anumitor <em>dacicani<\/em>, ce concep o Dacie \u201econdus\u0103\u201d numai de &#8230; <strong>tarabostes <\/strong>!<\/p>\n<p><strong>Eu chem la \u201eechilibru\u201d,<\/strong> pentru c\u0103 dac\u0103 vom avea un <strong>MARE VIITOR SPIRITUAL<\/strong>,\u00a0 \u00eel vom avea numai pe baza unei <em>\u00een\u0163elegeri superioare a realit\u0103\u0163ii de azi<\/em>, a\u015fa cum au <em>profe\u0163it<\/em> cei numi\u0163i la \u00eenceputul post\u0103rii !!!<\/p>\n","protected":false},"excerpt":{"rendered":"<p>De ce \u2026 DACIA ? (Popula\u0163ia) \u00cen r\u00e2ndurile ce urmeaz\u0103, voi face referiri la Baba Vanga, Sundar Sing \u015fi Petrache Lupu, ce au profe\u0163it pentru popula\u0163ia Spa\u0163iului daco-get, UN MARE VIITOR SPIRITUAL ! \u00a0\u00a0Vezi : \u00a0http:\/\/bassdu.mine.nu\/?p=577 Bine\u00een\u0163eles c\u0103 a vorbi de DACIA, nu \u00eenseamn\u0103 a sus\u0163ine c\u0103 suntem to\u0163i &#8230; daci !\u00a0 Dar adev\u0103rul incontestabil [&hellip;]<\/p>\n","protected":false},"author":2,"featured_media":0,"comment_status":"open","ping_status":"open","sticky":false,"template":"","format":"standard","meta":{"footnotes":""},"categories":[64],"tags":[165,45,192,166,189,193],"jetpack_featured_media_url":"","_links":{"self":[{"href":"https:\/\/bassdu.mine.bz\/index.php?rest_route=\/wp\/v2\/posts\/641"}],"collection":[{"href":"https:\/\/bassdu.mine.bz\/index.php?rest_route=\/wp\/v2\/posts"}],"about":[{"href":"https:\/\/bassdu.mine.bz\/index.php?rest_route=\/wp\/v2\/types\/post"}],"author":[{"embeddable":true,"href":"https:\/\/bassdu.mine.bz\/index.php?rest_route=\/wp\/v2\/users\/2"}],"replies":[{"embeddable":true,"href":"https:\/\/bassdu.mine.bz\/index.php?rest_route=%2Fwp%2Fv2%2Fcomments&post=641"}],"version-history":[{"count":7,"href":"https:\/\/bassdu.mine.bz\/index.php?rest_route=\/wp\/v2\/posts\/641\/revisions"}],"predecessor-version":[{"id":654,"href":"https:\/\/bassdu.mine.bz\/index.php?rest_route=\/wp\/v2\/posts\/641\/revisions\/654"}],"wp:attachment":[{"href":"https:\/\/bassdu.mine.bz\/index.php?rest_route=%2Fwp%2Fv2%2Fmedia&parent=641"}],"wp:term":[{"taxonomy":"category","embeddable":true,"href":"https:\/\/bassdu.mine.bz\/index.php?rest_route=%2Fwp%2Fv2%2Fcategories&post=641"},{"taxonomy":"post_tag","embeddable":true,"href":"https:\/\/bassdu.mine.bz\/index.php?rest_route=%2Fwp%2Fv2%2Ftags&post=641"}],"curies":[{"name":"wp","href":"https:\/\/api.w.org\/{rel}","templated":true}]}}