{"id":648,"date":"2010-01-04T22:15:12","date_gmt":"2010-01-04T21:15:12","guid":{"rendered":"http:\/\/bassdu.mine.nu\/?p=648"},"modified":"2010-01-05T21:42:33","modified_gmt":"2010-01-05T20:42:33","slug":"de-ce-dacia-5","status":"publish","type":"post","link":"https:\/\/bassdu.mine.bz\/?p=648","title":{"rendered":"De ce &#8230; DACIA ?"},"content":{"rendered":"<p align=\"center\"><strong>De ce &#8230; DACIA ?<\/strong><\/p>\n<p align=\"center\"><strong>(Religia)<\/strong><\/p>\n<p>Mul\u0163i dintre cititorii mei, sau chiar membrii ai \u201e<strong>Mi\u015fc\u0103rii Virtuale DACIA<\/strong>\u201d, ortodoc\u015fi, catolici sau de alte credin\u0163e, pot fi surprin\u015fi, sau chiar scandaliza\u0163i, de referirile pe care le fac la <strong>Zeitgeist Movement<\/strong>, sau la &#8230; <strong>zamolxism<\/strong>.<\/p>\n<p>\u00cencep prin a reaminti tuturor, c\u0103 \u201e<strong>Mi\u015fcarea Virtual\u0103 DACIA<\/strong>\u201d este deschis\u0103 <span style=\"text-decoration: underline;\">TUTUROR <\/span>\u015fi c\u0103 noi ne propunem \u00een primul r\u00e2nd s\u0103 g\u0103sim \u201e<span style=\"text-decoration: underline;\">Calea de Mijloc<\/span>\u201d, sau altfel spus, \u201e<span style=\"text-decoration: underline;\">s\u0103 lu\u0103m ce-i bun<\/span>\u201d din <span style=\"text-decoration: underline;\">\u00centreg<\/span>, indiferent de &#8230; origini, pentru c\u0103 numai a\u015fa putem aspira la o <strong>Spiritualitate Superioar\u0103<\/strong>, <strong>\u201ereclamat\u0103\u201d \u015fi &#8230; \u201eprofe\u0163it\u0103\u201d<\/strong> !\u00a0 Nu degeaba se zice c\u0103 \u201e<strong>adev\u0103rul se afl\u0103 &#8230; la mijloc<\/strong>\u201d !<\/p>\n<p><strong><span style=\"text-decoration: underline;\">Zeitgeist<\/span><\/strong>, explic\u0103 foarte bine <em>cauzele Crizei actuale<\/em> \u015fi la acest capitol sunt de acord. C\u00e2nd propune globalizarea prin \u201e<em>pierderea identit\u0103\u0163ii na\u0163ionale<\/em>\u201d, nu mai sunt de acord. Este adev\u0103rat c\u0103 religiile actuale, nu reu\u015fesc s\u0103 mai \u201estea \u00een pas cu timpul\u201d \u015fi c\u0103 \u201eau multe puncte slabe\u201d, \u00eencep\u00e2nd cu \u201ecaracterul agresiv\u201d, ce face ca multe conflicte armate s\u0103 aib\u0103 o matrice religioas\u0103 (\u015fi nu numai \u00een timpurile noastre). Dar asta nu \u00eenseamn\u0103 s\u0103-i \u00a0uit\u0103m rolul pozitiv \u00een societate, avut dealungul secolelor. C\u00e2nd propune <em>Dezvoltarea Sustenabil\u0103<\/em>, nu pot fi contrazi\u015fi, pentru c\u0103 raportul Om-Natur\u0103 este grav dezechilibrat, iar <em>Proiectul Venus<\/em> este un bun r\u0103spuns. Chiar \u015fi c\u00e2nd sus\u0163in <strong>originile zamolxiane ale Cre\u015ftinismului <\/strong>(\u015fi nu sunt singurii), nu cred c\u0103 gre\u015fesc, pentru c\u0103 \u201e<em>\u00een Natur\u0103 nimic nu se creeaz\u0103 \u015fi nimic nu se distruge, ci totul se transform\u0103<\/em>\u201d ! Nu pot s\u0103 nu m\u0103 intreb UNDE a fost <strong>Isus<\/strong> pentru diver\u015fi ani ? Nu cumva printre &#8230; <em>zamolxieni<\/em> ? Senin\u0103tatea lui \u00een fa\u0163a mor\u0163ii \u015fi credin\u0163a c\u0103 \u201emerge la Tat\u0103l\u201d, nu vi se pare &#8230; cunoscut\u0103 ?\u00a0 A\u0163i notat asem\u0103narea &#8220;crucii&#8221; dacice ( vezi Octavian S\u0103rb\u0103toare) cu cea ortodox\u0103 (cu &#8230; raze !!! )\u00a0 ???\u00a0 Este absurd s\u0103 se cread\u0103 c\u0103 numai noi cre\u015ftinii avem \u201echeia adev\u0103rului\u201d pe aceast\u0103 Planet\u0103 !\u00a0 Sunt at\u00e2tea semne de \u00eentrebare referitoare la : gigan\u0163i, extratere\u015ftrii (?), piramide ( cult solar asem\u0103n\u0103tor &#8230; zamolxismului), profe\u0163ii, etc., \u00a0la care &#8230; nu se d\u0103 r\u0103spuns. Tocmai de aceea ne-am propus \u00een Programul \u201eMi\u015fc\u0103rii Virtuale DACIA\u201d deschiderea la Bucure\u015fti a unui <strong><span style=\"text-decoration: underline;\">Centru Spiritual Intercultural<\/span><\/strong>, <em>care s\u0103 pun\u0103 cap\u0103t confrunt\u0103rii actuale prin &#8230; DIALOG <\/em>!\u00a0 Aceast\u0103 ini\u0163iativ\u0103 este \u201eanticipat\u0103\u201d de <strong>Petrache Lupu,Sundar Sing \u015fi Baba Vanga<\/strong> \u015fi ar fi \u201eo lucrare minunat\u0103\u201d de mare importan\u0163\u0103 pentru \u00eentreaga Lume!<\/p>\n<p>\u00cen leg\u0103tur\u0103 cu <strong>r\u0103d\u0103cinile zamolxiene<\/strong> ale ortodoxiei autohtone, nu o consider erezie, deoarece este cunoscut sprijinul acordat peste veacuri, de c\u0103tre aceasta, conserv\u0103rii unor tradi\u0163ii \u015fi obiceiuri, prezente numai AICI \u015fi care au profunde r\u0103d\u0103cini &#8230; dacice. <strong>Zamolxismul<\/strong> <em>pune pe un plan superior respectul pentru Natur\u0103, \u201eam\u0103nunt\u201d pierdut din vedere de Cre\u015ftinism<\/em>. Nici un popor nu a p\u0103strat a\u015fa cum am f\u0103cut-o noi, tradi\u0163ii ancestrale ca :<\/p>\n<p>,,,,, <em>de jocul caprei, considerat joc p\u0103g\u00e2n, jocul cerbului \u015fi jocul ursului. Jocul ursului era specific chiar geto-dacilor. Aceste obiceiuri au fost completate \u00een timp de jocul c\u0103iu\u0163ilor. Obiceiurile sunt agrare \u015fi pastorale. Chiar \u015fi Plugu\u015forul este un ritual agrar, \u00een timp ce jocul m\u0103\u015ftilor are ca simbol alungarea duhurilor rele. Dup\u0103 uratul cu plugul urma sem\u0103natul cu boabele de gr\u00e2u. Ambele erau trimiterea c\u0103tre fertilitatea agrar\u0103, pentru c\u0103 se ara cu plugul, se tr\u0103gea brazd\u0103 \u00een curtea fiec\u0103rui gospodar \u015fi apoi veneau copiii cu sem\u0103natul. Se celebra anul bogat care a trecut \u015fi se f\u0103cea trimitere la recoltele bogate de anul viitor. Alt\u0103dat\u0103, adul\u0163ii practicau \u015fi uratul f\u00e2nt\u00e2nii, pentru bel\u015fug \u00een ap\u0103. F\u00e2nt\u00e2na era un element simbolic pentru via\u0163a satului.,,,,,<\/em><\/p>\n<p><strong>Sau:<\/strong><\/p>\n<p><em>,,,,,traditiile populare sunt in majoritate precrestine. Asadar sarbatoarea crestina a fost cea care s-a suprapus peste traditiile populare, si nu invers. Ca ne place sau nu, ele fac parte din bagajul identitar al poporului roman,,,,,<\/em><\/p>\n<p>Dac\u0103 vre\u0163i mai mult, face\u0163i o \u201ec\u0103utare Google\u201d pentru \u201etradi\u0163ii populare\u201d \u015fi o s\u0103 vede\u0163i &#8230; \u00a0<strong><em>CE NU TREBUIE PIERDUT !!!<\/em><\/strong><\/p>\n<p><strong>\u00cen \u00eencheiere, vreau s\u0103 re\u00eenoiesc apelul meu la modera\u0163ie \u015fi la g\u0103sirea elementelor CE NE SUNT COMUNE, dac\u0103 vrem s\u0103 \u201econstruim ceva trainic\u201d !<\/strong><\/p>\n","protected":false},"excerpt":{"rendered":"<p>De ce &#8230; DACIA ? (Religia) Mul\u0163i dintre cititorii mei, sau chiar membrii ai \u201eMi\u015fc\u0103rii Virtuale DACIA\u201d, ortodoc\u015fi, catolici sau de alte credin\u0163e, pot fi surprin\u015fi, sau chiar scandaliza\u0163i, de referirile pe care le fac la Zeitgeist Movement, sau la &#8230; zamolxism. \u00cencep prin a reaminti tuturor, c\u0103 \u201eMi\u015fcarea Virtual\u0103 DACIA\u201d este deschis\u0103 TUTUROR \u015fi [&hellip;]<\/p>\n","protected":false},"author":2,"featured_media":0,"comment_status":"open","ping_status":"open","sticky":false,"template":"","format":"standard","meta":{"footnotes":""},"categories":[64],"tags":[194,114,158,62,193],"jetpack_featured_media_url":"","_links":{"self":[{"href":"https:\/\/bassdu.mine.bz\/index.php?rest_route=\/wp\/v2\/posts\/648"}],"collection":[{"href":"https:\/\/bassdu.mine.bz\/index.php?rest_route=\/wp\/v2\/posts"}],"about":[{"href":"https:\/\/bassdu.mine.bz\/index.php?rest_route=\/wp\/v2\/types\/post"}],"author":[{"embeddable":true,"href":"https:\/\/bassdu.mine.bz\/index.php?rest_route=\/wp\/v2\/users\/2"}],"replies":[{"embeddable":true,"href":"https:\/\/bassdu.mine.bz\/index.php?rest_route=%2Fwp%2Fv2%2Fcomments&post=648"}],"version-history":[{"count":5,"href":"https:\/\/bassdu.mine.bz\/index.php?rest_route=\/wp\/v2\/posts\/648\/revisions"}],"predecessor-version":[{"id":650,"href":"https:\/\/bassdu.mine.bz\/index.php?rest_route=\/wp\/v2\/posts\/648\/revisions\/650"}],"wp:attachment":[{"href":"https:\/\/bassdu.mine.bz\/index.php?rest_route=%2Fwp%2Fv2%2Fmedia&parent=648"}],"wp:term":[{"taxonomy":"category","embeddable":true,"href":"https:\/\/bassdu.mine.bz\/index.php?rest_route=%2Fwp%2Fv2%2Fcategories&post=648"},{"taxonomy":"post_tag","embeddable":true,"href":"https:\/\/bassdu.mine.bz\/index.php?rest_route=%2Fwp%2Fv2%2Ftags&post=648"}],"curies":[{"name":"wp","href":"https:\/\/api.w.org\/{rel}","templated":true}]}}