{"id":659,"date":"2010-01-10T10:04:41","date_gmt":"2010-01-10T09:04:41","guid":{"rendered":"http:\/\/bassdu.mine.nu\/?p=659"},"modified":"2010-01-10T10:04:41","modified_gmt":"2010-01-10T09:04:41","slug":"domnilor-politicieni","status":"publish","type":"post","link":"https:\/\/bassdu.mine.bz\/?p=659","title":{"rendered":"Domnilor politicieni,"},"content":{"rendered":"<p><strong>Domnule Mircea Geoan\u0103,<\/strong><\/p>\n<p>Sunt un\u00a0 cet\u0103\u0163ean rom\u00e2n rezident \u00een Italia \u015fi de cur\u00e2nd am devenit prieteni pe Facebook, \u00een urma unei cereri din partea mea, la care a\u0163i avut bun\u0103voin\u0163a de a r\u0103spunde pozitiv. Desigur a fost o acceptare &#8230; <em>automat\u0103<\/em>, dar eu o s-o iau <em>\u00een serios<\/em>, motiv pentru care v\u0103 trimit aceste r\u00e2nduri.<\/p>\n<p>\u0162in s\u0103 precizez c\u0103 <strong>NU<\/strong> am fost \u015fi <strong>NU<\/strong> sunt membru niciunui partid politic rom\u00e2nesc sau de aiurea, f\u0103r\u0103 ca asta s\u0103 \u00eensemne c\u0103 <em>nu fac politic\u0103<\/em>.\u00a0 To\u0163i fac politic\u0103, chiar \u015fi cei ce sus\u0163in contrariul !\u00a0 Ba mai mult, am pus bazele pe Facebook, unui grup intitulat <strong>Mi\u015fcarea Virtual\u0103 DACIA<\/strong>,\u00a0 ce-\u015fi propune s\u0103 devin\u0103 &#8230; o mi\u015fcare politic\u0103 \u015fi <em>nu m\u0103 ab\u0163in<\/em> de la a critica ceea ce este de criticat \u00een via\u0163a politic\u0103 din Patrie (inclusiv \u00een ceea ce v\u0103 prive\u015fte!). \u00a0\u00a0Nu am spus <em>Partid<\/em>, pentru c\u0103 noi vrem &#8230; <em>altceva<\/em>!\u00a0<\/p>\n<p>Dac\u0103 o s\u0103 ave\u0163i <em>curiozitatea<\/em> s\u0103 citi\u0163i <strong>Programul nostru<\/strong>, o s\u0103 nota\u0163i o serie de <em>ciud\u0103\u0163enii<\/em>, ca s\u0103 nu mai pomenesc de referirea la &#8230; <strong>DACIA<\/strong>, ca <em>punct de plecare<\/em>.<\/p>\n<p>Eu a\u015f dori &#8230; s\u0103 v\u0103 avem printre noi, motiv pentru care v\u0103 trimit <strong>oficial<\/strong> aceast\u0103 <em>invita\u0163ie<\/em>. \u015etiu cine sunte\u0163i \u015fi &#8230; pe ce lume tr\u0103iesc, dar iat\u0103 DE CE am f\u0103cut-o :<\/p>\n<p>\u00cenveninarea climatului politic din \u0163ar\u0103 a ajuns la paroxism, \u00een condi\u0163iile c\u00e2nd ar trebui s\u0103 se procedeze la unirea eforturilor tuturor, pentru dep\u0103\u015firea actualei Crize. Este adev\u0103rat c\u0103 nu este numai un <em>fenomen rom\u00e2nesc<\/em>, dar p\u0103rerea mea este c\u0103 cine va <span style=\"text-decoration: underline;\">\u00eentreprinde strada reconcilierii na\u0163ionale<\/span>, va dep\u0103\u015fi cu mai mult\u0103 u\u015furin\u0163\u0103 aceast\u0103 faz\u0103.\u00a0 De aceea <strong>Mi\u015fcarea Virtual\u0103 DACIA<\/strong> este de &#8230; <em>st\u00e2nga-centru-dreapta<\/em>\u00a0 !\u00a0 Trebuie s\u0103 trecem de la <strong>politica urlat\u0103<\/strong>, <span style=\"text-decoration: underline;\">la<\/span> <strong>politica \u00een\u0163elegerii<\/strong>, pentru c\u0103 altfel <strong>facem jocul<\/strong> <em>celor ce ne dezbin\u0103, pentru a ne <\/em><strong>st\u0103p\u00e2ni<\/strong> !\u00a0 Cum multe din <em>tarele actualului Sistem<\/em> sunt <strong>\u00eemprumutate<\/strong>, consider\u0103m necesar\u0103 o <em>reform\u0103 radical\u0103<\/em> a societ\u0103\u0163ii rom\u00e2ne\u015fti, pe baza <em>Principiilor<\/em> enun\u0163ate \u00een <strong>Programul<\/strong> nostru. \u00a0Spun <em>Principii<\/em>, deoarece <em>Programul va trebui s\u0103 fie finalizat de persoane calificate<\/em>.\u00a0 S\u0103 nu crede\u0163i c\u0103 \u201em\u0103 \u00eemb\u0103t cu ap\u0103 rece\u201d, \u015ftiu c\u0103 pare o misiune imposibil\u0103, dar <em>responsabilitatea politicienilor<\/em> este mult prea mare, pentru a trata cu <em>suficien\u0163\u0103 <\/em>problemele timpurilor actuale ! Chiar \u015fi referirea la <strong>DACIA<\/strong>, nu este \u00eent\u00e2mpl\u0103toare, pentru c\u0103 ce nume s-ar potrivi mai bine pentru (<em>minim<\/em>) o <strong>Federa\u0163ie cu Moldova<\/strong> !?\u00a0 Bine\u00een\u0163eles dup\u0103 tratative cu cei interesa\u0163i, cu scopul de a nu \u201e<em>c\u0103lca pe nimeni pe &#8230; b\u0103t\u0103turi<\/em>\u201d.\u00a0 Burebista a fost capabil s\u0103 <em>taie viile<\/em>, pentru a \u00eempiedica <em>dec\u0103derea moral\u0103<\/em> a poporului s\u0103u. Noi nu putem face a\u015fa ceva ? De aceea<em> <\/em>ne propunem s\u0103 <em>identific\u0103m<\/em> <strong>cauzele acestei degrad\u0103ri<\/strong> \u015fi s\u0103 le <em>combatem<\/em> cu mijloacele democratice la \u00eendem\u00e2n\u0103.<\/p>\n<p>Aceia\u015fi invita\u0163ie o s-o trimit \u015fi celorlal\u0163i protagoni\u015fti ai vie\u0163ii politice rom\u00e2ne\u015fti (care nu au r\u0103spuns \u00eenc\u0103 cererii mele de prietenie), sper\u00e2nd c\u0103 &#8230; nu va mai fi nevoie de <strong>Mi\u015fcarea Virtual\u0103 DACIA<\/strong>, pentru punerea \u00een practic\u0103 a unui <strong>Program<\/strong>, <em>\u00eensu\u015fit deja de actualii responsabili<\/em>.<\/p>\n<p>Cu respect,<\/p>\n<p>Ing. \u0162eav\u0103 Gheorghe Giovanni<\/p>\n","protected":false},"excerpt":{"rendered":"<p>Domnule Mircea Geoan\u0103, Sunt un\u00a0 cet\u0103\u0163ean rom\u00e2n rezident \u00een Italia \u015fi de cur\u00e2nd am devenit prieteni pe Facebook, \u00een urma unei cereri din partea mea, la care a\u0163i avut bun\u0103voin\u0163a de a r\u0103spunde pozitiv. Desigur a fost o acceptare &#8230; automat\u0103, dar eu o s-o iau \u00een serios, motiv pentru care v\u0103 trimit aceste r\u00e2nduri. [&hellip;]<\/p>\n","protected":false},"author":2,"featured_media":0,"comment_status":"open","ping_status":"open","sticky":false,"template":"","format":"standard","meta":{"footnotes":""},"categories":[73],"tags":[165,45,114,70,41],"jetpack_featured_media_url":"","_links":{"self":[{"href":"https:\/\/bassdu.mine.bz\/index.php?rest_route=\/wp\/v2\/posts\/659"}],"collection":[{"href":"https:\/\/bassdu.mine.bz\/index.php?rest_route=\/wp\/v2\/posts"}],"about":[{"href":"https:\/\/bassdu.mine.bz\/index.php?rest_route=\/wp\/v2\/types\/post"}],"author":[{"embeddable":true,"href":"https:\/\/bassdu.mine.bz\/index.php?rest_route=\/wp\/v2\/users\/2"}],"replies":[{"embeddable":true,"href":"https:\/\/bassdu.mine.bz\/index.php?rest_route=%2Fwp%2Fv2%2Fcomments&post=659"}],"version-history":[{"count":1,"href":"https:\/\/bassdu.mine.bz\/index.php?rest_route=\/wp\/v2\/posts\/659\/revisions"}],"predecessor-version":[{"id":660,"href":"https:\/\/bassdu.mine.bz\/index.php?rest_route=\/wp\/v2\/posts\/659\/revisions\/660"}],"wp:attachment":[{"href":"https:\/\/bassdu.mine.bz\/index.php?rest_route=%2Fwp%2Fv2%2Fmedia&parent=659"}],"wp:term":[{"taxonomy":"category","embeddable":true,"href":"https:\/\/bassdu.mine.bz\/index.php?rest_route=%2Fwp%2Fv2%2Fcategories&post=659"},{"taxonomy":"post_tag","embeddable":true,"href":"https:\/\/bassdu.mine.bz\/index.php?rest_route=%2Fwp%2Fv2%2Ftags&post=659"}],"curies":[{"name":"wp","href":"https:\/\/api.w.org\/{rel}","templated":true}]}}