{"id":69,"date":"2009-04-26T20:36:46","date_gmt":"2009-04-26T19:36:46","guid":{"rendered":"http:\/\/bassdu.mine.nu:91\/?p=69"},"modified":"2009-05-03T18:18:37","modified_gmt":"2009-05-03T17:18:37","slug":"lobby-romeno-parte-decima","status":"publish","type":"post","link":"https:\/\/bassdu.mine.bz\/?p=69","title":{"rendered":"Lobby  romena  parte decima"},"content":{"rendered":"<p class=\"MsoNormal\" style=\"margin: 0cm 0cm 10pt; text-align: center;\" align=\"center\"><span style=\"font-size: 20pt; line-height: 115%;\"><span style=\"font-family: Calibri;\"><strong>Lobby<span style=\"mso-spacerun: yes;\"> <\/span>romena<\/strong><\/span><\/span><\/p>\n<p class=\"MsoNormal\" style=\"margin: 0cm 0cm 10pt; text-align: center;\" align=\"center\"><span style=\"font-size: 14pt; line-height: 115%;\"><span style=\"font-family: Calibri;\"><strong>Parte decima<\/strong><\/span><\/span><\/p>\n<p class=\"MsoNormal\" style=\"margin: 0cm 0cm 10pt;\">\u00a0<\/p>\n<p class=\"MsoNormal\" style=\"margin: 0cm 0cm 10pt;\"><span style=\"font-size: 12pt; line-height: 115%;\"><span style=\"font-family: Calibri;\">Passato un mese dalla \u201cdiscesa in campo\u201d ( mi scusi sig. Berlusconi ! ), posso dire che ho concluso la presentazione del mio pensiero, senza ricevere nessuna offesa e questo \u00e8 gi\u00e0 un buon segno !<span style=\"mso-spacerun: yes;\"> <\/span>Nel commento pi\u00f9 \u201cduro\u201d, fui dolcemente paragonato a Don Quijote, ma io questa non la prendo come offesa, perche lo scopo \u00e8 tropo nobile per non provarci, anche se l\u2019impresa \u00e8 davvero molto ardua.<\/span><\/span><\/p>\n<p><!--LEGGI TUTTO--><\/p>\n<p class=\"MsoNormal\" style=\"margin: 0cm 0cm 10pt;\"><span style=\"font-size: 12pt; line-height: 115%;\"><span style=\"font-family: Calibri;\">Questo non significa la chiusura del mio Blog, in quanto ho ancora tanto da dire e anche da ridire (scusate !).<\/span><\/span><\/p>\n<p class=\"MsoNormal\" style=\"margin: 0cm 0cm 10pt;\"><span style=\"font-size: 12pt; line-height: 115%;\"><span style=\"font-family: Calibri;\">D\u2019ora in poi, partendo dalla premessa che <strong style=\"mso-bidi-font-weight: normal;\">la LOBBY ROMENA abbia preso \u201cil volo\u201d<\/strong>, prover\u00f2 ad immaginare degli scenari di un futuro prossimo.<\/span><\/span><\/p>\n<p class=\"MsoNormal\" style=\"margin: 0cm 0cm 10pt;\"><span style=\"font-size: 12pt; line-height: 115%;\"><span style=\"font-family: Calibri;\">Prender\u00f2 spunto dalla realt\u00e0 attuale, dalle varie ipotesi riguardanti il futuro e sulla base di poca documentazione e molta fantasia, prover\u00f2 a prospettare le \u201cconseguenze\u201d.<\/span><\/span><\/p>\n<p class=\"MsoNormal\" style=\"margin: 0cm 0cm 10pt;\"><span style=\"font-size: 12pt; line-height: 115%;\"><span style=\"font-family: Calibri;\">La mia convinzione \u00e8 che prossimamente assisteremmo a dei grossi cambiamenti, al livello planetario, cosi che una prospezione del futuro, ci pu\u00f2 \u201cpreparare in anticipo\u201d per il Grande Rinnovamento. Per usare una metafora, ti fa meno male un calcio nel sedere, quando <strong style=\"mso-bidi-font-weight: normal;\">sai<\/strong> che stai per riceverlo !<\/span><\/span><\/p>\n<p class=\"MsoNormal\" style=\"margin: 0cm 0cm 10pt;\"><span style=\"font-size: 12pt; line-height: 115%;\"><span style=\"font-family: Calibri;\">Per il prossimo post, voglio prospettare cosa potrebbe condurre all\u2019uscita della Romania dall\u2019UE e le conseguenze di questa evenienza. Provate anche voi ad immaginarvi questa situazione \u2026 e poi parleremo.<\/span><\/span><\/p>\n<p class=\"MsoNormal\" style=\"margin: 0cm 0cm 10pt;\">\u00a0<\/p>\n<p class=\"MsoNormal\" style=\"margin: 0cm 0cm 10pt;\"><span style=\"font-size: 12pt; line-height: 115%;\"><span style=\"font-family: Calibri;\">Alla prossima ! <\/span><\/span><\/p>\n","protected":false},"excerpt":{"rendered":"<p>Lobby romena Parte decima \u00a0 Passato un mese dalla \u201cdiscesa in campo\u201d ( mi scusi sig. Berlusconi ! ), posso dire che ho concluso la presentazione del mio pensiero, senza ricevere nessuna offesa e questo \u00e8 gi\u00e0 un buon segno ! Nel commento pi\u00f9 \u201cduro\u201d, fui dolcemente paragonato a Don Quijote, ma io questa non [&hellip;]<\/p>\n","protected":false},"author":2,"featured_media":0,"comment_status":"open","ping_status":"open","sticky":false,"template":"","format":"standard","meta":{"footnotes":""},"categories":[3],"tags":[51,11,50,41,52],"jetpack_featured_media_url":"","_links":{"self":[{"href":"https:\/\/bassdu.mine.bz\/index.php?rest_route=\/wp\/v2\/posts\/69"}],"collection":[{"href":"https:\/\/bassdu.mine.bz\/index.php?rest_route=\/wp\/v2\/posts"}],"about":[{"href":"https:\/\/bassdu.mine.bz\/index.php?rest_route=\/wp\/v2\/types\/post"}],"author":[{"embeddable":true,"href":"https:\/\/bassdu.mine.bz\/index.php?rest_route=\/wp\/v2\/users\/2"}],"replies":[{"embeddable":true,"href":"https:\/\/bassdu.mine.bz\/index.php?rest_route=%2Fwp%2Fv2%2Fcomments&post=69"}],"version-history":[{"count":10,"href":"https:\/\/bassdu.mine.bz\/index.php?rest_route=\/wp\/v2\/posts\/69\/revisions"}],"predecessor-version":[{"id":105,"href":"https:\/\/bassdu.mine.bz\/index.php?rest_route=\/wp\/v2\/posts\/69\/revisions\/105"}],"wp:attachment":[{"href":"https:\/\/bassdu.mine.bz\/index.php?rest_route=%2Fwp%2Fv2%2Fmedia&parent=69"}],"wp:term":[{"taxonomy":"category","embeddable":true,"href":"https:\/\/bassdu.mine.bz\/index.php?rest_route=%2Fwp%2Fv2%2Fcategories&post=69"},{"taxonomy":"post_tag","embeddable":true,"href":"https:\/\/bassdu.mine.bz\/index.php?rest_route=%2Fwp%2Fv2%2Ftags&post=69"}],"curies":[{"name":"wp","href":"https:\/\/api.w.org\/{rel}","templated":true}]}}