{"id":701,"date":"2010-02-16T21:43:56","date_gmt":"2010-02-16T20:43:56","guid":{"rendered":"http:\/\/bassdu.mine.nu\/?p=701"},"modified":"2010-02-16T21:46:21","modified_gmt":"2010-02-16T20:46:21","slug":"crestem-2","status":"publish","type":"post","link":"https:\/\/bassdu.mine.bz\/?p=701","title":{"rendered":"Cre\u015ftem !!!"},"content":{"rendered":"<p><strong>600 !!!<\/strong><\/p>\n<p><strong>Alte 100 adeziuni \u00een 10 zile !<\/strong><\/p>\n<p>Suntem pe <em>calea cea bun\u0103<\/em>.\u00a0 \u015ei de aceast\u0103 dat\u0103 trebuie s\u0103 remarc <em><span style=\"text-decoration: underline;\">deosebita calitate a noilor aderen\u0163i<\/span><\/em>, ca s\u0103 nu mai spun c\u0103 avem \u015fi <strong><span style=\"text-decoration: underline;\">adev\u0103rate fenomene<\/span><\/strong>, <em>personalit\u0103\u0163i de prestigiu<\/em> ce au \u00een\u0163eles semnifica\u0163ia profund\u0103 a <em>mesajului nostru<\/em>. Pot spune cu certitudine c\u0103 acoperim tot <em>spectrul ideologic \u015fi etnic<\/em> \u015fi asta demonstreaz\u0103 <strong>UNICITATEA<\/strong> noastr\u0103.<em><\/em><\/p>\n<p>Noi nu avem dec\u00e2t un <strong><span style=\"text-decoration: underline;\">PROGRAM<\/span><\/strong> care s\u0103 ne uneasc\u0103, iar<em> cine<\/em> <em>intr\u0103, &#8230; nu conteaz\u0103 de unde vine !!!<\/em><\/p>\n<p>Avertizez eventualii <em>amatori<\/em>, c\u0103 nu vom tolera nici o form\u0103 de &#8230; <strong>deturnare<\/strong> !!!<\/p>\n<p>\u00cenchei prin a m\u0103 scuza pentru absen\u0163\u0103, dar am fost &#8230; \u00een <strong>DACIA<\/strong>, iar \u00een urma unor <em>\u00eent\u00e2mpl\u0103ri aparent nepl\u0103cute<\/em>, petrecute \u00een zona lui <strong>Decebal de la Por\u0163ile de Fier<\/strong> (&#8220;firma&#8221; noastr\u0103), am avut deosebit de placuta ocazie, de a petrece dou\u0103 zile cu &#8230; <strong><span style=\"text-decoration: underline;\">vlasii<\/span><\/strong> din Serbia. <em>De aceast\u0103 \u00eent\u00e2mplare, m\u0103 voi ocupa pe \u00eendelete zilele urm\u0103toare, pentru c\u0103 &#8230; <strong>merit\u0103 toat\u0103 aten\u0163ia<\/strong> !!!<\/em><\/p>\n<p><em>Pe cur\u00e2nd !<\/em><\/p>\n","protected":false},"excerpt":{"rendered":"<p>600 !!! Alte 100 adeziuni \u00een 10 zile ! Suntem pe calea cea bun\u0103.\u00a0 \u015ei de aceast\u0103 dat\u0103 trebuie s\u0103 remarc deosebita calitate a noilor aderen\u0163i, ca s\u0103 nu mai spun c\u0103 avem \u015fi adev\u0103rate fenomene, personalit\u0103\u0163i de prestigiu ce au \u00een\u0163eles semnifica\u0163ia profund\u0103 a mesajului nostru. Pot spune cu certitudine c\u0103 acoperim tot spectrul [&hellip;]<\/p>\n","protected":false},"author":2,"featured_media":0,"comment_status":"open","ping_status":"open","sticky":false,"template":"","format":"standard","meta":{"footnotes":""},"categories":[73],"tags":[114],"jetpack_featured_media_url":"","_links":{"self":[{"href":"https:\/\/bassdu.mine.bz\/index.php?rest_route=\/wp\/v2\/posts\/701"}],"collection":[{"href":"https:\/\/bassdu.mine.bz\/index.php?rest_route=\/wp\/v2\/posts"}],"about":[{"href":"https:\/\/bassdu.mine.bz\/index.php?rest_route=\/wp\/v2\/types\/post"}],"author":[{"embeddable":true,"href":"https:\/\/bassdu.mine.bz\/index.php?rest_route=\/wp\/v2\/users\/2"}],"replies":[{"embeddable":true,"href":"https:\/\/bassdu.mine.bz\/index.php?rest_route=%2Fwp%2Fv2%2Fcomments&post=701"}],"version-history":[{"count":3,"href":"https:\/\/bassdu.mine.bz\/index.php?rest_route=\/wp\/v2\/posts\/701\/revisions"}],"predecessor-version":[{"id":703,"href":"https:\/\/bassdu.mine.bz\/index.php?rest_route=\/wp\/v2\/posts\/701\/revisions\/703"}],"wp:attachment":[{"href":"https:\/\/bassdu.mine.bz\/index.php?rest_route=%2Fwp%2Fv2%2Fmedia&parent=701"}],"wp:term":[{"taxonomy":"category","embeddable":true,"href":"https:\/\/bassdu.mine.bz\/index.php?rest_route=%2Fwp%2Fv2%2Fcategories&post=701"},{"taxonomy":"post_tag","embeddable":true,"href":"https:\/\/bassdu.mine.bz\/index.php?rest_route=%2Fwp%2Fv2%2Ftags&post=701"}],"curies":[{"name":"wp","href":"https:\/\/api.w.org\/{rel}","templated":true}]}}