{"id":711,"date":"2010-02-18T18:03:51","date_gmt":"2010-02-18T17:03:51","guid":{"rendered":"http:\/\/bassdu.mine.nu\/?p=711"},"modified":"2010-02-18T18:52:08","modified_gmt":"2010-02-18T17:52:08","slug":"vlasii-vlahii-sunt-romani","status":"publish","type":"post","link":"https:\/\/bassdu.mine.bz\/?p=711","title":{"rendered":"Vlasii (Vlahii) sunt rom\u00e2ni !"},"content":{"rendered":"<p><strong>Autorit\u0103\u0163ile rom\u00e2ne<\/strong> sunt responsabile de soarta <strong><span style=\"text-decoration: underline;\">vlasilor (vlahilor)<\/span><\/strong> , care sunt <em>rom\u00e2ni fideli Serbiei<\/em> !<\/p>\n<p><strong><em><span style=\"text-decoration: underline;\">De ce noi nu putem sta &#8220;\u00een r\u00e2nd&#8221; cu restul europenilor ???<\/span><\/em><\/strong><\/p>\n<p style=\"text-align: center;\"><object classid=\"clsid:d27cdb6e-ae6d-11cf-96b8-444553540000\" width=\"425\" height=\"350\" codebase=\"http:\/\/download.macromedia.com\/pub\/shockwave\/cabs\/flash\/swflash.cab#version=6,0,40,0\"><param name=\"src\" value=\"http:\/\/www.youtube.com\/v\/BjN76fboF18\" \/><\/object><\/p>\n<p>V\u0103z\u00e2nd \u015fi reportajul PRO-TV, m\u0103 simt obligat s\u0103 fac ni\u015fte preciz\u0103ri.<\/p>\n<p><strong>Serbia este o \u0163ar\u0103 prieten\u0103, iar noi nu avem preten\u0163ii teritoriale.<\/strong><\/p>\n<p>Actuala situa\u0163ie a rom\u00e2nilor din Serbia, este rezultatul unei <strong>politici (din nou politica !!!) de dezna\u0163ionalizare<\/strong> <em>practicat\u0103 de regimul comunist \u015fi continuat\u0103 p\u00e2n\u0103 \u00een ziua de azi, inclusiv de clerul ortodox s\u00e2rb<\/em>.<\/p>\n<p>\u00cen actualele condi\u0163ii, \u00een care <strong>Serbia<\/strong> \u00eencearc\u0103 s\u0103 se alinieze cerin\u0163elor <strong>Comunit\u0103\u0163ii Europene<\/strong> \u00een vederea <em>ader\u0103rii<\/em>, <strong>Autorit\u0103\u0163ile rom\u00e2ne au obliga\u0163ia sf\u00e2nt\u0103<\/strong> de a aduce la <strong>normalitate statutul rom\u00e2nilor<\/strong> din aceast\u0103 \u0163ar\u0103 prieten\u0103, <em>ce trebuie ajutat\u0103 s\u0103 intre acolo unde-i este locul.<\/em><\/p>\n<p><strong>Rom\u00e2nii\u00a0 au dreptul de a vorbi \u015fi studia limba str\u0103mo\u015filor, de a purta nume rom\u00e2ne\u015fti, de a avea biserica lor, r\u0103m\u00e2n\u00e2nd fideli Serbiei, dar cu respectarea drepturilor inalienabile garantate de legile europene !!!<\/strong><\/p>\n<p><em>Rom\u00e2nii \u015fi s\u00e2rbii, sunt \u015fi trebuie s\u0103 r\u0103m\u00e2n\u0103 mereu prieteni, a\u015fa cum au fost \u00een multe \u00eemprejur\u0103ri de-a lungul Istoriei, pe baza respectului reciproc !<\/em><\/p>\n","protected":false},"excerpt":{"rendered":"<p>Autorit\u0103\u0163ile rom\u00e2ne sunt responsabile de soarta vlasilor (vlahilor) , care sunt rom\u00e2ni fideli Serbiei ! De ce noi nu putem sta &#8220;\u00een r\u00e2nd&#8221; cu restul europenilor ??? V\u0103z\u00e2nd \u015fi reportajul PRO-TV, m\u0103 simt obligat s\u0103 fac ni\u015fte preciz\u0103ri. Serbia este o \u0163ar\u0103 prieten\u0103, iar noi nu avem preten\u0163ii teritoriale. Actuala situa\u0163ie a rom\u00e2nilor din Serbia, [&hellip;]<\/p>\n","protected":false},"author":2,"featured_media":0,"comment_status":"open","ping_status":"open","sticky":false,"template":"","format":"standard","meta":{"footnotes":""},"categories":[73],"tags":[41,206,109,184,204],"jetpack_featured_media_url":"","_links":{"self":[{"href":"https:\/\/bassdu.mine.bz\/index.php?rest_route=\/wp\/v2\/posts\/711"}],"collection":[{"href":"https:\/\/bassdu.mine.bz\/index.php?rest_route=\/wp\/v2\/posts"}],"about":[{"href":"https:\/\/bassdu.mine.bz\/index.php?rest_route=\/wp\/v2\/types\/post"}],"author":[{"embeddable":true,"href":"https:\/\/bassdu.mine.bz\/index.php?rest_route=\/wp\/v2\/users\/2"}],"replies":[{"embeddable":true,"href":"https:\/\/bassdu.mine.bz\/index.php?rest_route=%2Fwp%2Fv2%2Fcomments&post=711"}],"version-history":[{"count":3,"href":"https:\/\/bassdu.mine.bz\/index.php?rest_route=\/wp\/v2\/posts\/711\/revisions"}],"predecessor-version":[{"id":714,"href":"https:\/\/bassdu.mine.bz\/index.php?rest_route=\/wp\/v2\/posts\/711\/revisions\/714"}],"wp:attachment":[{"href":"https:\/\/bassdu.mine.bz\/index.php?rest_route=%2Fwp%2Fv2%2Fmedia&parent=711"}],"wp:term":[{"taxonomy":"category","embeddable":true,"href":"https:\/\/bassdu.mine.bz\/index.php?rest_route=%2Fwp%2Fv2%2Fcategories&post=711"},{"taxonomy":"post_tag","embeddable":true,"href":"https:\/\/bassdu.mine.bz\/index.php?rest_route=%2Fwp%2Fv2%2Ftags&post=711"}],"curies":[{"name":"wp","href":"https:\/\/api.w.org\/{rel}","templated":true}]}}