{"id":753,"date":"2010-03-01T00:56:37","date_gmt":"2010-02-28T23:56:37","guid":{"rendered":"http:\/\/bassdu.mine.nu\/?p=753"},"modified":"2010-03-01T01:02:11","modified_gmt":"2010-03-01T00:02:11","slug":"miscarea-virtuala-dacia-4","status":"publish","type":"post","link":"https:\/\/bassdu.mine.bz\/?p=753","title":{"rendered":"Mi\u015fcarea Virtual\u0103 DACIA"},"content":{"rendered":"<p><strong>\u00cen aten\u0163ia membrilor \u201eMi\u015fc\u0103rii Virtuale DACIA\u201d<\/strong><\/p>\n<p>Caracteristica ultimilor 2000 de ani pentru <strong>Spa\u0163iul Mioritic<\/strong>, a fost \u015fi este , o masiv\u0103 <strong>deposedare de resurse<\/strong> (<em>umane, materiale \u015fi spirituale<\/em>), de care au \u201ebeneficiat\u201d pe r\u00e2nd, aproape toate capitalele Europei, \u00eencep\u00eend cu ROMA lui Traian. Pentru c\u0103 \u015fi viitorul se prezint\u0103 tot pe aceast\u0103 linie, a sosit momentul &#8230; s\u0103 ne \u00eentoarcem la trecut, pentru a re\u00eenvia <strong>Spiritualitatea unui popor statornicit \u00een Leag\u0103nul Omenirii<\/strong>. Trebuie s\u0103 punem cap\u0103t <strong>autolezionismului<\/strong>, \u00a0s\u0103 ne reamintim <strong>cine suntem<\/strong>, <strong>de unde venim<\/strong> \u015fi s\u0103 demonstr\u0103m c\u0103 suntem capabili s\u0103 schimb\u0103m aceast\u0103 <strong>Lume Inuman\u0103<\/strong>. De aceea ne raport\u0103m la <strong><span style=\"text-decoration: underline;\">DACIA<\/span><\/strong>!<\/p>\n<p>Am \u00eenceput ca <strong>mi\u015fcare virtual\u0103<\/strong>, un prim pas, pentru a deveni o <strong>For\u0163\u0103 Politic\u0103 real\u0103<\/strong>, capabil\u0103 ca prin <em>mijloacele democratice<\/em> la \u00eendem\u00e2n\u0103, s\u0103 pun\u0103 \u00een aplicare un <strong>Program \u00een totalitate original<\/strong>.<\/p>\n<p>Ceea ce se public\u0103 pe <em>Wall-ul Mi\u015fc\u0103rii<\/em>, are scopul de a prezenta ceea ce <strong>nu se studiaz\u0103 \u00een \u015fcoli<\/strong> \u015fi ceea ce nici o <em>entitate statal\u0103, religioas\u0103 sau cultural\u0103<\/em> din Lumea larg\u0103, nu este dispus\u0103 <em>s\u0103 scoat\u0103 la lumin\u0103<\/em>, din diverse motive, pe care nu le voi detalia.\u00a0 Poate argumentele noastre nu sunt \u00a0\u00eentotdeauna \u201epolitically correct\u201d, sau perfect valabile, de aceea <em>m\u0103 scuz<\/em> cu d-voastr\u0103 pentru eventualele &#8230; <em>excese<\/em>.<\/p>\n<p>Fapt este c\u0103 dac\u0103 cineva nu se recunoa\u015fte \u00een <strong>Programul<\/strong> nostru, sau a intrat f\u0103r\u0103 s\u0103 \u015ftie <strong>unde<\/strong>, are la dispozi\u0163ie &#8230; un <strong>buton de ie\u015fire<\/strong> ! \u00a0Nu va fi o &#8230; plimbare, iar grupul nostru nu-\u015fi propune eliberarea piticilor din gr\u0103dini, sau alte chestii nevinovate, ci &#8230; <strong>schimbarea unui sistem imoral <\/strong>!<\/p>\n<p>Eu m\u0103 dedic acestui proiect de aproape un an \u015fi nu v\u0103 pute\u0163i imagina atacurile la care sunt supus (<em>\u015fi suntem numai la \u00eenceput!<\/em>), deoarece <strong>ignoran\u0163a<\/strong> \u015fi alte <strong>for\u0163e contrarii<\/strong> sunt <em>imense<\/em>.\u00a0 Nu v\u0103 scriu dec\u00e2t \u00een calitate de <em>fondator al acestui grup fb<\/em>, pentru c\u0103 <strong>liderii<\/strong> vor fi expresie a <strong>decant\u0103rilor viitoare<\/strong>. Eu voi veghea \u00een aceast\u0103 faz\u0103 s\u0103 nu fim &#8230; <strong>deturna\u0163i <\/strong>\u015fi s\u0103 men\u0163inem \u00een linii mari \u00a0<strong>orientarea \u00a0programatic\u0103<\/strong>.<\/p>\n<p>Gravitatea situa\u0163iei actuale \u015fi perspectivele nu tocmai roz, m\u0103 determin\u0103 s\u0103 cer tuturor celor dispu\u015fi s-o fac\u0103, maxima implicare \u00een difuzarea <strong>ideilor<\/strong> noastre, \u00een vederea trecerii la <em>faza succesiv\u0103<\/em>: <strong><span style=\"text-decoration: underline;\">\u201eMI\u015eCAREA DACIA\u201d!<\/span><\/strong><\/p>\n<p>P.S. Profit de ocazie s\u0103\u00a0trimit tuturor <strong>activissime<\/strong> femei din Mi\u015fcarea Virtual\u0103 DACIA, un M\u0103r\u0163i\u015for !\u00a0 Bine\u00een\u0163eles &#8230; Virtual.\u00a0\u00a0 \ud83d\ude42<\/p>\n","protected":false},"excerpt":{"rendered":"<p>\u00cen aten\u0163ia membrilor \u201eMi\u015fc\u0103rii Virtuale DACIA\u201d Caracteristica ultimilor 2000 de ani pentru Spa\u0163iul Mioritic, a fost \u015fi este , o masiv\u0103 deposedare de resurse (umane, materiale \u015fi spirituale), de care au \u201ebeneficiat\u201d pe r\u00e2nd, aproape toate capitalele Europei, \u00eencep\u00eend cu ROMA lui Traian. Pentru c\u0103 \u015fi viitorul se prezint\u0103 tot pe aceast\u0103 linie, a sosit [&hellip;]<\/p>\n","protected":false},"author":2,"featured_media":0,"comment_status":"open","ping_status":"open","sticky":false,"template":"","format":"standard","meta":{"footnotes":""},"categories":[73],"tags":[114],"jetpack_featured_media_url":"","_links":{"self":[{"href":"https:\/\/bassdu.mine.bz\/index.php?rest_route=\/wp\/v2\/posts\/753"}],"collection":[{"href":"https:\/\/bassdu.mine.bz\/index.php?rest_route=\/wp\/v2\/posts"}],"about":[{"href":"https:\/\/bassdu.mine.bz\/index.php?rest_route=\/wp\/v2\/types\/post"}],"author":[{"embeddable":true,"href":"https:\/\/bassdu.mine.bz\/index.php?rest_route=\/wp\/v2\/users\/2"}],"replies":[{"embeddable":true,"href":"https:\/\/bassdu.mine.bz\/index.php?rest_route=%2Fwp%2Fv2%2Fcomments&post=753"}],"version-history":[{"count":3,"href":"https:\/\/bassdu.mine.bz\/index.php?rest_route=\/wp\/v2\/posts\/753\/revisions"}],"predecessor-version":[{"id":755,"href":"https:\/\/bassdu.mine.bz\/index.php?rest_route=\/wp\/v2\/posts\/753\/revisions\/755"}],"wp:attachment":[{"href":"https:\/\/bassdu.mine.bz\/index.php?rest_route=%2Fwp%2Fv2%2Fmedia&parent=753"}],"wp:term":[{"taxonomy":"category","embeddable":true,"href":"https:\/\/bassdu.mine.bz\/index.php?rest_route=%2Fwp%2Fv2%2Fcategories&post=753"},{"taxonomy":"post_tag","embeddable":true,"href":"https:\/\/bassdu.mine.bz\/index.php?rest_route=%2Fwp%2Fv2%2Ftags&post=753"}],"curies":[{"name":"wp","href":"https:\/\/api.w.org\/{rel}","templated":true}]}}