{"id":771,"date":"2010-03-06T21:30:08","date_gmt":"2010-03-06T20:30:08","guid":{"rendered":"http:\/\/bassdu.mine.nu\/?p=771"},"modified":"2010-03-06T22:17:10","modified_gmt":"2010-03-06T21:17:10","slug":"de-ce-dacia-6","status":"publish","type":"post","link":"https:\/\/bassdu.mine.bz\/?p=771","title":{"rendered":"De ce &#8230; DACIA ?"},"content":{"rendered":"<p style=\"text-align: center;\"><strong>De ce &#8230; DACIA?<\/strong><\/p>\n<p>Mi s-a \u00eent\u00e2mplat \u201e<em>s\u0103 m\u0103 lovesc<\/em>\u201d de indivizi care consider\u0103 preocup\u0103rile mele &#8230; <strong>patetice<\/strong>.<\/p>\n<p>La prima vedere, a vorbi de <strong>Dacia, Zamolxe, Burebista, Deceneu, Decebal<\/strong>, pentru a m\u0103\u00a0ocupa apoi\u00a0de\u00a0&#8230; <strong><em>politic\u0103<\/em><\/strong><em>, &#8230; virtual\u0103<\/em> pe deasupra, poate p\u0103rea &#8230; <em>patetic<\/em> !<\/p>\n<p><strong>Eu am \u00een\u0163eles<\/strong> \u00een aceast\u0103 via\u0163\u0103 c\u0103 \u00een vreme ce unele na\u0163ii beneficiau <strong><span style=\"text-decoration: underline;\">\u015eI<\/span><\/strong> de <strong>resursele altor na\u0163ii<\/strong>, pentru a <em>cizela<\/em> propria societate, noi eram obliga\u0163i s\u0103 <strong>SUPRAVIE\u0162UIM<\/strong> <em>material <\/em>\u015fi mai ales <em>spiritual<\/em>, av\u00e2nd <strong>\u015eansa-Ne\u015fansa <\/strong>de a popula un <strong>Spa\u0163iu binecuv\u00e2ntat cu Resurse r\u00e2vnite de al\u0163ii.<\/strong><\/p>\n<p>\u00a0Astfel se explic\u0103 de ce noi tr\u0103iam \u00een <strong>bordeie<\/strong>, c\u00e2nd al\u0163ii ridicau <strong>Monumente<\/strong>. <strong>Bordeiul<\/strong> putea fi p\u0103r\u0103sit \u00een grab\u0103 \u00een fa\u0163a <strong>invadatorilor<\/strong>, pentru a ne face \u201e<strong>Frate cu Codrul \u015fi Muntele<\/strong>\u201d \u015fi asigura minimul necesar <strong>supravie\u0163uirii \u015fi &#8230; reconstruirii<\/strong> dup\u0103 plecarea <strong>Pr\u0103d\u0103torilor<\/strong>, care f\u0103ceau ce \u015ftiau, dup\u0103 care &#8230; plecau ( a se stabili \u00eenseamn\u0103 inclusiv A MUNCI). <em>Dac\u0103 vreunul se oprea<\/em>, mai devreme sau mai t\u00e2rziu, trebuia s\u0103 &#8230; se <em>integreze<\/em> cu autohtonii. Chestie ce s-a \u00a0\u00eent\u00e2mplat dealungul \u00a0Istoriei, \u015fi cu efecte benefice. \u00a0Frecven\u0163a acestor <strong>incursiuni<\/strong>, explic\u0103 \u201e<strong>\u00eenapoierea<\/strong>\u201d noastr\u0103, <strong>DAR <\/strong>\u015fi t\u0103ria cu care ne-am conservat <strong>Spiritualitatea<\/strong>. \u00a0Nu degeaba bisericile noastre &#8230; au ziduri de ap\u0103rare\u00a0! Nu degeaba tradi\u0163iile noastre sunt &#8230; milenare \u015fi de\u015fi <strong>cre\u015ftini<\/strong>, \u201eaccept\u0103m\u201d <strong>z\u00e2ne, iele, c\u0103lu\u015fari, Dragobete, C\u0103luian, paparudele<\/strong>,etc.. Nici un alt popor european nu poate spune acela\u015fi lucru ! Dec\u00e2t par\u0163ial \u015fi atunci ca o &#8230; <strong>reminiscen\u0163\u0103<\/strong> a aceluia\u015fi <em>spa\u0163iu geografic<\/em>.<\/p>\n<p>Astfel se explic\u0103 <strong>bog\u0103\u0163ia<\/strong> unor na\u0163ii lipsite de resurse, ce azi \u201e<strong>bucur\u0103 sim\u0163urile<\/strong>\u201d \u015fi <strong>s\u0103r\u0103cia noastr\u0103<\/strong>, pentru c\u0103 <em>fura\u0163i \u00a0ieri, fura\u0163i azi<\/em>, nu ne-a mai r\u0103mas de ap\u0103rat dec\u00e2t <strong>&#8230; Spiritul<\/strong> (<em>care de fapt este mult mai important dec\u00e2t tot aurul din lume !<\/em>) ! \u00a0\u015ei trebuie spus c\u0103 p\u00e2n\u0103 \u015fi acela este \u00een pericol, sub presiunea unei <strong>Globaliz\u0103ri \u201ecu sens unic\u201d<\/strong>, sau a altor culturi ce vor de secole s\u0103 ne ia \u201e<strong>cirea\u015fa de pe tort<\/strong>\u201d (reu\u015find par\u0163ial).<\/p>\n<p>&#8211;<strong>Globalizarea \u201ecu sens unic\u201d,<\/strong> inseamn\u0103 libertatea unora de <em>a se introduce<\/em> unde vor, f\u0103r\u0103 ca reciproca s\u0103 fie valabil\u0103. Sau libertatea de <strong>a avea<\/strong>, f\u0103r\u0103 obliga\u0163ia de &#8230; <strong>a da<\/strong> !!!<\/p>\n<p><strong>-\u201eCirea\u015fa de pe tort\u201d,<\/strong> poate fi mul\u0163imea de <em>intelectuali de valoare \u201er\u0103pi\u0163i\u201d, sau \u201eignora\u0163i\u201d<\/em> (vezi marii arti\u015fti \u015fi oameni de \u015ftiin\u0163\u0103 mioritici din trecut, dar \u015fi din prezent), ca s\u0103 nu mai vorbim de <strong>Trecutul nostru milenar<\/strong>, <em><span style=\"text-decoration: underline;\">bagatelizat din motive politice \u015fi religioase<\/span><\/em>, pentru a face loc unor <em><span style=\"text-decoration: underline;\">presupuse \u015fi improbabile trecuturi<\/span><\/em> \u2013<\/p>\n<p>Ceea ce \u00eemi propun, este s\u0103 cultiv <strong><span style=\"text-decoration: underline;\">AUTOSTIMA<\/span><\/strong> unui popor, care nu numai c\u0103 <strong>nu este inferior<\/strong>, ba chiar, <em>cel pu\u0163in &#8230; <strong>Anterior<\/strong><\/em><strong> <\/strong>! Poate c\u0103 dac\u0103 r\u0103m\u00e2neam <strong>acas\u0103<\/strong>, nu a\u015f fi priceput chestia asta, a\u015fa cum demonstreaz\u0103 mul\u0163i cona\u0163ionali !<\/p>\n<p><strong>Spiritualitatea <\/strong>este resursa noastr\u0103 cea mai important\u0103 \u015fi de aceea obiectivul <strong>Mi\u015fc\u0103rii Virtuale DACIA<\/strong>, este tocmai exaltarea acestei laturi existen\u0163iale. <strong>Programul<\/strong> nostru caut\u0103 s\u0103 r\u0103spund\u0103 acestei <strong>exigen\u0163e<\/strong>.<\/p>\n<p>Tocmai aceast\u0103 preocupare a atras \u00een <strong>Mi\u015fcarea Virtual\u0103 DACIA<\/strong>, pe cei ce eu chem \u201e<strong><span style=\"text-decoration: underline;\">Lucr\u0103tori cu Spiritul<\/span><\/strong>\u201d !<\/p>\n<p>Cine consider\u0103 patetism o astfel de preocupare, este probabil &#8230; un <strong>urma\u015f al Romei<\/strong>, iar eu o s\u0103-l tratez cu toat\u0103 &#8230; <strong>\u00een\u0163elegerea <\/strong>!\u00a0\u00a0 J<\/p>\n","protected":false},"excerpt":{"rendered":"<p>De ce &#8230; DACIA? Mi s-a \u00eent\u00e2mplat \u201es\u0103 m\u0103 lovesc\u201d de indivizi care consider\u0103 preocup\u0103rile mele &#8230; patetice. La prima vedere, a vorbi de Dacia, Zamolxe, Burebista, Deceneu, Decebal, pentru a m\u0103\u00a0ocupa apoi\u00a0de\u00a0&#8230; politic\u0103, &#8230; virtual\u0103 pe deasupra, poate p\u0103rea &#8230; patetic ! Eu am \u00een\u0163eles \u00een aceast\u0103 via\u0163\u0103 c\u0103 \u00een vreme ce unele na\u0163ii [&hellip;]<\/p>\n","protected":false},"author":2,"featured_media":0,"comment_status":"open","ping_status":"open","sticky":false,"template":"","format":"standard","meta":{"footnotes":""},"categories":[73],"tags":[114,261],"jetpack_featured_media_url":"","_links":{"self":[{"href":"https:\/\/bassdu.mine.bz\/index.php?rest_route=\/wp\/v2\/posts\/771"}],"collection":[{"href":"https:\/\/bassdu.mine.bz\/index.php?rest_route=\/wp\/v2\/posts"}],"about":[{"href":"https:\/\/bassdu.mine.bz\/index.php?rest_route=\/wp\/v2\/types\/post"}],"author":[{"embeddable":true,"href":"https:\/\/bassdu.mine.bz\/index.php?rest_route=\/wp\/v2\/users\/2"}],"replies":[{"embeddable":true,"href":"https:\/\/bassdu.mine.bz\/index.php?rest_route=%2Fwp%2Fv2%2Fcomments&post=771"}],"version-history":[{"count":4,"href":"https:\/\/bassdu.mine.bz\/index.php?rest_route=\/wp\/v2\/posts\/771\/revisions"}],"predecessor-version":[{"id":773,"href":"https:\/\/bassdu.mine.bz\/index.php?rest_route=\/wp\/v2\/posts\/771\/revisions\/773"}],"wp:attachment":[{"href":"https:\/\/bassdu.mine.bz\/index.php?rest_route=%2Fwp%2Fv2%2Fmedia&parent=771"}],"wp:term":[{"taxonomy":"category","embeddable":true,"href":"https:\/\/bassdu.mine.bz\/index.php?rest_route=%2Fwp%2Fv2%2Fcategories&post=771"},{"taxonomy":"post_tag","embeddable":true,"href":"https:\/\/bassdu.mine.bz\/index.php?rest_route=%2Fwp%2Fv2%2Ftags&post=771"}],"curies":[{"name":"wp","href":"https:\/\/api.w.org\/{rel}","templated":true}]}}