{"id":776,"date":"2010-03-08T22:40:35","date_gmt":"2010-03-08T21:40:35","guid":{"rendered":"http:\/\/bassdu.mine.nu\/?p=776"},"modified":"2010-03-08T22:40:35","modified_gmt":"2010-03-08T21:40:35","slug":"800","status":"publish","type":"post","link":"https:\/\/bassdu.mine.bz\/?p=776","title":{"rendered":"800 !!!"},"content":{"rendered":"<p><strong>800<\/strong><strong> pe data de &#8230; 8 Martie !!!<\/strong><\/p>\n<p><strong>\u00a0<\/strong><\/p>\n<p>\u00cen<strong> <\/strong>primul r\u00e2nd un c\u0103lduros &#8220;La Mul\u0163i Ani&#8221;, tuturor femeilor noastre !<\/p>\n<p>\u00cen 9 zile \u201e<strong>Mi\u015fcarea Virtual\u0103 DACIA<\/strong>\u201d, s-a \u00eembog\u0103\u0163it cu al\u0163i 100 aderen\u0163i !<\/p>\n<p>Asist\u0103m \u00een ultima perioad\u0103 la o revenire \u00een for\u0163\u0103 a informa\u0163iilor despre <strong>DACIA<\/strong>, ca o demonstra\u0163ie a faptului c\u0103 \u201e<strong>uleiul st\u0103 s\u0103 ias\u0103 la suprafa\u0163\u0103<\/strong>\u201d !<\/p>\n<p>Cine a avut timp s\u0103 acceseze cele peste <strong><span style=\"text-decoration: underline;\">300<\/span><\/strong> (!?) de link-uri de pe Wall-ul Mi\u015fc\u0103rii, nu poate s\u0103 nu priceap\u0103 c\u0103 <strong>Istoria Omenirii<\/strong> trebuie rescris\u0103 !<\/p>\n<p>Dac\u0103 aceste informa\u0163ii se vor dovedi credibile, iar noi avem aceast\u0103 convingere, totul trebuie reconsiderat, \u00eencep\u0103nd de la originile civiliza\u0163iilor grece\u015fti, romane, slave \u015fi termin\u00e2nd cu &#8230; Cre\u015ftinismul.<\/p>\n<p><strong>Noi nu numai c\u0103 nu suntem urma\u015fii Romei, \u00a0ba suntem chiar\u00a0 p\u0103rin\u0163i ai celei grece\u015fti, romane \u015fi slave !!!<\/strong><\/p>\n<p>Nu vrem astfel s\u0103 minimaliz\u0103m aceste culturi, care au avut roluri importante \u00een Istoria Omenirii, ci s\u0103 divulg\u0103m r\u0103d\u0103cinile lor.<\/p>\n<p>Acest adev\u0103r este cunoscut \u00een cercurile ini\u0163ia\u0163ilor \u015fi a venit momentul s\u0103-l\u00a0 \u015ftie toat\u0103 Lumea !<\/p>\n<p><strong><span style=\"text-decoration: underline;\">To\u0163i cei ce au ascuns acest Adev\u0103r, au obliga\u0163ia s\u0103 \u201escoat\u0103 la lumin\u0103\u201d tot ce a fost ascuns, pentru a nu se expune \u00een Viitor \u00a0judec\u0103\u0163ii impar\u0163iale a Istoriei<\/span><\/strong> !<\/p>\n<p>Reamintesc tuturor aderen\u0163ilor, c\u0103 noi cei de la \u00a0\u201e<strong>Mi\u015fcarea Virtual\u0103 DACIA<\/strong>\u201d \u015fi \u00een viitor \u201e<strong>Mi\u015fcarea \u00a0DACIA<\/strong>\u201d, nu vrem s\u0103 folosim aceste dezv\u0103luiri, pentru a atribui cuiva \u201e<strong>pozi\u0163ii de favoare<\/strong>\u201d, <span style=\"text-decoration: underline;\">ci \u00een spiritul tradi\u0163ional al acestui popor,<\/span> s\u0103 \u00eemp\u0103rt\u0103\u015fim cu to\u0163i cona\u0163ionalii \u015fi prietenii no\u015ftri, indiferent de etnie, religie, sau coloca\u0163ie teritorial\u0103, m\u00e2ndria de a fi <strong>protagoni\u015fti ai Trecutului <\/strong>\u015fi dorin\u0163a de a pune impreun\u0103, bazele unui <strong>Viitor Luminat !<\/strong><\/p>\n<p>Ne d\u0103m seama c\u0103 aceste cuvinte au o mare \u201egreutate\u201d \u015fi de aceea nu o s\u0103 fie cu sup\u0103rare, dac\u0103 cineva consider\u00e2nd totul &#8230; <strong>patetic<\/strong>, sau \u00een contradic\u0163ie cu propriile idei \u015fi principii, va ac\u0163iona \u201e<strong>butonul de ie\u015fire<\/strong>\u201d !<\/p>\n<p>Cei ce vor r\u0103m\u00e2ne, trebuie s\u0103 \u015ftie c\u0103 <em>nu ne vom limita<\/em> la &#8230; <strong><span style=\"text-decoration: underline;\">Vorbe<\/span><\/strong>, ci vom trece c\u00e2t de cur\u00e2nd la &#8230; <strong><span style=\"text-decoration: underline;\">Fapte<\/span><\/strong> !<\/p>\n<p><strong>A\u015fa s\u0103 ne ajute Dumnezeu !<\/strong><\/p>\n","protected":false},"excerpt":{"rendered":"<p>800 pe data de &#8230; 8 Martie !!! \u00a0 \u00cen primul r\u00e2nd un c\u0103lduros &#8220;La Mul\u0163i Ani&#8221;, tuturor femeilor noastre ! \u00cen 9 zile \u201eMi\u015fcarea Virtual\u0103 DACIA\u201d, s-a \u00eembog\u0103\u0163it cu al\u0163i 100 aderen\u0163i ! Asist\u0103m \u00een ultima perioad\u0103 la o revenire \u00een for\u0163\u0103 a informa\u0163iilor despre DACIA, ca o demonstra\u0163ie a faptului c\u0103 \u201euleiul st\u0103 [&hellip;]<\/p>\n","protected":false},"author":2,"featured_media":0,"comment_status":"open","ping_status":"open","sticky":false,"template":"","format":"standard","meta":{"footnotes":""},"categories":[73],"tags":[114],"jetpack_featured_media_url":"","_links":{"self":[{"href":"https:\/\/bassdu.mine.bz\/index.php?rest_route=\/wp\/v2\/posts\/776"}],"collection":[{"href":"https:\/\/bassdu.mine.bz\/index.php?rest_route=\/wp\/v2\/posts"}],"about":[{"href":"https:\/\/bassdu.mine.bz\/index.php?rest_route=\/wp\/v2\/types\/post"}],"author":[{"embeddable":true,"href":"https:\/\/bassdu.mine.bz\/index.php?rest_route=\/wp\/v2\/users\/2"}],"replies":[{"embeddable":true,"href":"https:\/\/bassdu.mine.bz\/index.php?rest_route=%2Fwp%2Fv2%2Fcomments&post=776"}],"version-history":[{"count":1,"href":"https:\/\/bassdu.mine.bz\/index.php?rest_route=\/wp\/v2\/posts\/776\/revisions"}],"predecessor-version":[{"id":777,"href":"https:\/\/bassdu.mine.bz\/index.php?rest_route=\/wp\/v2\/posts\/776\/revisions\/777"}],"wp:attachment":[{"href":"https:\/\/bassdu.mine.bz\/index.php?rest_route=%2Fwp%2Fv2%2Fmedia&parent=776"}],"wp:term":[{"taxonomy":"category","embeddable":true,"href":"https:\/\/bassdu.mine.bz\/index.php?rest_route=%2Fwp%2Fv2%2Fcategories&post=776"},{"taxonomy":"post_tag","embeddable":true,"href":"https:\/\/bassdu.mine.bz\/index.php?rest_route=%2Fwp%2Fv2%2Ftags&post=776"}],"curies":[{"name":"wp","href":"https:\/\/api.w.org\/{rel}","templated":true}]}}