{"id":778,"date":"2010-03-12T22:46:25","date_gmt":"2010-03-12T21:46:25","guid":{"rendered":"http:\/\/bassdu.mine.nu\/?p=778"},"modified":"2010-03-12T22:47:01","modified_gmt":"2010-03-12T21:47:01","slug":"punctul-9-din-programul-miocerii-virtuale-dacia","status":"publish","type":"post","link":"https:\/\/bassdu.mine.bz\/?p=778","title":{"rendered":"Punctul 9 din Programul &#8220;Mi\u015fc\u0103rii Virtuale DACIA&#8221;"},"content":{"rendered":"<p><strong>\u201eMi\u015fcarea Virtual\u0103 DACIA\u201d\u00a0 &#8211;\u00a0 \u00a0Punctul 9 din Program<\/strong><\/p>\n<p><strong>,,,,,,,,9.\u00a0 <em>Deschiderea dezbaterilor \u015fi consult\u0103rilor cu to\u0163i cei interesa\u0163i, pe plan intern \u015fi extern, \u00een vederea realiz\u0103rii FEDERA\u0162IEI celor dou\u0103 state rom\u00e2ne\u015fti, cu denumirea \u2026 DACIA,,,,,,,<\/em><\/strong><\/p>\n<p>Marea afluen\u0163\u0103 de rom\u00e2ni din <strong>Republica Moldova<\/strong> \u00een mi\u015fcarea noastr\u0103, demonstreaz\u0103 ata\u015famentul fra\u0163ilor no\u015ftri, pentru acest <em>punct programatic<\/em>.<\/p>\n<p>Ei \u015ftiu mai bine ca mul\u0163i dintre noi, c\u0103 nu este u\u015for s\u0103 se cear\u0103 o <strong>Unire<\/strong> \u00een acest moment, datorit\u0103 opozi\u0163iei puternice a <em>Rusiei, Uniunii Europene \u015fi a &#8230; tuturor vecinilor no\u015ftri<\/em>, ca s\u0103 nu mai vorbim de <em>minorit\u0103\u0163ile<\/em> prezente \u00een teritoriu.<\/p>\n<p><strong>Federa\u0163ia <\/strong>poate fi mai u\u015for acceptat\u0103, deoarece:<\/p>\n<p>&#8211;\u00a0\u00a0\u00a0\u00a0\u00a0\u00a0\u00a0\u00a0\u00a0 Cu greu Rusia \u015fi Uniunea European\u0103 ar putea s\u0103 nege existen\u0163a aceluia\u015fi popor pe ambele maluri ale Prutului \u015fi justificarea istoric\u0103 a denumirii <strong>DACIA <\/strong>( c\u0103 doar &#8230; nu suntem urma\u015fii Romei !).<\/p>\n<p>&#8211;\u00a0\u00a0\u00a0\u00a0\u00a0\u00a0\u00a0\u00a0\u00a0 <em>Minorit\u0103\u0163ile din Moldova<\/em> ar fi interesate \u00eentr-o intrare, chiar \u015fi mascat\u0103 \u00een <strong>UE <\/strong>( libertate de mi\u015fcare, pia\u0163\u0103, investi\u0163ii, modernizare, \u00a0etc.).<\/p>\n<p>&#8211;\u00a0\u00a0\u00a0\u00a0\u00a0\u00a0\u00a0\u00a0\u00a0 Perspectiva unei <em>relans\u0103ri a economiei<\/em> moldovene\u015fti este u\u015for de prognozat.<\/p>\n<p>&#8211;\u00a0\u00a0\u00a0\u00a0\u00a0\u00a0\u00a0\u00a0\u00a0 Avantajele strategice ale <em>UE-NATO<\/em> sunt clare.<\/p>\n<p>&#8211;\u00a0\u00a0\u00a0\u00a0\u00a0\u00a0\u00a0\u00a0\u00a0 Contradic\u0163iile <em>ruso-ucrainiene<\/em> sunt &#8230; un avantaj \u00een momentul de fa\u0163\u0103.<\/p>\n<p>&#8211;\u00a0\u00a0\u00a0\u00a0\u00a0\u00a0\u00a0\u00a0\u00a0 <em>Polonia<\/em> ar privi cu &#8230; interes.<\/p>\n<p>&#8211;\u00a0\u00a0\u00a0\u00a0\u00a0\u00a0\u00a0\u00a0\u00a0 Cu Rusia \u015fi Ucraina se pot \u00eencheia <strong>Tratate de Prietenie<\/strong>, care s\u0103 le ofere <em>garan\u0163ii \u015fi sprijin<\/em>.\u00a0 Cum <strong>nu suntem urma\u015fii Romei<\/strong>, poate ar trebui s\u0103 reconsider\u0103m rela\u0163ia cu <strong>lumea slav\u0103<\/strong>. Aceste \u0163\u0103ri, ca \u015fi <em>Serbia<\/em>, trebuiesc sus\u0163inute pentru <em>aderarea la UE<\/em>. <strong>Avem tot interesul<\/strong> !<\/p>\n<p>&#8211;\u00a0\u00a0\u00a0\u00a0\u00a0\u00a0\u00a0\u00a0\u00a0 <strong>Federa\u0163ie<\/strong> \u00eenseamn\u0103 <em>dou\u0103 state, dou\u0103 guverne \u015fi dou\u0103 parlamente<\/em>, ceea ce sun\u0103 &#8230; <em>lini\u015ftitor<\/em>.<\/p>\n<p>Nu trebuie s\u0103 uit\u0103m parcursul <strong>Unirii<\/strong> <em>T\u0103rii Rom\u00e2ne\u015fti cu Moldova<\/em>, f\u0103cut\u0103 tot &#8230; <em>\u00een doi pa\u015fi<\/em> !<\/p>\n<p><em>Ca \u00een orice problem\u0103, o solu\u0163ie exist\u0103, trebuind c\u0103utat\u0103 cu \u015ftiin\u0163\u0103 \u015fi perseveren\u0163\u0103<\/em>.<\/p>\n<p>Restul este o chestiune de &#8230; timp !<\/p>\n","protected":false},"excerpt":{"rendered":"<p>\u201eMi\u015fcarea Virtual\u0103 DACIA\u201d\u00a0 &#8211;\u00a0 \u00a0Punctul 9 din Program ,,,,,,,,9.\u00a0 Deschiderea dezbaterilor \u015fi consult\u0103rilor cu to\u0163i cei interesa\u0163i, pe plan intern \u015fi extern, \u00een vederea realiz\u0103rii FEDERA\u0162IEI celor dou\u0103 state rom\u00e2ne\u015fti, cu denumirea \u2026 DACIA,,,,,,, Marea afluen\u0163\u0103 de rom\u00e2ni din Republica Moldova \u00een mi\u015fcarea noastr\u0103, demonstreaz\u0103 ata\u015famentul fra\u0163ilor no\u015ftri, pentru acest punct programatic. Ei \u015ftiu mai [&hellip;]<\/p>\n","protected":false},"author":2,"featured_media":0,"comment_status":"open","ping_status":"open","sticky":false,"template":"","format":"standard","meta":{"footnotes":""},"categories":[73],"tags":[45,114,197,43,41],"jetpack_featured_media_url":"","_links":{"self":[{"href":"https:\/\/bassdu.mine.bz\/index.php?rest_route=\/wp\/v2\/posts\/778"}],"collection":[{"href":"https:\/\/bassdu.mine.bz\/index.php?rest_route=\/wp\/v2\/posts"}],"about":[{"href":"https:\/\/bassdu.mine.bz\/index.php?rest_route=\/wp\/v2\/types\/post"}],"author":[{"embeddable":true,"href":"https:\/\/bassdu.mine.bz\/index.php?rest_route=\/wp\/v2\/users\/2"}],"replies":[{"embeddable":true,"href":"https:\/\/bassdu.mine.bz\/index.php?rest_route=%2Fwp%2Fv2%2Fcomments&post=778"}],"version-history":[{"count":2,"href":"https:\/\/bassdu.mine.bz\/index.php?rest_route=\/wp\/v2\/posts\/778\/revisions"}],"predecessor-version":[{"id":780,"href":"https:\/\/bassdu.mine.bz\/index.php?rest_route=\/wp\/v2\/posts\/778\/revisions\/780"}],"wp:attachment":[{"href":"https:\/\/bassdu.mine.bz\/index.php?rest_route=%2Fwp%2Fv2%2Fmedia&parent=778"}],"wp:term":[{"taxonomy":"category","embeddable":true,"href":"https:\/\/bassdu.mine.bz\/index.php?rest_route=%2Fwp%2Fv2%2Fcategories&post=778"},{"taxonomy":"post_tag","embeddable":true,"href":"https:\/\/bassdu.mine.bz\/index.php?rest_route=%2Fwp%2Fv2%2Ftags&post=778"}],"curies":[{"name":"wp","href":"https:\/\/api.w.org\/{rel}","templated":true}]}}