{"id":78,"date":"2009-04-29T20:05:11","date_gmt":"2009-04-29T19:05:11","guid":{"rendered":"http:\/\/bassdu.mine.nu:91\/?p=78"},"modified":"2009-05-03T18:19:56","modified_gmt":"2009-05-03T17:19:56","slug":"lobby-romanesc-partea-a-11-a","status":"publish","type":"post","link":"https:\/\/bassdu.mine.bz\/?p=78","title":{"rendered":"Lobby romanesc  partea a 11-a"},"content":{"rendered":"<p class=\"MsoNormal\" style=\"margin: 0cm 0cm 10pt; text-align: center;\" align=\"center\"><span style=\"font-size: 18pt; line-height: 115%;\"><span style=\"font-family: Calibri;\"><strong>Lobby romanesc<\/strong><\/span><\/span><\/p>\n<p class=\"MsoNormal\" style=\"margin: 0cm 0cm 10pt; text-align: center;\" align=\"center\"><span style=\"font-size: 14pt; line-height: 115%;\"><span style=\"font-family: Calibri;\"><strong>Partea a 11-a<\/strong><span style=\"mso-spacerun: yes;\">\u00a0 <\/span>dedicata Asociatiilor romanilor din Italia si nu numai<\/span><\/span><\/p>\n<p class=\"MsoNormal\" style=\"margin: 0cm 0cm 10pt; text-align: center;\" align=\"center\"><span style=\"font-size: 14pt; line-height: 115%;\"><span style=\"font-family: Calibri;\">\u00a0<\/span><\/span><\/p>\n<p class=\"MsoNormal\" style=\"margin: 0cm 0cm 10pt;\"><span style=\"font-size: 12pt; line-height: 115%;\"><span style=\"font-family: Calibri;\"><span style=\"mso-spacerun: yes;\">\u00a0\u00a0\u00a0\u00a0\u00a0 <\/span>Dupa cum a priceput cine m-a citit pana in prezent, am prezentat un proiect de Program menit sa UNEASCA toti romanii sub acelasi \u201csteag\u201d.<\/span><\/span><\/p>\n<p class=\"MsoNormal\" style=\"margin: 0cm 0cm 10pt;\"><span style=\"font-size: 12pt; line-height: 115%;\"><span style=\"font-family: Calibri;\"><span style=\"mso-spacerun: yes;\">\u00a0\u00a0\u00a0\u00a0 <\/span>Am specificat ca astept contributii de la privati sau asociatii si am primit deja adeziuni de principiu, de la cei care au inteles mesajul meu.<\/span><\/span><\/p>\n<p class=\"MsoNormal\" style=\"margin: 0cm 0cm 10pt;\"><span style=\"font-size: 12pt; line-height: 115%;\"><span style=\"font-family: Calibri;\"><span style=\"mso-spacerun: yes;\">\u00a0\u00a0\u00a0\u00a0\u00a0 <\/span>Mentionez pe d-l avv. Giancarlo Germani, cav uff. dott. Ervino Curtis, ing. Elena Pantazescu,d-l Horia Corneliu Cicortas,d-l Costel Adjudeanu, d-l Andy Radiu, si multi privati cetateni, care s-au declarat interesati de proiect, prezentand opinii, pozitii, propuneri, etc.<\/span><\/span><\/p>\n<p class=\"MsoNormal\" style=\"margin: 0cm 0cm 10pt;\"><span style=\"font-size: 12pt; line-height: 115%;\"><span style=\"font-family: Calibri;\"><span style=\"mso-spacerun: yes;\">\u00a0\u00a0\u00a0\u00a0\u00a0 <\/span>Am specificat ca eu nu am nici un interes personal in toata tarasenia, rezumandu-ma la a ramane Giovanni il romeno si in viitor.<\/span><\/span><\/p>\n<p class=\"MsoNormal\" style=\"margin: 0cm 0cm 10pt;\"><span style=\"font-size: 12pt; line-height: 115%;\"><span style=\"font-family: Calibri;\"><span style=\"mso-spacerun: yes;\">\u00a0\u00a0\u00a0\u00a0\u00a0 <\/span>Am sa prezint in continuare citate din Blog-ul Alinei Harja si din Gazeta Romaneasca, din care<span style=\"mso-spacerun: yes;\">\u00a0 <\/span>rezulta opinia oamenilor politici italieni si romani, atropos de Asociatiile romanilor din Italia.<\/span><\/span><\/p>\n<p class=\"MsoNormal\" style=\"margin: 0cm 0cm 10pt;\"><span style=\"font-size: 12pt; line-height: 115%;\"><span style=\"font-family: Calibri;\">Citez din Blog-ul Alinei Harja:<\/span><\/span><\/p>\n<p class=\"MsoNormal\" style=\"margin: 0cm 0cm 10pt;\"><span style=\"font-size: 12pt; line-height: 115%;\"><span style=\"font-family: Calibri;\">\u00a0<\/span><\/span><\/p>\n<p class=\"MsoNormal\" style=\"margin: 0cm 0cm 10pt;\"><span style=\"font-size: 12pt; line-height: 115%;\"><span style=\"font-family: Calibri;\"><strong>\u201c \u2026Care reprezentan\u0163i? Exist\u0103 peste 100 de asocia\u0163ii de rom\u00e2ni \u00een Italia. Parlamentul Italian \u015fi nici o alt\u0103 Institu\u0163ie italian\u0103 nu poate colabora cu 100 de asocia\u0163ii. Avem nevoie de un partener de dialog unitar. \u00cen plus, majoritatea lor sunt \u00eentr-un r\u0103zboi permanent \u00eentre ele, unele au reprezentan\u0163i cu o reputa\u0163ie \u015fi un grad de cultur\u0103 cel pu\u0163in \u00eendoielnic. Noi suntem deschi\u015fi s\u0103 colabor\u0103m, dar \u00een aceste condi\u0163ii chiar alegerea unui partener \u00een interiorul comunit\u0103\u0163ii poate fi subiectiv \u015fi poate deveni subiect de polemici aprinse.\u201d<\/strong><\/span><\/span><\/p>\n<p class=\"MsoNormal\" style=\"margin: 0cm 0cm 10pt;\"><span style=\"font-size: 12pt; line-height: 115%;\"><span style=\"font-family: Calibri;\">\u00a0<\/span><\/span><\/p>\n<p class=\"MsoNormal\" style=\"margin: 0cm 0cm 10pt;\"><span style=\"font-size: 12pt; line-height: 115%;\"><span style=\"font-family: Calibri;\">Citez din Gazeta Romaneasca:<\/span><\/span><\/p>\n<p class=\"MsoNormal\" style=\"margin: 0cm 0cm 10pt;\"><span style=\"font-size: 12pt; line-height: 115%;\"><span style=\"font-family: Calibri;\">\u00a0<\/span><\/span><\/p>\n<p class=\"MsoNormal\" style=\"margin: 0cm 0cm 10pt;\"><span style=\"font-size: 12pt; line-height: 115%;\"><span style=\"font-family: Calibri;\"><strong>\u201c\u2026Dar Corl\u0103\u0163ean a spus c\u0103 \u00een ap\u0103rarea comunit\u0103\u0163ii cel mai mult poate face chiar comunitatea: &#8220;Rolul asocia\u0163iilor este extrem de important, este important modul \u00een care se mi\u015fc\u0103 asocia\u0163ille, cum iau pozi\u0163ie public\u0103 acolo&#8221;. de aceea, o ac\u0163iune unitar\u0103 a asocia\u0163iilor e extrem de important\u0103. &#8220;Cred c\u0103 ar fi un pas \u00eenainte, o voce comun\u0103 este o voce mult mai puternic\u0103&#8221;. <\/strong><\/span><\/span><\/p>\n<p class=\"MsoNormal\" style=\"margin: 0cm 0cm 10pt;\"><span style=\"font-size: 12pt; line-height: 115%;\"><span style=\"font-family: Calibri;\"><strong>Vorbind despre imaginea negativ\u0103 a rom\u00e2nilor din Italia, Pre\u015fedintele Senatului, Mircea Geoan\u0103 le-a spus delega\u0163ilor c\u0103 &#8220;problema rom\u00e2nilor din Italia, a percep\u0163iei \u015fi imaginii lor \u00een societatea italian\u0103, este cel mai sensibil punct de pe agenda extern\u0103 a Rom\u00e2niei. Dac\u0103 nu vom reu\u015fi s\u0103 convingem autorit\u0103\u0163ile italiene \u015fi publicul italian c\u0103 aceast\u0103 imigra\u0163ie masiv\u0103 din Rom\u00e2nia este util\u0103, dac\u0103 nu vom reu\u015fi s\u0103 dep\u0103\u015fim stereotipurile negative, Rom\u00e2nia are o problem\u0103 de acceptabilitate a rom\u00e2nilor \u00een Europa. Dac\u0103 \u00eentr-un stat prieten nu reu\u015fim s\u0103 dep\u0103\u015fim acest stereotip care blameaz\u0103 \u00eentreaga comunitate rom\u00e2neasc\u0103 din Italia, \u015fi la urma urmei \u00eentregul popor rom\u00e2n, avem o problem\u0103<\/strong><\/span><\/span><\/p>\n<p class=\"MsoNormal\" style=\"margin: 0cm 0cm 10pt;\"><span style=\"font-size: 12pt; line-height: 115%;\"><span style=\"font-family: Calibri;\"><strong>Eu v\u0103d prezen\u0163a dvs. la Bucure\u015fti ca expresia unei necesit\u0103\u0163i naturale de a str\u00e2nge r\u00e2ndurile. Nu are importan\u0163\u0103 culoarea politic\u0103.&#8221; Mircea Geoan\u0103 a recomandat rom\u00e2nilor s\u0103 devin\u0103 o for\u0163\u0103 politic\u0103 \u00een Italia, numai a\u015fa politica italian\u0103 \u00ee\u015fi va schimba atitudinea.\u201d<\/strong><\/span><\/span><\/p>\n<p class=\"MsoNormal\" style=\"margin: 0cm 0cm 10pt;\"><span style=\"font-size: 12pt; line-height: 115%;\"><span style=\"font-family: Calibri;\">\u00a0<\/span><\/span><\/p>\n<p class=\"MsoNormal\" style=\"margin: 0cm 0cm 10pt;\"><span style=\"font-size: 12pt; line-height: 115%;\"><span style=\"font-family: Calibri;\"><span style=\"mso-spacerun: yes;\">\u00a0\u00a0\u00a0\u00a0\u00a0 <\/span>Am tinut sub observatie in ultima luna tot ce am putut cuprinde din asocianism, jurnalism, Forumuri, pentru a pricepe \u201cpe ce lume sunt\u201d.<\/span><\/span><\/p>\n<p class=\"MsoNormal\" style=\"margin: 0cm 0cm 10pt;\"><span style=\"font-size: 12pt; line-height: 115%;\"><span style=\"font-family: Calibri;\"><span style=\"mso-spacerun: yes;\">\u00a0\u00a0\u00a0\u00a0\u00a0 <\/span>Am priceput ca exista BUNE<span style=\"mso-spacerun: yes;\">\u00a0 <\/span>si RELE.<\/span><\/span><\/p>\n<p class=\"MsoNormal\" style=\"margin: 0cm 0cm 10pt;\"><strong style=\"mso-bidi-font-weight: normal;\"><span style=\"font-size: 12pt; line-height: 115%;\"><span style=\"font-family: Calibri;\"><span style=\"mso-spacerun: yes;\">\u00a0\u00a0\u00a0\u00a0\u00a0 <\/span>Astazi am primit de la o Asociatie urmatorul raspuns:<\/span><\/span><\/strong><\/p>\n<p class=\"MsoNormal\" style=\"margin: 0cm 0cm 10pt;\"><span style=\"font-size: 12pt; line-height: 115%;\"><span style=\"font-family: Calibri;\">\u00a0<\/span><\/span><\/p>\n<p class=\"MsoNormal\" style=\"margin: 0cm 0cm 10pt;\"><span style=\"font-family: Calibri;\"><em><span style=\"font-size: 12pt; line-height: 115%; mso-ansi-language: EN-US;\" lang=\"EN-US\">\u201c<\/span><span style=\"mso-fareast-font-family: 'Times New Roman'; mso-ansi-language: EN-US;\" lang=\"EN-US\"><span style=\"font-size: small;\">Am vizitat situl D-voastra.<\/span><\/span><\/em><\/span><\/p>\n<p class=\"MsoNormal\" style=\"margin: 0cm 0cm 10pt;\"><span style=\"mso-fareast-font-family: 'Times New Roman';\"><span style=\"font-size: small;\"><span style=\"font-family: Calibri;\"><em>Ideile sunt frumoase si cel putin in teorie, pot reprezenta o solutie pentru situatia comunitatii romanesti din Italia.<\/em><\/span><\/span><\/span><\/p>\n<p class=\"MsoNormal\" style=\"margin: 0cm 0cm 10pt;\"><span style=\"mso-fareast-font-family: 'Times New Roman';\"><span style=\"font-size: small;\"><span style=\"font-family: Calibri;\"><em>Sper ca experienta si inteligenta D-voastra sa va ajuta se le puneti in practica.<\/em><\/span><\/span><\/span><\/p>\n<p class=\"MsoNormal\" style=\"margin: 0cm 0cm 10pt;\"><span style=\"font-family: Calibri;\"><em><span style=\"mso-fareast-font-family: 'Times New Roman';\"><span style=\"font-size: small;\">\u00a0Referitor la ce gindesc eu despre subiectul prezentat in situl care va apartine, va pot spune ca <\/span><\/span><strong style=\"mso-bidi-font-weight: normal;\"><span style=\"font-size: 14pt; line-height: 115%; mso-fareast-font-family: 'Times New Roman';\">nu<\/span><\/strong><span style=\"mso-fareast-font-family: 'Times New Roman';\"><span style=\"font-size: small;\"> consider ca in acest moment comunitatea noastra din Peninsula poate fi intr-un fel sau altul <strong style=\"mso-bidi-font-weight: normal;\">unificata.<\/strong><\/span><\/span><\/em><\/span><\/p>\n<p class=\"MsoNormal\" style=\"margin: 0cm 0cm 10pt;\"><span style=\"mso-fareast-font-family: 'Times New Roman';\"><span style=\"font-size: small;\"><span style=\"font-family: Calibri;\"><em>\u00a0Motivatia o reprezinta faptul ca inca nu am ajuns inca la o <strong style=\"mso-bidi-font-weight: normal;\">maturitate sociala si politica adecvata pentru a face \u00a0acest pas.<\/strong><\/em><\/span><\/span><\/span><\/p>\n<p class=\"MsoNormal\" style=\"margin: 0cm 0cm 10pt;\"><span style=\"mso-fareast-font-family: 'Times New Roman';\"><span style=\"font-size: small;\"><span style=\"font-family: Calibri;\"><em>\u00a0Dar incercarile sunt binevenite cu siguranta si pot fi oricum utile.<\/em><\/span><\/span><\/span><\/p>\n<p class=\"MsoNormal\" style=\"margin: 0cm 0cm 10pt;\"><span style=\"mso-fareast-font-family: 'Times New Roman';\"><span style=\"font-size: small;\"><span style=\"font-family: Calibri;\"><em>\u00a0Mult succes.\u201d<\/em><\/span><\/span><\/span><\/p>\n<p class=\"MsoNormal\" style=\"margin: 0cm 0cm 10pt;\"><span style=\"mso-fareast-font-family: 'Times New Roman';\"><span style=\"font-size: small; font-family: Calibri;\">\u00a0<\/span><\/span><\/p>\n<p class=\"MsoNormal\" style=\"margin: 0cm 0cm 10pt;\"><span style=\"mso-fareast-font-family: 'Times New Roman';\"><span style=\"font-size: small;\"><span style=\"font-family: Calibri;\"><span style=\"mso-spacerun: yes;\">\u00a0\u00a0\u00a0\u00a0\u00a0 <\/span>Nu o sa dau nume, pentru ca nu este frumos, dar tin sa specific urmatoarele:<\/span><\/span><\/span><\/p>\n<p class=\"MsoListParagraphCxSpFirst\" style=\"margin: 0cm 0cm 0pt 36pt; text-indent: -18pt; mso-list: l0 level1 lfo1;\"><span style=\"mso-bidi-font-family: Calibri; mso-bidi-theme-font: minor-latin;\"><span style=\"mso-list: Ignore;\"><span style=\"font-size: small; font-family: Calibri;\">1.<\/span><span style=\"font: 7pt &quot;Times New Roman&quot;;\">\u00a0\u00a0\u00a0\u00a0\u00a0\u00a0 <\/span><\/span><\/span><span style=\"mso-fareast-font-family: 'Times New Roman';\"><span style=\"font-size: small;\"><span style=\"font-family: Calibri;\">Chestia cu unificarea nu a cerut-o nimeni. Fiecare o sa-si pastreze identitatea, dar actionand la UNISON<span style=\"mso-spacerun: yes;\">\u00a0 <\/span>cu ceilalti, pentru un interes care este mai presus de orice altceva, dupa cum s-au exprimat si oamenii politici din ambele tari.<\/span><\/span><\/span><\/p>\n<p class=\"MsoListParagraphCxSpMiddle\" style=\"margin: 0cm 0cm 0pt 36pt; text-indent: -18pt; mso-list: l0 level1 lfo1;\"><span style=\"mso-bidi-font-family: Calibri; mso-bidi-theme-font: minor-latin;\"><span style=\"mso-list: Ignore;\"><span style=\"font-size: small; font-family: Calibri;\">2.<\/span><span style=\"font: 7pt &quot;Times New Roman&quot;;\">\u00a0\u00a0\u00a0\u00a0\u00a0\u00a0 <\/span><\/span><\/span><span style=\"mso-fareast-font-family: 'Times New Roman';\"><span style=\"font-size: small;\"><span style=\"font-family: Calibri;\">Chestia cu maturitatea sa si-o tina fiecare pentru el, ca doar n-o fi Mafalda !!!<\/span><\/span><\/span><\/p>\n<p class=\"MsoListParagraphCxSpMiddle\" style=\"margin: 0cm 0cm 0pt 36pt; text-indent: -18pt; mso-list: l0 level1 lfo1;\"><span style=\"mso-bidi-font-family: Calibri; mso-bidi-theme-font: minor-latin;\"><span style=\"mso-list: Ignore;\"><span style=\"font-size: small; font-family: Calibri;\">3.<\/span><span style=\"font: 7pt &quot;Times New Roman&quot;;\">\u00a0\u00a0\u00a0\u00a0\u00a0\u00a0 <\/span><\/span><\/span><span style=\"mso-fareast-font-family: 'Times New Roman';\"><span style=\"font-size: small;\"><span style=\"font-family: Calibri;\">O asociatie romanesca ce face \u201cc\u2026i suoi\u201d fara a tine cont de interesul <strong style=\"mso-bidi-font-weight: normal;\">romanesc,<\/strong> este o asociatie <strong style=\"mso-bidi-font-weight: normal;\">anti-romaneasca. <\/strong>Daca are alte interese sa-si schimbe numele !!!<\/span><\/span><\/span><\/p>\n<p class=\"MsoListParagraphCxSpMiddle\" style=\"margin: 0cm 0cm 0pt 36pt; text-indent: -18pt; mso-list: l0 level1 lfo1;\"><span style=\"mso-bidi-font-family: Calibri; mso-bidi-theme-font: minor-latin;\"><span style=\"mso-list: Ignore;\"><span style=\"font-size: small; font-family: Calibri;\">4.<\/span><span style=\"font: 7pt &quot;Times New Roman&quot;;\">\u00a0\u00a0\u00a0\u00a0\u00a0\u00a0 <\/span><\/span><\/span><span style=\"mso-fareast-font-family: 'Times New Roman';\"><span style=\"font-size: small;\"><span style=\"font-family: Calibri;\">M-am \u201cdelectat\u201d pe site-uri romanesti unde ignoranta, proasta crestere, marlania (scuzati cuvantul) fac exact jocul celor care ne urasc. Citind o anumita Petitie impotriva delincventilor romani, am citit inclusiv unul care cerea: \u201c sa- i opreasaca la vama pe delincventi\u201d, fara sa priceapa ca este el cel care trebuia sa fie oprit ! Etc.<\/span><\/span><\/span><\/p>\n<p class=\"MsoListParagraphCxSpLast\" style=\"margin: 0cm 0cm 10pt 36pt; text-indent: -18pt; mso-list: l0 level1 lfo1;\"><span style=\"mso-bidi-font-family: Calibri; mso-bidi-theme-font: minor-latin;\"><span style=\"mso-list: Ignore;\"><span style=\"font-size: small; font-family: Calibri;\">5.<\/span><span style=\"font: 7pt &quot;Times New Roman&quot;;\">\u00a0\u00a0\u00a0\u00a0\u00a0\u00a0 <\/span><\/span><\/span><span style=\"mso-fareast-font-family: 'Times New Roman';\"><span style=\"font-size: small;\"><span style=\"font-family: Calibri;\">Trebuie sa fie clar ca asociatiile romanilor ori fac jocul<span style=\"mso-spacerun: yes;\">\u00a0 <\/span><strong>ROMANILOR<\/strong>, ori sa se ocupe numai de afacerile <strong>LOR<\/strong>.<\/span><\/span><\/span><\/p>\n<p class=\"MsoNormal\" style=\"margin: 0cm 0cm 10pt 18pt;\"><span style=\"mso-fareast-font-family: 'Times New Roman';\"><span style=\"font-size: small; font-family: Calibri;\">\u00a0<\/span><\/span><\/p>\n<p class=\"MsoNormal\" style=\"margin: 0cm 0cm 10pt 18pt;\"><span style=\"mso-fareast-font-family: 'Times New Roman';\"><span style=\"font-size: small;\"><span style=\"font-family: Calibri;\">Eu sunt convins ca sunt si asociatii valabile, lor revenindu-le sarcina principala in crearea<span style=\"mso-spacerun: yes;\">\u00a0 <\/span>unui<\/span><\/span><\/span><\/p>\n<p class=\"MsoNormal\" style=\"margin: 0cm 0cm 10pt 18pt; text-align: center;\" align=\"center\"><span style=\"mso-fareast-font-family: 'Times New Roman';\"><span style=\"font-size: small;\"><span style=\"font-family: Calibri;\"><strong>LOBBY ROMANESC<\/strong><\/span><\/span><\/span><\/p>\n<p class=\"MsoNormal\" style=\"margin: 0cm 0cm 10pt 18pt;\"><span style=\"mso-fareast-font-family: 'Times New Roman';\"><span style=\"font-size: small; font-family: Calibri;\">\u00a0<\/span><\/span><\/p>\n<p class=\"MsoNormal\" style=\"margin: 0cm 0cm 10pt 18pt;\"><span style=\"mso-fareast-font-family: 'Times New Roman';\"><span style=\"font-size: small;\"><span style=\"font-family: Calibri;\">Giovanni il romeno<\/span><\/span><\/span><\/p>\n","protected":false},"excerpt":{"rendered":"<p>Lobby romanesc Partea a 11-a\u00a0 dedicata Asociatiilor romanilor din Italia si nu numai \u00a0 \u00a0\u00a0\u00a0\u00a0\u00a0 Dupa cum a priceput cine m-a citit pana in prezent, am prezentat un proiect de Program menit sa UNEASCA toti romanii sub acelasi \u201csteag\u201d. \u00a0\u00a0\u00a0\u00a0 Am specificat ca astept contributii de la privati sau asociatii si am primit deja adeziuni [&hellip;]<\/p>\n","protected":false},"author":2,"featured_media":0,"comment_status":"open","ping_status":"open","sticky":false,"template":"","format":"standard","meta":{"footnotes":""},"categories":[53],"tags":[55,11,54,41],"jetpack_featured_media_url":"","_links":{"self":[{"href":"https:\/\/bassdu.mine.bz\/index.php?rest_route=\/wp\/v2\/posts\/78"}],"collection":[{"href":"https:\/\/bassdu.mine.bz\/index.php?rest_route=\/wp\/v2\/posts"}],"about":[{"href":"https:\/\/bassdu.mine.bz\/index.php?rest_route=\/wp\/v2\/types\/post"}],"author":[{"embeddable":true,"href":"https:\/\/bassdu.mine.bz\/index.php?rest_route=\/wp\/v2\/users\/2"}],"replies":[{"embeddable":true,"href":"https:\/\/bassdu.mine.bz\/index.php?rest_route=%2Fwp%2Fv2%2Fcomments&post=78"}],"version-history":[{"count":3,"href":"https:\/\/bassdu.mine.bz\/index.php?rest_route=\/wp\/v2\/posts\/78\/revisions"}],"predecessor-version":[{"id":106,"href":"https:\/\/bassdu.mine.bz\/index.php?rest_route=\/wp\/v2\/posts\/78\/revisions\/106"}],"wp:attachment":[{"href":"https:\/\/bassdu.mine.bz\/index.php?rest_route=%2Fwp%2Fv2%2Fmedia&parent=78"}],"wp:term":[{"taxonomy":"category","embeddable":true,"href":"https:\/\/bassdu.mine.bz\/index.php?rest_route=%2Fwp%2Fv2%2Fcategories&post=78"},{"taxonomy":"post_tag","embeddable":true,"href":"https:\/\/bassdu.mine.bz\/index.php?rest_route=%2Fwp%2Fv2%2Ftags&post=78"}],"curies":[{"name":"wp","href":"https:\/\/api.w.org\/{rel}","templated":true}]}}