{"id":825,"date":"2010-03-23T21:57:14","date_gmt":"2010-03-23T20:57:14","guid":{"rendered":"http:\/\/bassdu.mine.nu\/?p=825"},"modified":"2010-03-23T22:00:29","modified_gmt":"2010-03-23T21:00:29","slug":"propuneri-de-program","status":"publish","type":"post","link":"https:\/\/bassdu.mine.bz\/?p=825","title":{"rendered":"Propuneri de Program"},"content":{"rendered":"<p><strong>Propunerile mele pentru Programul \u201eMi\u015fc\u0103rii Virtuale DACIA\u201d<\/strong><\/p>\n<p><strong>\u00a0<\/strong><\/p>\n<p><strong>\u00a0<\/strong><\/p>\n<p><strong>Punctul 1 din Program<\/strong><\/p>\n<p>Iat\u0103 c\u00e2teva propuneri personale de detaliere a Programului, la definitivarea c\u0103ruia sunte\u0163i invita\u0163i s\u0103 v\u0103 aduce\u0163i contribu\u0163ia :<\/p>\n<ol>\n<li>Lupta generalizat\u0103 \u00eempotriva <strong>CORUP\u0162IEI \u015fi IMORALIT\u0102\u0162II<\/strong>.<\/li>\n<\/ol>\n<p>\u00a0<\/p>\n<p>Acest obiectiv se realizeaz\u0103 printr-un nou <strong>cadru legislativ \u015fi norme etice<\/strong>, \u00a0care s\u0103 descurajeze:<\/p>\n<p>&#8211;\u00a0\u00a0\u00a0\u00a0\u00a0\u00a0\u00a0\u00a0\u00a0 <em>Evaziunea fiscal\u0103<\/em> \u015fi orice fel de c\u00e2\u015ftiguri ilicite<\/p>\n<p>&#8211;\u00a0\u00a0\u00a0\u00a0\u00a0\u00a0\u00a0\u00a0\u00a0 <em>Munca \u201c\u00een negru\u201d<\/em> \u015fi orice form\u0103 de exploatare ilicit\u0103 a muncii altuia<\/p>\n<p>\u015ei s\u0103 asigure:<\/p>\n<p>&#8211;\u00a0\u00a0\u00a0\u00a0\u00a0\u00a0\u00a0\u00a0\u00a0 <em>Transparen\u0163\u0103 \u00een manipularea banilor publici <\/em><\/p>\n<p>&#8211;\u00a0\u00a0\u00a0\u00a0\u00a0\u00a0\u00a0\u00a0\u00a0 <em>Transparen\u0163\u0103 \u00een bilan\u0163urile societ\u0103\u0163ilor<\/em> de produc\u0163ie, servicii, comerciale \u015fi financiare<\/p>\n<p>&#8211;\u00a0\u00a0\u00a0\u00a0\u00a0\u00a0\u00a0\u00a0\u00a0 Stabilirea unei <em>grile de salarizare \u015fi pensii<\/em> pentru to\u0163i cet\u0103\u0163enii<\/p>\n<p>&#8211;\u00a0\u00a0\u00a0\u00a0\u00a0\u00a0\u00a0\u00a0\u00a0 <em>Promovarea adev\u0103ratelor valori \u00een Media<\/em>, prin constituirea unui <em>Observator Etic Na\u0163ional<\/em><\/p>\n<p>&#8211;\u00a0\u00a0\u00a0\u00a0\u00a0\u00a0\u00a0\u00a0\u00a0 <em>Taxarea diferen\u0163iat\u0103<\/em> a c\u00e2\u015ftigurilor b\u0103ne\u015fti<\/p>\n<p>&#8211;\u00a0\u00a0\u00a0\u00a0\u00a0\u00a0\u00a0\u00a0\u00a0 <em>Asigurarea unui loc de munc\u0103<\/em> <em>fiec\u0103ruia<\/em>, prin reducerea orarului de lucru pentru to\u0163i<\/p>\n<p>&#8211;\u00a0\u00a0\u00a0\u00a0\u00a0\u00a0\u00a0\u00a0\u00a0 <em>Asigurarea condi\u0163iilor minime pentru supravi\u0163uire decent\u0103<\/em>, tuturor cet\u0103\u0163enilor<\/p>\n<p>&#8211;\u00a0\u00a0\u00a0\u00a0\u00a0\u00a0\u00a0\u00a0\u00a0 Limitarea circula\u0163iei banilor lichizi, prin generalizarea <em>cardurilor de economii<\/em><\/p>\n<p>&#8211;\u00a0\u00a0\u00a0\u00a0\u00a0\u00a0\u00a0\u00a0\u00a0 Etc.<\/p>\n<p><strong>Un punct esen\u0163ial al luptei \u00eempotriva corup\u0163iei \u015fi imoralit\u0103\u0163ii, trebuie s\u0103 fie INTERDIC\u0162IA DE A ALEGE \u015eI DE A FI ALE\u015eI, \u00a0PENTRU CEI CONDAMNA\u0162I DEFINITIV !!!<\/strong><\/p>\n<p><strong>Pentru succesul deplin al luptei \u00eempotriva Corup\u0163iei \u015fi Imoralit\u0103\u0163ii, trebuie redus\u0103 drastic durata proceselor, prin introducerea unui singur grad de judecat\u0103 \u015fi neadmiterea motiva\u0163iilor puerile pentru am\u00e2n\u0103ri. Judec\u0103torii de pace se vor ocupa de cauzele minore, ace\u015ftia ac\u0163ion\u00e2nd pe plan local. Dreptul la Recurs trebuie s\u0103 se bazeze exclusiv pe noi probe. Penitenciarele vor fi <span style=\"text-decoration: underline;\">auto-gestionate<\/span>,\u00a0cu\u00a0 aportul prin munc\u0103 al detenu\u0163ilor, iar pedepsele vor fi executate strict \u00een perioada hot\u0103r\u00e2t\u0103 de Curte. Reducerile de pedeaps\u0103 se vor face exclusiv pe baza recomand\u0103rilor conducerii Penitenciarelor, cu motiva\u0163ii serioase \u015fi cu asumarea responsabilit\u0103\u0163ii. Delincven\u0163ii nu trebuie s\u0103 fie o greutate \u00een plus pentru societate, dup\u0103 comiterea unor daune\u00a0 !\u00a0 Implementarea unor m\u0103suri de acest tip, se va face\u00a0concomitent cu\u00a0decretarea unei amnistii generale,\u00a0sub\u00a0rezerva dubl\u0103rii termenului de deten\u0163ie \u00een caz de recidiv\u0103.<\/strong><\/p>\n<p><strong>\u00a0<\/strong>Repet c\u0103 acestea sunt propunerile mele, care al\u0103turi de alte propuneri ale aderen\u0163ilor, trebuie s\u0103 fie analizate de <em>personal COMPETENT<\/em>, \u00een vederea redact\u0103rii m\u0103surilor adiacente acestui punct programatic.<\/p>\n<p><strong>Punctul 2 din Program<\/strong><\/p>\n<p><em>2. <span style=\"text-decoration: underline;\">Introducerea la toate nivelurile a PRINCIPIULUI COMPETEN\u0162EI \u015eI RESPONSABILIZ\u0102RII<\/span><\/em><\/p>\n<p><em>\u00a0<\/em>\u00a0<\/p>\n<p><strong>\u201eOmul potrivit la locul potrivit\u201d<\/strong>, este sinteza acestui punct programatic, \u00een ceea ce prive\u015fte <strong>COMPETEN\u0162A<\/strong>.<\/p>\n<p>Astfel nu va mai fi posibil s\u0103 avem un Pre\u015fedinte cizmar, un Primar \u2026 analfabet, sau un manager cu \u2026 facultate muncitoreasc\u0103. <em>Pentru fiecare pozi\u0163ie de reprezentan\u0163\u0103 \u015fi conducere, se vor stabili criterii minime de admitere a candidaturilor<\/em>.<\/p>\n<p><strong>RESPONSABILIZAREA<\/strong> se va realiza prin \u00eencheierea unui <strong>contract<\/strong> \u00eentre ale\u015fi \u015fi aleg\u0103tori, precum \u015fi \u00eentre manageri \u015fi salaria\u0163i, care s\u0103 cuprind\u0103 <strong>SARCINILE\u00a0 POSTULUI<\/strong>, precum \u015fi <strong>modalit\u0103\u0163ile de interac\u0163iune<\/strong> (dialog, \u00eent\u00e2lniri, d\u0103ri de seam\u0103,etc.).<\/p>\n<p>Nerealizarea SARCINILOR \u015fi a celorlalte obliga\u0163ii asumate, pot conduce la \u201evotul de blam\u201d, CU SUSPENDAREA AUTOMAT\u0102 DIN FUNC\u0162IE.<\/p>\n<p>La capitolul SARCINI, un rol important \u00eel va avea <strong>PROBITATEA MORAL\u0102 \u015eI PROFESIONAL\u0102<\/strong>.<\/p>\n<p>Acestea sunt, dup\u0103 p\u0103rerea mea, principalele direc\u0163ii de urmat, la care bine\u00een\u0163eles c\u0103 se pot aduce ad\u0103ugiri de c\u0103tre cei interesa\u0163i.<\/p>\n<p><strong>Punctul 3 din Program<\/strong><\/p>\n<p><strong><em>3<\/em><\/strong><em>. <span style=\"text-decoration: underline;\">REORGANIZAREA administrativ-teritorial\u0103 \u015fi a tuturor puterilor din Stat, pentru reducerea la maxim a cheltuielilor, f\u0103r\u0103 a produce deservicii popula\u0163iei. Aceast\u0103 reorganizare s\u0103 aib\u0103 la baz\u0103 folosirea noilor tehnologii informatice \u015fi reducerea \u201etimpului de a\u015fteptare\u201d pentru rezolvarea problemelor de orice tip.<\/span><\/em><\/p>\n<p><em>\u00a0<\/em>\u00a0<\/p>\n<p><em>Aceast\u0103 reorganizare trebuie s\u0103 se aplice \u00eencep\u00e2nd de la Parlament, p\u00e2n\u0103 la administra\u0163iile locale.<\/em><\/p>\n<p><em>Concomitent cu reducerea,\u00a0 se vor \u00eentocmi <\/em><strong><em>Fi\u015fe ale Postului<\/em><\/strong><em>, cu toate drepturile \u015fi obliga\u0163iile func\u0163iei, precum \u015fi criteriile de salarizare. Orice func\u0163ionar va trebui s\u0103 fac\u0103 publice veniturile, averea propriului nucleu familiar \u015fi va fi obligat s\u0103 delege conducerea altor\u00a0 activit\u0103\u0163i economice proprii, pentru a elimina posibilitatea conflictului de interese.<\/em><\/p>\n<p><em>Se va reduce num\u0103rul <\/em><strong><em>Jude\u0163elor<\/em><\/strong><em>, cu reducerea concomitent\u0103 a structurilor adiacente.<\/em><\/p>\n<p><em>Se vor reorganiza structurile\u00a0Ministerului de \u00a0Interne \u015fi al Ap\u0103r\u0103rii, centraliz\u00e2nd activit\u0103\u0163ile de competen\u0163\u0103 \u00eentr-o singur\u0103 structur\u0103 \u00a0pentru fiecare \u00een parte. Ambele ministere vor fi coordonate direct de Consiliul de Stat pentru Siguran\u0163a Statului.<\/em><\/p>\n<p><em>Se va introduce pe scar\u0103 larg\u0103 <\/em><strong><em>tehnologia informatic\u0103<\/em><\/strong><em> \u015fi <\/em><strong><em>autocertificarea<\/em><\/strong><em>, precum \u015fi orice alt\u0103 m\u0103sur\u0103 ce poate contribui la reducerea birocra\u0163iei.<\/em><\/p>\n<p><em>Aceste m\u0103suri, nu trebuie s\u0103 conduc\u0103 la pierderi de <\/em><strong><em>locuri de munc\u0103<\/em><\/strong><em>, fiec\u0103rui disponibilizat urm\u00e2nd s\u0103 i se asigure un loc de munc\u0103 coerent cu preg\u0103tirea profesional\u0103. Acest obiectiv, se va realiza \u00een conformitate cu principiul enun\u0163at la punctul 1 din Program : <\/em><strong><em><span style=\"text-decoration: underline;\">To\u0163i cet\u0103\u0163enii trebuie s\u0103 aib\u0103 asigurat un loc de munc\u0103, chiar lu\u00e2nd \u00een considerare posibilitatea de a munci to\u0163i \u2026 mai pu\u0163in !<\/span><\/em><\/strong><em>\u00a0 In acest context, se va promova o <\/em><strong><em>politic\u0103 a familiei <\/em><\/strong><em>nou\u0103, bazat\u0103 pe principiul c\u0103 femeile ce doresc, se pot ocupa exclusiv, sau par\u0163ial, de problemele casnice, fiind sprijinite \u00een acest sens de c\u0103tre Stat, prin forme diverse de aloca\u0163ii. Aceast\u0103 nou\u0103 politic\u0103 nu va exclude aportul femeilor acolo unde sunt competente, ci va oferi posibilitatea exprim\u0103rii <\/em><strong><em>voca\u0163iei materne<\/em><\/strong><em> \u015fi a dep\u0103\u015firii <\/em><strong><em>deficitului de educa\u0163ie<\/em><\/strong><em> cu care se confrun\u0163\u0103 copiii de azi. Cre\u015fele \u015fi Gr\u0103dini\u0163ele nu pot satisface cerin\u0163ele unei bune educa\u0163ii, mai bine dec\u00e2t o mam\u0103 !\u00a0 <\/em><\/p>\n<p><em>\u00a0<\/em><\/p>\n<p><strong>Punctul 4 din Program<\/strong><\/p>\n<p><em><span style=\"text-decoration: underline;\">4 .\u00a0 Aplicarea principiilor DEZVOLT\u0102RII SUSTENABILE \u00a0pentru via\u0163a economica, pun\u00e2nd principalul accent pe energiile alternative, noi tehnologii \u00a0\u015fi recuperarea resurselor de orice tip, \u00een vederea salv\u0103rii ambientului de la dezastrul actual.<\/span><\/em><\/p>\n<p><em>\u00a0<\/em>\u00a0<\/p>\n<p><em>Peste tot \u00een Lume se vorbe\u015fte despre aceast\u0103 Dezvoltare Sustenabil\u0103, dar \u2026 de f\u0103cut, nu face nimeni nimic !<\/em><\/p>\n<p><em><span style=\"text-decoration: underline;\">De exemplu<\/span> \u00een Italia, ca s\u0103 faci o instala\u0163ie fotovoltaic\u0103, trebuie s\u0103 te adresezi la \u2026 ENEL (adic\u0103 la \u2026 monopoli\u015fti), s\u0103 ai un \u2026 Proiect ( !?!?), aprobare de la Comun\u0103, etc., cu o cheltuial\u0103 de 15.000 Euro, pentru o putere de 3 Kw (cam c\u00e2t este necesar unei gospod\u0103rii).\u00a0 \u0162in\u00e2nd cont c\u0103 aceast\u0103 cifr\u0103 acoper\u0103 facturile mele pentru 10 ani, precum \u015fi faptul c\u0103 oricum voi mai pl\u0103ti ceva, deoarece pre\u0163ul Kw-ului \u00a0produs de mine, este \u2026 un sfert din ceea ce-mi d\u0103 <\/em>ENEL \u00a0c\u00e2nd nu mai este soare (noaptea), rezult\u0103 c\u0103 investi\u0163ia mea va fi de folos numai pentru \u2026 monopoli\u015fti, eu trebuind s\u0103-mi schimb panourile dup\u0103 circa 20 de ani (c\u00e2t au garan\u0163ie!?).\u00a0\u00a0 Toat\u0103 aceast\u0103 fars\u0103, ne-o propun, c\u00e2nd deja exist\u0103 tehnologia GRID-INVERTER, care asigur\u0103 folosirea energiei solare produse de propriile panouri, f\u0103r\u0103 \u2026 amestecul\u00a0\u2026 \u015fmecherilor !!!\u00a0 Acesta este un exemplu de cum Puterea monopolist\u0103 actual\u0103, \u00eencearc\u0103 s\u0103 ne \u2026 fraiereasc\u0103 !\u00a0\u00a0 Exemple de acest fel, se pot da \u015fi \u00een alte domenii (auto electrice, noi tehnologii ecologice, energia eolic\u0103, etc.).<\/p>\n<p>Noi de la \u201eMi\u015fcarea DACIA\u201d, vrem s\u0103 acord\u0103m avantaje tuturor ini\u0163iativelor care au \u00een vedere:<\/p>\n<p>&#8211;\u00a0\u00a0\u00a0\u00a0\u00a0\u00a0\u00a0\u00a0\u00a0 Reducerea consumului de hidrocarburi solide, lichide \u015fi gazoase<\/p>\n<p>&#8211;\u00a0\u00a0\u00a0\u00a0\u00a0\u00a0\u00a0\u00a0\u00a0 Reducerea drastic\u0103 a traficului rutier<\/p>\n<p>&#8211;\u00a0\u00a0\u00a0\u00a0\u00a0\u00a0\u00a0\u00a0\u00a0 Modernizarea mijloacelor de transport ecologic de m\u0103rfuri \u015fi persoane (feroviar, rutier, pe ap\u0103)<\/p>\n<p>&#8211;\u00a0\u00a0\u00a0\u00a0\u00a0\u00a0\u00a0\u00a0\u00a0 Folosirea energiilor curate (soare, v\u00e2nt, geotermic, lemn, bio-gaz)<\/p>\n<p>&#8211;\u00a0\u00a0\u00a0\u00a0\u00a0\u00a0\u00a0\u00a0\u00a0 Scoaterea din uz a actualei Centrale Nucleare de la Cernavod\u0103<\/p>\n<p>&#8211;\u00a0\u00a0\u00a0\u00a0\u00a0\u00a0\u00a0\u00a0\u00a0 Limitarea transporturilor aeriene ( cele mai poluante !)<\/p>\n<p>&#8211;\u00a0\u00a0\u00a0\u00a0\u00a0\u00a0\u00a0\u00a0\u00a0 Folosirea masiv\u0103 a apei de ploaie \u00een gospod\u0103rii<\/p>\n<p>&#8211;\u00a0\u00a0\u00a0\u00a0\u00a0\u00a0\u00a0\u00a0\u00a0 Construc\u0163ii de noi locuin\u0163e din materiale strict reciclabile \u015fi cu grad ridicat de izola\u0163ie termic\u0103<\/p>\n<p>&#8211;\u00a0\u00a0\u00a0\u00a0\u00a0\u00a0\u00a0\u00a0\u00a0 Recuperarea , Reciclarea \u015fi Reutilizarea materialelor folosite pentru ambalaje \u015fi bunuri de larg consum (sticla, h\u00e2rtia, metalul, materialele plastice)<\/p>\n<p>&#8211;\u00a0\u00a0\u00a0\u00a0\u00a0\u00a0\u00a0\u00a0\u00a0 Optimizarea teritorial\u0103 a for\u0163ei de munc\u0103, \u00een sensul reducerii deplas\u0103rilor spre locul de desf\u0103\u015furare a activit\u0103\u0163ii<\/p>\n<p>&#8211;\u00a0\u00a0\u00a0\u00a0\u00a0\u00a0\u00a0\u00a0\u00a0 Generalizarea transportului comun al \u015fcolarilor<\/p>\n<p>&#8211;\u00a0\u00a0\u00a0\u00a0\u00a0\u00a0\u00a0\u00a0\u00a0 \u00a0\u00cencurajarea cump\u0103r\u0103turilor on-line pentru toate produsele agro-alimentare \u015fi de larg consum<\/p>\n<p>&#8211;\u00a0\u00a0\u00a0\u00a0\u00a0\u00a0\u00a0\u00a0\u00a0 Informatizarea \u00eentregii popula\u0163ii, coroborat\u0103 cu cea a Administra\u0163iei, pentru eliminarea birocra\u0163iei<\/p>\n<p>&#8211;\u00a0\u00a0\u00a0\u00a0\u00a0\u00a0\u00a0\u00a0\u00a0 E\u015falonarea orarelor de munc\u0103, pentru echilibrarea intensit\u0103\u0163ii traficului<\/p>\n<p>&#8211;\u00a0\u00a0\u00a0\u00a0\u00a0\u00a0\u00a0\u00a0\u00a0 Canalizarea \u015fi aprovizionarea cu ap\u0103 potabil\u0103 a tuturor a\u015fez\u0103rilor omene\u015fti<\/p>\n<p>&#8211;\u00a0\u00a0\u00a0\u00a0\u00a0\u00a0\u00a0\u00a0\u00a0 Dezvoltarea produc\u0163iei agricole strict biologice\u00a0 (obiectiv prioritar \u0163in\u00e2nd cont de condi\u0163iile optime de care se bucur\u0103 \u0163ara noastr\u0103 !!!)<\/p>\n<p>&#8211;\u00a0\u00a0\u00a0\u00a0\u00a0\u00a0\u00a0\u00a0\u00a0 Adoptarea unor noi tehnologii eco-compatibile<\/p>\n<p>&#8211;\u00a0\u00a0\u00a0\u00a0\u00a0\u00a0\u00a0\u00a0\u00a0 Stimularea Cercet\u0103rii \u00een toate domeniile<\/p>\n<p>&#8211;\u00a0\u00a0\u00a0\u00a0\u00a0\u00a0\u00a0\u00a0\u00a0 Reducerea activit\u0103\u0163ilor \u015fi produc\u0163iei \u2026 inutile societ\u0103\u0163ii<\/p>\n<p>&#8211;\u00a0\u00a0\u00a0\u00a0\u00a0\u00a0\u00a0\u00a0\u00a0 Promovarea informa\u0163iei \u015fi crea\u0163iei de calitate<\/p>\n<p>&#8211;\u00a0\u00a0\u00a0\u00a0\u00a0\u00a0\u00a0\u00a0\u00a0 Etc.<\/p>\n<p>Desigur mul\u0163i vor \u201estr\u00e2mba din nas\u201d, citind aceste propuneri, pentru ca ar \u00eensemna o schimbare radical\u0103 a modului actual de via\u0163\u0103, dar \u2026 este exact ceea ce ne propunem, pentru c\u0103 noi, \u201ecei de azi\u201d, trebuie s\u0103 ne g\u00e2ndim \u015fi la \u201ecei de m\u00e2ine\u201d, care sunt urma\u015fii \u015fi urma\u015fii urma\u015filor no\u015ftri !!!<\/p>\n<p><strong>Punctul 5 din Program<\/strong><\/p>\n<p><em><span style=\"text-decoration: underline;\">5 .\u00a0 ASISTEN\u0162\u0102 SANITAR\u0102 \u00a0si \u00a0accesul la EDUCA\u0162IE \u00a0gratis pentru to\u0163i.<\/span><\/em><\/p>\n<p><em>\u00a0<\/em>\u00a0<\/p>\n<p><strong><em>Numai o Na\u0163iune s\u0103n\u0103toas\u0103 \u015fi educat\u0103, poate spera \u00eentr-un Viitor !<\/em><\/strong><\/p>\n<p>Este deci <em>responsabilitatea exclusiv\u0103<\/em> a <strong>Statului<\/strong>, asigurarea acestor dou\u0103 <strong>obiective strategice<\/strong>.<\/p>\n<p>Deci \u00a0<strong>privatizarea<\/strong> \u00een aceste domenii, trebuie <strong>s\u0103 \u00eenceteze<\/strong>, pentru c\u0103 urm\u0103rirea profitului , nu poate fi conjugat\u0103 cu aceste obiective.\u00a0 <strong>S\u0103n\u0103tatea \u015fi Educa\u0163ia<\/strong>, nu pot avea \u201e<strong>dou\u0103 viteze<\/strong>\u201d, \u00een func\u0163ie de <strong>disponibilit\u0103\u0163ile b\u0103ne\u015fti<\/strong> ale cet\u0103\u0163enilor !\u00a0\u00a0 Pe de alt\u0103 parte, cet\u0103\u0163enii au <strong>obliga\u0163ia<\/strong> de a respecta aceste obiective.\u00a0\u00a0 <strong>Ignorarea cerin\u0163elor de s\u0103n\u0103tate \u015fi educa\u0163ie<\/strong>, poate avea consecin\u0163e chiar \u015fi <strong>penale<\/strong>, pentru ace\u015ftia.\u00a0 Nu va fi posibil, de exemplu, \u00a0ca un copil <strong>s\u0103 nu urmeze \u015fcoala<\/strong>, sau s\u0103 pun\u0103 \u00een pericol <strong>s\u0103n\u0103tatea celor din jur<\/strong>, f\u0103r\u0103 ca <strong>p\u0103rin\u0163ii<\/strong> s\u0103 nu fie chema\u0163i \u00een cauz\u0103 !!!<\/p>\n<p>Bine\u00een\u0163eles c\u0103 <strong>Statul<\/strong> trebuie s\u0103 garanteze lucr\u0103torilor din aceste <em><span style=\"text-decoration: underline;\">domenii de prim\u0103 \u00eensemn\u0103tate<\/span><\/em>, o <strong>remunera\u0163ie compatibil\u0103 cu rolul social<\/strong> !<\/p>\n<p><strong>Punctul 6 din Program<\/strong><\/p>\n<p><strong>Open-Source<\/strong><\/p>\n<p>Comform unei platforme <strong>Open Source<\/strong> <em>prin defini\u0163ie<\/em> cum este <strong>Wikipedia<\/strong>, iat\u0103 prezentarea <em>\u00een rom\u00e2ne\u015fte<\/em>\u00a0 \u015fi cea <em>\u00een englez\u0103<\/em> (mai cuprinz\u0103toare \u015fi explicit\u0103) :<\/p>\n<p><a href=\"http:\/\/ro.wikipedia.org\/wiki\/Open_source\">http:\/\/ro.wikipedia.org\/wiki\/Open_source<\/a><\/p>\n<p><a href=\"http:\/\/en.wikipedia.org\/wiki\/Open_source\">http:\/\/en.wikipedia.org\/wiki\/Open_source<\/a><\/p>\n<p><strong>Open Source<\/strong> \u00eenseamn\u0103 o <em>cale mai rapid\u0103 pentru Progres, \u201eciuntirea\u201d puterii monopoliste \u015fi accesul rapid la noi tehnologii a c\u00e2t mai multor creativi<\/em>.<\/p>\n<p>Un exemplu clarificator al acestui <em>nou<\/em> <em>concept filozofic<\/em>, este <strong>Democra\u0163ia<\/strong>.<\/p>\n<p>Ceea ce se define\u015fte <strong>azi<\/strong> Democra\u0163ie, este \u2026 <strong>O\u00a0 VORB\u0102<\/strong> !<\/p>\n<p><em>Democra\u0163ia open-source<\/em> \u00eenseamn\u0103 \u2026 <strong>TRECEREA LA \u00a0FAPTE<\/strong> !<\/p>\n<p><strong>Azi<\/strong> Democra\u0163ia se manifest\u0103 <em>PRIN REPREZENTAN\u0162II\u00a0 NO\u015eTRI<\/em> \u00a0(<strong>halal <\/strong>!), pe c\u00e2nd Democra\u0163ia Open-Source se va manifesta prin <em>APORTUL\u00a0 NOSTRU\u00a0 DIRECT<\/em>.<\/p>\n<p><em>Azi soarta Progresului<\/em> este \u00een m\u00e2na <strong>monopolurilor<\/strong>, m\u00e2ine va fi \u00een m\u00e2na celor care doresc \u00eentradev\u0103r binele comun; va fi <strong>\u00een m\u00e2na TUTUROR<\/strong> !<\/p>\n<p>Democra\u0163ia de azi (<strong>versiune 1.0<\/strong>) \u201ealearg\u0103\u201d \u00een c\u0103utarea <strong>PROFITULUI<\/strong>, Democra\u0163ia de m\u00e2ine (<strong>versiune 2.0<\/strong>) va satisface <strong>BINELE \u00a0TUTUROR<\/strong> !<\/p>\n<p><strong>Open-Source este o Nou\u0103 Filozofie<\/strong>, reprezent\u00e2nd <em>calea de mijloc<\/em> \u00eentre actuala filozofie a <strong>Profitului <\/strong>cu orice pre\u0163 impus\u0103 de <em>Monopoluri<\/em> \u015fi <strong>Free-Source<\/strong>, la care omenirea va ajunge probabil c\u00e2nd se va realiza <strong>Adev\u0103rata Globalizare<\/strong>, \u00eentemeiat\u0103 pe principii azi definite <strong>Utopice<\/strong>.<\/p>\n<p>\u015ei \u201e<strong>Mi\u015fcarea Virtual\u0103 DACIA<\/strong>\u201d se vrea o <em>aplica\u0163ie open-source \u00een \u2026 politic\u0103<\/em>.<\/p>\n<p>Deci, plec\u00e2nd de la <em>ideile<\/em> cuprinse \u00een <strong>Program<\/strong>, prin contribu\u0163ia celor <strong>interesa\u0163i<\/strong>, dar mai ales <strong>competen\u0163i<\/strong>, se va ajunge la forma <em>temporar acceptat\u0103 <\/em>\u00een cadrul<em> <\/em><strong><em><span style=\"text-decoration: underline;\">\u201eMI\u015eC\u0102RII\u00a0 DACIA\u201d<\/span><\/em><span style=\"text-decoration: underline;\">,<\/span><\/strong> ce va sta la baza <strong>procesului de guvernare<\/strong>.\u00a0 Zic <strong>temporar<\/strong>, deoarece va fi \u201e<em>elastic\u0103<\/em>\u201d, pentru a putea \u201e<em>s\u0103 se muleze<\/em>\u201d pe <strong>condi\u0163iile \u00een permanent\u0103 schimbare<\/strong>.<\/p>\n<p><strong>Punctul 7 din Program<\/strong><\/p>\n<p><em>7 .\u00a0 <span style=\"text-decoration: underline;\">POLITICA EXTERN\u0102 \u00a0de prietenie cu toate popoarele lumii, f\u0103r\u0103 preten\u0163ii teritoriale, f\u0103r\u0103 particip\u0103ri cu trupe la conflicte armate, de respect pentru afacerile interne ale statelor. Un punct important pe agenda diploma\u0163iei, trebuie s\u0103 fie ap\u0103rarea drepturilor celor de un s\u00e2nge cu noi, afla\u0163i pe teritoriile altor state, a\u015fa cum noi ne angaj\u0103m s\u0103 respect\u0103m drepturile minorit\u0103\u0163ilor de la noi.<\/span><\/em><\/p>\n<p><em>\u00a0<\/em>\u00a0<\/p>\n<p><em>Aici este pu\u0163in de \u2026 despicat firul \u00een patru !<\/em><\/p>\n<p><em>Inten\u0163ion\u0103m s\u0103 facem \u2026 exact ceea ce este scris !!!<\/em><\/p>\n<p><strong>Punctul 8 din Program<\/strong><\/p>\n<p><em>8 .\u00a0 <span style=\"text-decoration: underline;\">PROPAGAREA \u00a0acestor principii, \u00een vederea condividerii, la nivelul tuturor formelor de agregare interna\u0163ional\u0103, \u00a0la care Rom\u00e2nia particip\u0103. \u00cen acest sens, propunem \u00eenfiin\u0163area la Bucure\u015fti a unui Forum Intercultural, care s\u0103 aib\u0103 menirea de \u201eghid spiritual\u201d pentru \u00eentreaga omenire, prin promovarea DIALOGULUI ca singur\u0103 alternativ\u0103 pentru\u00a0 solu\u0163ionarea\u00a0 gravelor conflicte actuale<\/span><\/em><\/p>\n<p><em>\u00a0<\/em>\u00a0<\/p>\n<p><em>Unul dintre cele mai interesante mesaje pe care le-am primit, m\u0103 avertiza c\u0103 <\/em><strong><em>Sistemul de Putere<\/em><\/strong><em> actual, este precum un <\/em><strong><em>iceberg<\/em><\/strong><em>, l\u0103s\u00e2nd s\u0103 \u201ese vad\u0103\u201d foarte pu\u0163in din \u201em\u0103rimea \u015fi complexitatea\u201d sa.\u00a0 Se \u201esugera printre r\u00e2nduri\u201d, c\u0103 noi am fi \u2026 <\/em><strong><em>Titanicul<\/em><\/strong><em> !\u00a0 Foarte corect, dac\u0103 ne raport\u0103m la \u2026 prezent !<\/em><\/p>\n<p><em>Problema este c\u0103 iceberg-ul\u00a0 (ca orice iceberg ! ), r\u0103spunde unei legi naturale, \u2026 topindu-se (<\/em><strong><em>\u00eenc\u0103lzirea global\u0103 ?\u2026 Focul lui Zamolxe -sper eu-\u00a0 ?).<\/em><\/strong><\/p>\n<p><em>Dac\u0103 ne raport\u0103m la <\/em><strong><em>Prezent<\/em><\/strong><em>, eu m\u0103 pot declara satisf\u0103cut de situa\u0163ie, a\u015fa cum face \u2026 majoritatea. De\u015fi m-am considerat mereu un \u2026 optimist, am \u00eenceput s\u0103 pricep c\u0103 situa\u0163ia a devenit imposibil de \u2026 sus\u0163inut !<\/em><\/p>\n<p>\u00a0C\u00e2nd statele \u201etr\u0103iesc pe datorii\u201d imposibil de pl\u0103tit, c\u00e2nd poluarea a sc\u0103pat de sub control, c\u00e2nd moralitatea a dec\u0103zut la niveluri inacceptabile, c\u00e2nd suntem \u00eengropa\u0163i de mun\u0163i de gunoaie, c\u00e2nd apa curat\u0103 a devenit o raritate, c\u00e2nd preo\u0163ii sunt pedofili, c\u00e2nd bisericile se transform\u0103 \u00een restaurante, c\u00e2nd \u2026 \u00a0ce am mai putea spera ???<\/p>\n<p><em>P\u0103rerea mea este c\u0103 trebuie s\u0103 ne \u00eentoarcem rapid la respectul pentru Natur\u0103, chiar cu riscul de a ne schimba modul de via\u0163\u0103, \u2026 poate nu este prea t\u00e2rziu !<\/em><\/p>\n<p><em>Acelea\u015fi probleme pe care le avem noi, le au \u015fi \u2026 ceilal\u0163i (vezi Grecia!), numai c\u0103 nou\u0103 \u2026 <\/em><strong><em>\u201ene-a ajuns cu\u0163itul la os\u201d(fiind mai \u2026 slabi)<\/em><\/strong><em>, deci suntem mai aproape de \u2026 <\/em><strong><em>cotitur\u0103<\/em><\/strong><em> (logic!).<\/em><\/p>\n<p><em>Avem astfel posibilitatea s\u0103 \u201e<\/em><strong><em>c\u00e2rmim<\/em><\/strong><em>\u201d \u015fi pun pariu c\u0103 \u2026 ne vor urma \u015fi ceilal\u0163i ! <\/em><\/p>\n<p><em>De aceea am propus \u201e<\/em><strong><em>s\u0103 prelu\u0103m ini\u0163iativa<\/em><\/strong><em>\u201d \u015fi s\u0103 demonstr\u0103m c\u0103 noi locuim \u00een <\/em><strong><em><span style=\"text-decoration: underline;\">Spa\u0163iul Primordial al Omenirii<\/span><\/em><\/strong><em> !!!\u00a0\u00a0 A\u015fa \u201eanun\u0163\u0103\u201d \u00a0Baba Vanga, Sundar Sing, Petrache Poenaru \u015fi al\u0163i Profe\u0163i !\u00a0 <\/em><\/p>\n<p><em>\u00a0<\/em><strong><em>Eu cred !<\/em><\/strong><em> <\/em><\/p>\n<p><strong>Punctul 9 din Program<\/strong><\/p>\n<p><strong>,,,,,,,,9.\u00a0 <\/strong><em><strong>Deschiderea dezbaterilor \u015fi consult\u0103rilor cu to\u0163i cei interesa\u0163i, pe plan intern \u015fi extern, \u00een vederea realiz\u0103rii FEDERA\u0162IEI celor dou\u0103 state rom\u00e2ne\u015fti, cu denumirea \u2026 DACIA,,,,,,,<\/strong><\/em><\/p>\n<p>Marea afluen\u0163\u0103 de rom\u00e2ni din <strong>Republica Moldova<\/strong> \u00een mi\u015fcarea noastr\u0103, demonstreaz\u0103 ata\u015famentul fra\u0163ilor no\u015ftri, pentru acest <em>punct programatic<\/em>.<\/p>\n<p>Ei \u015ftiu mai bine ca mul\u0163i dintre noi, c\u0103 nu este u\u015for s\u0103 se cear\u0103 o <strong>Unire<\/strong> \u00een acest moment, datorit\u0103 opozi\u0163iei puternice a <em>Rusiei, Uniunii Europene \u015fi a \u2026 tuturor vecinilor no\u015ftri<\/em>, ca s\u0103 nu mai vorbim de <em>minorit\u0103\u0163ile<\/em> prezente \u00een teritoriu.<\/p>\n<p><strong>Federa\u0163ia <\/strong>poate fi mai u\u015for acceptat\u0103, deoarece:<\/p>\n<p>&#8211;\u00a0\u00a0\u00a0\u00a0\u00a0\u00a0\u00a0\u00a0\u00a0 Cu greu Rusia \u015fi Uniunea European\u0103 ar putea s\u0103 nege existen\u0163a aceluia\u015fi popor pe ambele maluri ale Prutului \u015fi justificarea istoric\u0103 a denumirii <strong>DACIA <\/strong>( c\u0103 doar \u2026 nu suntem urma\u015fii Romei !).<\/p>\n<p>&#8211;\u00a0\u00a0\u00a0\u00a0\u00a0\u00a0\u00a0\u00a0\u00a0 <em>Minorit\u0103\u0163ile din Moldova<\/em> ar fi interesate \u00eentr-o intrare, chiar \u015fi mascat\u0103 \u00een <strong>UE <\/strong>( libertate de mi\u015fcare, pia\u0163\u0103, investi\u0163ii, modernizare, \u00a0etc.).<\/p>\n<p>&#8211;\u00a0\u00a0\u00a0\u00a0\u00a0\u00a0\u00a0\u00a0\u00a0 Perspectiva unei <em>relans\u0103ri a economiei<\/em> moldovene\u015fti este u\u015for de prognozat.<\/p>\n<p>&#8211;\u00a0\u00a0\u00a0\u00a0\u00a0\u00a0\u00a0\u00a0\u00a0 Avantajele strategice ale <em>UE-NATO<\/em> sunt clare.<\/p>\n<p>&#8211;\u00a0\u00a0\u00a0\u00a0\u00a0\u00a0\u00a0\u00a0\u00a0 Contradic\u0163iile <em>ruso-ucrainiene<\/em> sunt \u2026 un avantaj \u00een momentul de fa\u0163\u0103.<\/p>\n<p>&#8211;\u00a0\u00a0\u00a0\u00a0\u00a0\u00a0\u00a0\u00a0\u00a0 <em>Polonia<\/em> ar privi cu \u2026 interes.<\/p>\n<p>&#8211;\u00a0\u00a0\u00a0\u00a0\u00a0\u00a0\u00a0\u00a0\u00a0 Cu Rusia \u015fi Ucraina se pot \u00eencheia <strong>Tratate de Prietenie<\/strong>, care s\u0103 le ofere <em>garan\u0163ii \u015fi sprijin<\/em>.\u00a0 Cum <strong>nu suntem urma\u015fii Romei<\/strong>, poate ar trebui s\u0103 reconsider\u0103m rela\u0163ia cu <strong>lumea slav\u0103<\/strong>. Aceste \u0163\u0103ri, ca \u015fi <em>Serbia<\/em>, trebuiesc sus\u0163inute pentru <em>aderarea la UE<\/em>. <strong>Avem tot interesul<\/strong> !<\/p>\n<p>&#8211;\u00a0\u00a0\u00a0\u00a0\u00a0\u00a0\u00a0\u00a0\u00a0 <strong>Federa\u0163ie<\/strong> \u00eenseamn\u0103 <em>dou\u0103 state, dou\u0103 guverne \u015fi dou\u0103 parlamente<\/em>, ceea ce sun\u0103 \u2026 <em>lini\u015ftitor<\/em>.<\/p>\n<p>Nu trebuie s\u0103 uit\u0103m parcursul <strong>Unirii<\/strong> <em>T\u0103rii Rom\u00e2ne\u015fti cu Moldova<\/em>, f\u0103cut\u0103 tot \u2026 <em>\u00een doi pa\u015fi<\/em> !<\/p>\n<p><em>Ca \u00een orice problem\u0103, o solu\u0163ie exist\u0103, trebuind c\u0103utat\u0103 cu \u015ftiin\u0163\u0103 \u015fi perseveren\u0163\u0103<\/em>.<\/p>\n<p>Restul este o chestiune de \u2026 timp !<\/p>\n","protected":false},"excerpt":{"rendered":"<p>Propunerile mele pentru Programul \u201eMi\u015fc\u0103rii Virtuale DACIA\u201d \u00a0 \u00a0 Punctul 1 din Program Iat\u0103 c\u00e2teva propuneri personale de detaliere a Programului, la definitivarea c\u0103ruia sunte\u0163i invita\u0163i s\u0103 v\u0103 aduce\u0163i contribu\u0163ia : Lupta generalizat\u0103 \u00eempotriva CORUP\u0162IEI \u015fi IMORALIT\u0102\u0162II. \u00a0 Acest obiectiv se realizeaz\u0103 printr-un nou cadru legislativ \u015fi norme etice, \u00a0care s\u0103 descurajeze: &#8211;\u00a0\u00a0\u00a0\u00a0\u00a0\u00a0\u00a0\u00a0\u00a0 Evaziunea fiscal\u0103 [&hellip;]<\/p>\n","protected":false},"author":2,"featured_media":0,"comment_status":"open","ping_status":"open","sticky":false,"template":"","format":"standard","meta":{"footnotes":""},"categories":[73],"tags":[114],"jetpack_featured_media_url":"","_links":{"self":[{"href":"https:\/\/bassdu.mine.bz\/index.php?rest_route=\/wp\/v2\/posts\/825"}],"collection":[{"href":"https:\/\/bassdu.mine.bz\/index.php?rest_route=\/wp\/v2\/posts"}],"about":[{"href":"https:\/\/bassdu.mine.bz\/index.php?rest_route=\/wp\/v2\/types\/post"}],"author":[{"embeddable":true,"href":"https:\/\/bassdu.mine.bz\/index.php?rest_route=\/wp\/v2\/users\/2"}],"replies":[{"embeddable":true,"href":"https:\/\/bassdu.mine.bz\/index.php?rest_route=%2Fwp%2Fv2%2Fcomments&post=825"}],"version-history":[{"count":3,"href":"https:\/\/bassdu.mine.bz\/index.php?rest_route=\/wp\/v2\/posts\/825\/revisions"}],"predecessor-version":[{"id":827,"href":"https:\/\/bassdu.mine.bz\/index.php?rest_route=\/wp\/v2\/posts\/825\/revisions\/827"}],"wp:attachment":[{"href":"https:\/\/bassdu.mine.bz\/index.php?rest_route=%2Fwp%2Fv2%2Fmedia&parent=825"}],"wp:term":[{"taxonomy":"category","embeddable":true,"href":"https:\/\/bassdu.mine.bz\/index.php?rest_route=%2Fwp%2Fv2%2Fcategories&post=825"},{"taxonomy":"post_tag","embeddable":true,"href":"https:\/\/bassdu.mine.bz\/index.php?rest_route=%2Fwp%2Fv2%2Ftags&post=825"}],"curies":[{"name":"wp","href":"https:\/\/api.w.org\/{rel}","templated":true}]}}