{"id":835,"date":"2010-03-28T11:47:37","date_gmt":"2010-03-28T10:47:37","guid":{"rendered":"http:\/\/bassdu.mine.nu\/?p=835"},"modified":"2010-03-28T11:47:37","modified_gmt":"2010-03-28T10:47:37","slug":"manifest","status":"publish","type":"post","link":"https:\/\/bassdu.mine.bz\/?p=835","title":{"rendered":"Manifest"},"content":{"rendered":"<p><!-- \t\t@page { margin: 2cm } \t\tP { margin-bottom: 0.21cm } --><\/p>\n<p lang=\"ro-RO\"><span style=\"font-size: medium;\"><strong>Manifest al \u201eMi\u015fc\u0103rii DACIA\u201d<\/strong><\/span><\/p>\n<p lang=\"ro-RO\">\u00cencep\u00e2nd cu Evenimentul programat \u00een August, pentru preg\u0103tirea c\u0103ruia avem la dispozi\u0163ie aproape 5 luni, o s\u0103 vorbim despre &#8230; \u201eMi\u015fcarea DACIA\u201d !  Preg\u0103tirea acestei \u00cent\u00e2lniri, trebuie s\u0103 fie minu\u0163ioas\u0103, pentru a \u201enu avea surprize nepl\u0103cute\u201d. Spunem asta, pentru c\u0103 vor fi mul\u0163i aceia ce vor \u201ev\u00e2sli \u00eempotriv\u0103\u201d.  Acum este momentul &#8230; adev\u0103rului \u015fi al &#8230; curajului !<\/p>\n<p>\u00cen primul r\u00e2nd, participan\u0163ii trebuie s\u0103 fie con\u015ftien\u0163i de semnifica\u0163ia acestei manifest\u0103ri, care nu-\u015fi propune  \u201esalvarea nesalvabilului\u201d, ci punerea bazelor unei for\u0163e politice de tip nou, a\u015fa cum este prev\u0103zut de <strong>Programul \u015fi Principiile<\/strong> noastre. <span style=\"text-decoration: underline;\"><strong>Noi vrem s\u0103 devenim prima for\u0163\u0103 politic\u0103 a Patriei \u015fi s\u0103 &#8230; guvern\u0103m !<\/strong><\/span> Nu avem lideri prestabili\u0163i, ace\u015ftia trebuind s\u0103 \u201eias\u0103 ca uleiul la suprafa\u0163\u0103\u201d, exclusiv din r\u00e2ndul &#8230; tinerilor \u015fi exclusiv pe baza capacit\u0103\u0163ilor ! Nu vom admite \u201e<strong>deturn\u0103ri<\/strong>\u201d pe \u201e<em>c\u0103i deja b\u0103tute<\/em>\u201d, sau \u201e<strong>acapar\u0103ri<\/strong>\u201d !  Suntem deschi\u015fi pentru to\u0163i, <strong>indiferent de orientare politic\u0103 originar\u0103, religie, etnie, ocupa\u0163ie, etc., cu singura condi\u0163ie a \u00eemp\u0103rt\u0103\u015firii  Programului \u015fi Principiilor ce vor fi adoptate.<\/strong><\/p>\n<p>\u00cen al doilea r\u00e2nd, trebuie s\u0103 fim con\u015ftien\u0163i c\u0103 <strong>reformele<\/strong> nu se fac \u201eb\u0103t\u00e2nd din palme\u201d, ci cu \u201er\u0103bdare\u201d, dar \u015fi &#8230; \u201edeterminare\u201d, ac\u0163ion\u00e2nd \u00een cadrul actualului Sistem.   <em>Noi nu vrem o Revolu\u0163ie, ci o &#8230; Evolu\u0163ie ! Pa\u015fnic\u0103 !<\/em> <strong>Dar s\u0103 nu dea Dumnezeu, ca cineva s\u0103 ne &#8230; subestimeze ! <\/strong>Pentru c\u0103 ceea ce vrem<strong>, <\/strong>este spre <strong>binele tuturor <\/strong>\u015fi are girul &#8230; <strong>DACIEI<\/strong> !   Tuturor celor care ar dori s\u0103 ne pun\u0103 piedici, trebuie s\u0103 le spunem :<strong> \u201eNu v\u0103 juca\u0163i cu &#8230;Focul lui Zamolxe care &#8230; arde \u00eenc\u0103  !\u201d <\/strong><\/p>\n<p>Acest <strong>FOC<\/strong>, trebuie s\u0103 ne mobilizeze pe to\u0163i, s\u0103 difuz\u0103m mesajul tuturor cunoscu\u0163ilor, prietenilor \u015fi rudelor<strong>, <\/strong>pentru a<strong> <\/strong>satisface<strong> <\/strong>cerin\u0163ele  actualului Sistem \u00een ceea ce prive\u015fte &#8230; NUMERELE.<\/p>\n<p>Personal a\u015f dori s\u0103 avem aceast\u0103 prim\u0103 \u00eent\u00e2lnire, concomitent cu mari manifest\u0103ri artistice, concerte de muzic\u0103 popular\u0103 autentic\u0103, clasic\u0103, Rock \u015fi chiar seri tematice \u00een &#8230; Discoteci.  Iat\u0103 de ce fac un Apel tuturor celor ce au posibilitatea, s\u0103-\u015fi \u201eelibereze\u201d imagina\u0163ia \u015fi s\u0103 se adune  pe domeniile lor specifice, \u0163in\u00e2nd cont de faptul esen\u0163ial, c\u0103 suntem o <strong>For\u0163\u0103 Spiritual\u0103<\/strong>.<\/p>\n<p lang=\"ro-RO\">Detaliile \u00cent\u00e2lnirii se vor cristaliza \u00een timp, \u00een func\u0163ie de VOI. Nu este exclus\u0103 organizarea nu a uneia, ci a mai multor \u00eent\u00e2lniri, \u00een diverse locuri.  Dup\u0103 dou\u0103 zile de la lansarea Evenimentului, deja putem umple un Restaurant, dar nu trebuie s\u0103 r\u0103m\u00e2nem la acest nivel. Chema\u0163i al\u0103turi, pe to\u0163i cei \u201e\u00eentr-un g\u00e2nd cu noi\u201d \u015fi v\u0103 asigur c\u0103 vor veni to\u0163i cei care conteaz\u0103 !  Cei ce nu vor putea participa din motive obiective, pot g\u0103si calea \u201evirtual\u0103\u201dde a transmite adeziunea lor, sau pot delega prieteni pentru a-i reprezenta.<\/p>\n","protected":false},"excerpt":{"rendered":"<p>Manifest al \u201eMi\u015fc\u0103rii DACIA\u201d \u00cencep\u00e2nd cu Evenimentul programat \u00een August, pentru preg\u0103tirea c\u0103ruia avem la dispozi\u0163ie aproape 5 luni, o s\u0103 vorbim despre &#8230; \u201eMi\u015fcarea DACIA\u201d ! Preg\u0103tirea acestei \u00cent\u00e2lniri, trebuie s\u0103 fie minu\u0163ioas\u0103, pentru a \u201enu avea surprize nepl\u0103cute\u201d. Spunem asta, pentru c\u0103 vor fi mul\u0163i aceia ce vor \u201ev\u00e2sli \u00eempotriv\u0103\u201d. Acum este momentul [&hellip;]<\/p>\n","protected":false},"author":2,"featured_media":0,"comment_status":"open","ping_status":"open","sticky":false,"template":"","format":"standard","meta":{"footnotes":""},"categories":[73],"tags":[289,210,114],"jetpack_featured_media_url":"","_links":{"self":[{"href":"https:\/\/bassdu.mine.bz\/index.php?rest_route=\/wp\/v2\/posts\/835"}],"collection":[{"href":"https:\/\/bassdu.mine.bz\/index.php?rest_route=\/wp\/v2\/posts"}],"about":[{"href":"https:\/\/bassdu.mine.bz\/index.php?rest_route=\/wp\/v2\/types\/post"}],"author":[{"embeddable":true,"href":"https:\/\/bassdu.mine.bz\/index.php?rest_route=\/wp\/v2\/users\/2"}],"replies":[{"embeddable":true,"href":"https:\/\/bassdu.mine.bz\/index.php?rest_route=%2Fwp%2Fv2%2Fcomments&post=835"}],"version-history":[{"count":1,"href":"https:\/\/bassdu.mine.bz\/index.php?rest_route=\/wp\/v2\/posts\/835\/revisions"}],"predecessor-version":[{"id":836,"href":"https:\/\/bassdu.mine.bz\/index.php?rest_route=\/wp\/v2\/posts\/835\/revisions\/836"}],"wp:attachment":[{"href":"https:\/\/bassdu.mine.bz\/index.php?rest_route=%2Fwp%2Fv2%2Fmedia&parent=835"}],"wp:term":[{"taxonomy":"category","embeddable":true,"href":"https:\/\/bassdu.mine.bz\/index.php?rest_route=%2Fwp%2Fv2%2Fcategories&post=835"},{"taxonomy":"post_tag","embeddable":true,"href":"https:\/\/bassdu.mine.bz\/index.php?rest_route=%2Fwp%2Fv2%2Ftags&post=835"}],"curies":[{"name":"wp","href":"https:\/\/api.w.org\/{rel}","templated":true}]}}