{"id":838,"date":"2010-04-01T12:12:50","date_gmt":"2010-04-01T11:12:50","guid":{"rendered":"http:\/\/bassdu.mine.nu\/?p=838"},"modified":"2010-04-01T13:25:47","modified_gmt":"2010-04-01T12:25:47","slug":"un-an-de-virtual","status":"publish","type":"post","link":"https:\/\/bassdu.mine.bz\/?p=838","title":{"rendered":"Un an de &#8230; Virtual !"},"content":{"rendered":"<p><!-- \t\t@page { margin: 2cm } \t\tP { margin-bottom: 0.21cm } --><span style=\"font-size: medium;\"><strong>Asumarea Responsabilit\u0103\u0163ii<\/strong><\/span><\/p>\n<p>Zilele acestea se \u00eempline\u015fte un an de c\u00e2nd am hot\u0103r\u00e2t s\u0103 m\u0103 \u201dexpun\u201d \u00een lumea virtual\u0103 \u015fi nu numai, de\u015fi statutul meu actual nu este acela al unei \u201dvictime\u201d, put\u00e2ndu-m\u0103 defini &#8230; \u201drealizat\u201d, dac\u0103 m\u0103 raportez la \u201dimperativele\u201d societ\u0103\u0163ii actuale.<\/p>\n<p>Motivele care m-au determinat la aceast\u0103 \u201dcobor\u00e2re \u00een Aren\u0103\u201d, sunt urm\u0103toarele:<\/p>\n<ol>\n<li> Con\u015ftientizarea faptului c\u0103 \tactualul <strong>model de societate<\/strong>, care s-a instaurat \u015fi \u00een<strong> Spa\u0163iul Mioritic<\/strong> \u015fi pentru care am optat \u015fi eu \u00een anii \t\u00eentuneco\u015fi ai Comunismului, nu este nicidecum superior. Ba mai \tmult, convingerea mea este c\u0103 va avea aceia\u015fi soart\u0103 !<\/li>\n<li><strong> Arogan\u0163a<\/strong> cu care este \ttratat poporul meu, \u00een ciuda faptului c\u0103 suntem \u201dp\u0103rin\u0163ii\u201d \ttuturor europenilor, dac\u0103 \u0163inem cont chiar \u015fi numai de loca\u0163ia \tprimordial\u0103 a indo-europenilor, f\u0103r\u0103 a aminti de contribu\u0163ia \tnoastr\u0103 material\u0103 la prosperitatea marilor capitale ale \tcontinentului, \u00een urma <strong>jafurilor sistematice<\/strong> care continu\u0103 \t\u015fi \u00een ziua de azi, sau de contribu\u0163ia de s\u00e2nge la ap\u0103rarea \t<strong>Occidentului<\/strong>, care a putut astfel s\u0103-\u015fi construiasc\u0103 \tbun\u0103starea de azi.<\/li>\n<li><strong> Pasivitatea intelectualilor<\/strong> din zilele noastre, \u00een fa\u0163a \u201datacurilor\u201d de tot felul la care \teste supus\u0103 <em>Cultura, Istoria, Tradi\u0163iile, Demnitatea Na\u0163ional\u0103 \t\u015fi chiar Teritoriul<\/em>. Ace\u015ftia sunt departe de Spiritul Marelui \t<strong>Eminescu,<\/strong> ce a pl\u0103tit cu via\u0163a \u201dcutezan\u0163a\u201d sa ! Se \tvede c\u0103 \u201dargin\u0163ii\u201d le-au redus la t\u0103cere con\u015ftiin\u0163a !   Cum \tse explic\u0103 altfel, c\u0103 sunt \u201dal\u0163ii\u201d a primi Nobel-uri \u00een \tlocul nostru, a studia (\u015fi<strong> falsifica<\/strong>) propria noastr\u0103 \t<strong>Istorie<\/strong>, a caracteriza drept barbare Tradi\u0163iile unui Mare \tPopor precum cel <strong>GETO-DAC<\/strong> !? Cum pot t\u0103cea \u00een prezen\u0163a \tunei teorii absurde conform c\u0103reia noi suntem <strong>urma\u015fii Romei<\/strong> !?  Cum s\u0103-l sl\u0103vim noi pe <strong>Traian<\/strong>, care <em>a jefuit \u015fi \tucis \u00een Spa\u0163iul Mioritic <\/em>!?<em><strong>Intelectualilor, &#8230; dac\u0103 ceva \teste \u00een neregul\u0103 \u00een Rom\u00e2nia, voi sunte\u0163i principalii vinova\u0163i \t!!!<\/strong><\/em>\n<p><strong>Trezi\u0163i-v\u0103 !!! <\/strong><\/p>\n<p>Uita\u0163i-v\u0103 \u00een jurul vostru \u015fi o s\u0103 \tv\u0103 vede\u0163i copii, nepo\u0163i, care \u00eentr-o zi v\u0103 vor \u00eentreba:<\/p>\n<p>,,,,<em>Cum ai putut s\u0103 spui c\u0103 limba \trom\u00e2n\u0103 s-a format \u00een b\u0103ile romanilor la Herculanum, sau c\u0103 am \tfost latiniza\u0163i \u00een 150 de ani, inclusiv acolo unde nu a c\u0103lcat \tpicior de roman, c\u00e2nd al\u0163ii au stat sub ocupa\u0163ie 4,5,6,700 de ani \t\u015fi nu s-a \u00eent\u00e2mplat \u201dminunea\u201d ? Cum ai putut s\u0103 taci, c\u00e2nd \tunii sus\u0163ineau eliminarea fizic\u0103 a unui popor  , (din nou) \tinclusiv acolo unde nici nu au pus piciorul (\u015fi asta nu pentru c\u0103 \tnu ar fi vrut !)<\/em> ? ,,,,<\/li>\n<li> Convingerea mea c\u0103 dup\u0103 2000 de \tani de suferin\u0163e, <strong>Focul lui Zamolxe <\/strong>se va a\u0163\u00e2\u0163a din nou \t\u00een <strong>DACIA<\/strong>, sub suflarea v\u00e2ntului de <strong>Criz\u0103<\/strong> ce b\u00e2ntuie \tbezmetic. Trebuie s\u0103 ne \u00eentoarcem la <strong>Adev\u0103ratele Valori<\/strong> \u015fi \tla respectul pentru <strong>Mama Natur\u0103<\/strong>, dac\u0103 vrem s\u0103 asigur\u0103m \turma\u015filor no\u015ftri un &#8230;  <strong>Viitor<\/strong> !<\/li>\n<\/ol>\n<p>Astfel, am deschis un <strong>blog<\/strong>, apoi am apelat la  <strong>Facebook<\/strong>, pentru a str\u00e2nge laolalt\u0103 pe cei cu acelea\u015fi \u0163eluri \u015fi pentru a &#8230; convinge \u015fi pe al\u0163ii. A\u015fa dup\u0103 cum am mai spus, eu nu sunt un lider, ci unul care a pus <strong>cap la cap<\/strong>, diversele opinii \u015fi idei \u00eempr\u0103\u015ftiate pe unde am \u201dnavigat\u201d, urm\u00e2nd s\u0103 \u201dm\u0103 dau la o parte\u201d, pentru a face loc <strong>TINERILOR<\/strong>, pentru c\u0103 la o <em>Mi\u015fcare t\u00e2n\u0103r\u0103<\/em>, liderii trebuie s\u0103 fie pe m\u0103sur\u0103 !<\/p>\n<p>Din nefericire, <em>demersul meu nu are un mare succes<\/em>, datorit\u0103 limitelor spa\u0163iului mediatic pe care \u00eel am la dispozi\u0163ie, dar mai ales pasivit\u0103\u0163ii celor ce au acces la acesta.  Sunt <strong>pu\u0163ini<\/strong> cei ce-\u015fi dau seama de <strong>gravitatea situa\u0163ie<\/strong>i \u015fi de necesitatea de <strong>a converge<\/strong> pentru a trece la &#8230; <strong>FAPTE<\/strong>, prefer\u00e2nd s\u0103 &#8230; <strong>CONTEMPLEZE<\/strong>, sau \u015fi mai r\u0103u, s\u0103 se piard\u0103 \u00een <strong>FRIVOLIT\u0102\u0162I<\/strong>, a\u015fa cum \u00eei place &#8230; <strong>SISTEMULUI<\/strong> ! Al\u0163ii sunt at\u00e2t de <strong>indoctrina\u0163i<\/strong>, c\u0103 ar vrea <em>s\u0103 bat\u0103<\/em> numai <strong>strada lor<\/strong>, f\u0103r\u0103 s\u0103 priceap\u0103 nimic din <strong>Lec\u0163iile Istoriei<\/strong>.<\/p>\n<p><strong>Cine nu \u00een\u0163elege c\u0103 trebuie s\u0103 plec\u0103m de la realitatea contemporan\u0103 \u015fi s\u0103 ac\u0163ion\u0103m pe alte baze, &#8230; mai bine s\u0103 apese pe butonul de ie\u015fire din \u201dMi\u015fcarea Virtual\u0103 DACIA\u201d !!!<\/strong><\/p>\n<p>Cu toate astea, voi continua \u201d<strong>s\u0103 m\u0103 bat cu morile de v\u00e2nt<\/strong>\u201d, pentru a realiza <strong>Int\u00e2lnirea Preliminar\u0103<\/strong> din var\u0103, c\u00e2nd \u201d<strong>vom trage linie \u015fi vom aduna<\/strong>\u201d !<\/p>\n<p><strong>Eu sunt un optimist ! &#8230; Voi ?<\/strong><\/p>\n","protected":false},"excerpt":{"rendered":"<p>Asumarea Responsabilit\u0103\u0163ii Zilele acestea se \u00eempline\u015fte un an de c\u00e2nd am hot\u0103r\u00e2t s\u0103 m\u0103 \u201dexpun\u201d \u00een lumea virtual\u0103 \u015fi nu numai, de\u015fi statutul meu actual nu este acela al unei \u201dvictime\u201d, put\u00e2ndu-m\u0103 defini &#8230; \u201drealizat\u201d, dac\u0103 m\u0103 raportez la \u201dimperativele\u201d societ\u0103\u0163ii actuale. Motivele care m-au determinat la aceast\u0103 \u201dcobor\u00e2re \u00een Aren\u0103\u201d, sunt urm\u0103toarele: Con\u015ftientizarea faptului [&hellip;]<\/p>\n","protected":false},"author":2,"featured_media":0,"comment_status":"open","ping_status":"open","sticky":false,"template":"","format":"standard","meta":{"footnotes":""},"categories":[73],"tags":[45,114],"jetpack_featured_media_url":"","_links":{"self":[{"href":"https:\/\/bassdu.mine.bz\/index.php?rest_route=\/wp\/v2\/posts\/838"}],"collection":[{"href":"https:\/\/bassdu.mine.bz\/index.php?rest_route=\/wp\/v2\/posts"}],"about":[{"href":"https:\/\/bassdu.mine.bz\/index.php?rest_route=\/wp\/v2\/types\/post"}],"author":[{"embeddable":true,"href":"https:\/\/bassdu.mine.bz\/index.php?rest_route=\/wp\/v2\/users\/2"}],"replies":[{"embeddable":true,"href":"https:\/\/bassdu.mine.bz\/index.php?rest_route=%2Fwp%2Fv2%2Fcomments&post=838"}],"version-history":[{"count":3,"href":"https:\/\/bassdu.mine.bz\/index.php?rest_route=\/wp\/v2\/posts\/838\/revisions"}],"predecessor-version":[{"id":840,"href":"https:\/\/bassdu.mine.bz\/index.php?rest_route=\/wp\/v2\/posts\/838\/revisions\/840"}],"wp:attachment":[{"href":"https:\/\/bassdu.mine.bz\/index.php?rest_route=%2Fwp%2Fv2%2Fmedia&parent=838"}],"wp:term":[{"taxonomy":"category","embeddable":true,"href":"https:\/\/bassdu.mine.bz\/index.php?rest_route=%2Fwp%2Fv2%2Fcategories&post=838"},{"taxonomy":"post_tag","embeddable":true,"href":"https:\/\/bassdu.mine.bz\/index.php?rest_route=%2Fwp%2Fv2%2Ftags&post=838"}],"curies":[{"name":"wp","href":"https:\/\/api.w.org\/{rel}","templated":true}]}}