{"id":854,"date":"2010-04-04T21:49:40","date_gmt":"2010-04-04T20:49:40","guid":{"rendered":"http:\/\/bassdu.mine.nu\/?p=854"},"modified":"2010-04-04T21:49:40","modified_gmt":"2010-04-04T20:49:40","slug":"romani-din-afara-tarii","status":"publish","type":"post","link":"https:\/\/bassdu.mine.bz\/?p=854","title":{"rendered":"Rom\u00e2ni din afara \u0163\u0103rii"},"content":{"rendered":"<p><strong>Migratori &#8230; \u015fi nu numai<\/strong><\/p>\n<p>Cu to\u0163ii am asistat la <strong>polemica<\/strong> suscitat\u0103 de influen\u0163a hot\u0103r\u00e2toare a votului <strong>Diasporei<\/strong>, \u00een alegerea actualului Pre\u015fedinte. \u015ei eu m-am prins \u00een aceast\u0103 \u201dhor\u0103\u201d, <em>condamn\u00e2nd alian\u0163e nefire\u015fti, modalit\u0103\u0163i ne-ortodoxe de manipulare a opiniei publice, dar mai ales \u00eencercarea de a elimina din lupta politic\u0103, Diaspora \u015fi pe rom\u00e2nii afla\u0163i \u00een urma jocurilor geopolitice, \u00een afara grani\u0163elor Patriei<\/em>. Am f\u0103cut-o, nu pentru c\u0103 eram fan al cuiva, pentru c\u0103 eu <strong>condamn aproape \u00eentreaga clas\u0103 politic\u0103<\/strong>, pentru starea jalnic\u0103 \u00een care se reg\u0103se\u015fte <strong>Patria<\/strong>. Acesta este \u015fi motivul pentru care militez pentru o <em>nou\u0103 forma\u0163iune politic\u0103<\/em> ! Nu \u00eent\u00e2mpl\u0103tor, o mare parte din aderen\u0163ii \u201d<strong>Mi\u015fc\u0103rii Virtuale DACIA<\/strong>\u201d, sunt \u00een aceast\u0103 postur\u0103.<\/p>\n<p>Este adev\u0103rat c\u0103 <strong>mul\u0163i migran\u0163i s-au integrat,<\/strong> <em>de voie sau de nevoie<\/em>, pe noi meleaguri, t\u0103ind treptat leg\u0103turile cu <strong>Patria Mam\u0103<\/strong>, dar ace\u015ftia &#8230; <strong>nu au votat<\/strong> ! <em>Au votat \u00een schimb, aceia c\u0103rora li se prelinge o lacrim\u0103 pe obraz, atunci c\u00e2nd trec vama ! \u015ei asta, pentru c\u0103 sunt pe cale s\u0103 \u00eembr\u0103\u0163i\u015feze rude \u015fi prieteni, s\u0103 treac\u0103 pe la mormintele \u00eenainta\u015filor, s\u0103 revad\u0103 meleagurile copil\u0103riei, s\u0103 se amestece cu cei de acelea\u015fi tradi\u0163ii \u015fi credin\u0163\u0103, dar s\u0103 vad\u0103 \u015fi starea jalnic\u0103 a Patriei, \u00een compara\u0163ie cu bun\u0103starea pe care o las\u0103 \u00een urm\u0103.<\/em> Mul\u0163i ar putea s\u0103-\u015fi petreac\u0103 zilele de concediu, pe meleaguri mirobolante, dar prefer\u0103 aceast\u0103 <strong>\u00centoarcere <\/strong>!<\/p>\n<p>Mai sunt \u015fi cei pe care <strong>Istoria<\/strong> <em>i-a separat de fra\u0163ii lor<\/em>, trebuind s\u0103 lupte pentru men\u0163inerea <strong>identit\u0103\u0163ii<\/strong>, \u00eempotriva unor <strong>politici de dezna\u0163ionalizare<\/strong>, pe care noi rom\u00e2nii nu am fost in stare s\u0103 o concepem.  Pu\u0163ini sunt sensibili la eforturile <strong>moldovenilor, vlasilor, arom\u00e2nilor,  istrorom\u00e2n, etc<\/strong>., de a-\u015fi men\u0163ine <strong>identitatea<\/strong>. Cei ce \u00eencearc\u0103 s\u0103-i fac\u0103 s\u0103 uite de unde vin, nu au priceput \u00een secole, <strong>for\u0163a acestui Neam,<\/strong> care, \u00een conformitate cu o lege a Naturii, r\u0103spunde cu o for\u0163\u0103 de <span style=\"text-decoration: underline;\">reac\u0163iune<\/span> , egal\u0103 \u015fi de sens contrar, la aceste <span style=\"text-decoration: underline;\">ac\u0163iuni.<\/span><\/p>\n<p><strong>To\u0163i ace\u015ftia, merit\u0103 respectul \u015fi dreptul de a decide Viitorul, \u00een m\u0103sura \u00een care sunt dispu\u015fi s\u0103 o fac\u0103 !<\/strong><\/p>\n<p>De aceea cred c\u0103 ar fi bine , ca cei ce vor s\u0103 se implice, s\u0103 cear\u0103 acest lucru explicit \u015fi s\u0103-\u015fi poat\u0103 exercita acest <strong>Drept.<\/strong> Vor fi \u015fi aceia care nu au inten\u0163ia de <strong>a participa<\/strong>, &#8230;<span style=\"text-decoration: underline;\"> a\u015fa cum sunt \u015fi \u00een Tar\u0103<\/span>, dar aceast\u0103 alegere nu le va face <strong>Onoare<\/strong> !  <em>Oricum, sunt o categorie de care &#8230; nu avem nevoie ! <\/em> Poate cu timpul \u015fi ei vor \u00een\u0163elege c\u0103 solu\u0163ia schimb\u0103rii, nu este aceea de a \u201d<em>da cu Huo<\/em>\u201d.<\/p>\n<p>\u201d<strong>Mi\u015fcarea Virtual\u0103 DACIA\u201d <\/strong>trebuie s\u0103 militeze, inclusiv pentru \u00eentoarcerea definitiv\u0103 a tuturor celor ce inten\u0163ioneaz\u0103 s\u0103 pun\u0103 um\u0103rul la <strong>Prop\u0103\u015firea Neamului<\/strong>, mai ales c\u0103 sunt oameni cu <strong>experien\u0163e<\/strong> ce se pot dovedi importante acestui scop !<\/p>\n","protected":false},"excerpt":{"rendered":"<p>Migratori &#8230; \u015fi nu numai Cu to\u0163ii am asistat la polemica suscitat\u0103 de influen\u0163a hot\u0103r\u00e2toare a votului Diasporei, \u00een alegerea actualului Pre\u015fedinte. \u015ei eu m-am prins \u00een aceast\u0103 \u201dhor\u0103\u201d, condamn\u00e2nd alian\u0163e nefire\u015fti, modalit\u0103\u0163i ne-ortodoxe de manipulare a opiniei publice, dar mai ales \u00eencercarea de a elimina din lupta politic\u0103, Diaspora \u015fi pe rom\u00e2nii afla\u0163i \u00een [&hellip;]<\/p>\n","protected":false},"author":2,"featured_media":0,"comment_status":"open","ping_status":"open","sticky":false,"template":"","format":"standard","meta":{"footnotes":""},"categories":[73],"tags":[182,1581,293,114,292,19,204],"jetpack_featured_media_url":"","_links":{"self":[{"href":"https:\/\/bassdu.mine.bz\/index.php?rest_route=\/wp\/v2\/posts\/854"}],"collection":[{"href":"https:\/\/bassdu.mine.bz\/index.php?rest_route=\/wp\/v2\/posts"}],"about":[{"href":"https:\/\/bassdu.mine.bz\/index.php?rest_route=\/wp\/v2\/types\/post"}],"author":[{"embeddable":true,"href":"https:\/\/bassdu.mine.bz\/index.php?rest_route=\/wp\/v2\/users\/2"}],"replies":[{"embeddable":true,"href":"https:\/\/bassdu.mine.bz\/index.php?rest_route=%2Fwp%2Fv2%2Fcomments&post=854"}],"version-history":[{"count":1,"href":"https:\/\/bassdu.mine.bz\/index.php?rest_route=\/wp\/v2\/posts\/854\/revisions"}],"predecessor-version":[{"id":855,"href":"https:\/\/bassdu.mine.bz\/index.php?rest_route=\/wp\/v2\/posts\/854\/revisions\/855"}],"wp:attachment":[{"href":"https:\/\/bassdu.mine.bz\/index.php?rest_route=%2Fwp%2Fv2%2Fmedia&parent=854"}],"wp:term":[{"taxonomy":"category","embeddable":true,"href":"https:\/\/bassdu.mine.bz\/index.php?rest_route=%2Fwp%2Fv2%2Fcategories&post=854"},{"taxonomy":"post_tag","embeddable":true,"href":"https:\/\/bassdu.mine.bz\/index.php?rest_route=%2Fwp%2Fv2%2Ftags&post=854"}],"curies":[{"name":"wp","href":"https:\/\/api.w.org\/{rel}","templated":true}]}}