{"id":858,"date":"2010-04-16T16:31:09","date_gmt":"2010-04-16T15:31:09","guid":{"rendered":"http:\/\/bassdu.mine.nu\/?p=858"},"modified":"2010-04-19T17:53:51","modified_gmt":"2010-04-19T16:53:51","slug":"16-aprilie-2010-la-roma-imperiala","status":"publish","type":"post","link":"https:\/\/bassdu.mine.bz\/?p=858","title":{"rendered":"16 Aprilie 2010 la Roma Imperial\u0103"},"content":{"rendered":"<p style=\"text-align: center;\"><strong>SIMBOLURI DRAGI NOU\u0102<\/strong><\/p>\n<p style=\"text-align: center;\">Columna lui Traian, pe bazamentul c\u0103reia se pot vedea \u015fi azi armele, armurile \u015fi steagurile str\u0103mo\u015filor no\u015ftri, care se pare c\u0103 nu erau a\u015fa barbari, cum ni se \u201dbag\u0103 \u00een cap\u201d !!! <a href=\"http:\/\/bassdu.mine.nu\/images\/2010\/04\/SNC00020.jpg\"><img loading=\"lazy\" decoding=\"async\" class=\"aligncenter size-medium wp-image-861\" title=\"SNC00020\" src=\"http:\/\/bassdu.mine.nu\/images\/2010\/04\/SNC00020-300x225.jpg\" alt=\"\" width=\"400\" height=\"300\" srcset=\"https:\/\/bassdu.mine.bz\/images\/2010\/04\/SNC00020-300x225.jpg 300w, https:\/\/bassdu.mine.bz\/images\/2010\/04\/SNC00020-1024x768.jpg 1024w\" sizes=\"(max-width: 400px) 100vw, 400px\" \/><\/a><\/p>\n<p style=\"text-align: left;\">Arcul lui Constantin, primul \u00cemp\u0103rat cre\u015ftin \u015fi (al\u0103turi de al\u0163ii) de origine &#8230; dacic\u0103 !<\/p>\n<p style=\"text-align: center;\"><a href=\"http:\/\/bassdu.mine.nu\/images\/2010\/04\/SNC000301.jpg\"><img loading=\"lazy\" decoding=\"async\" class=\"aligncenter size-medium wp-image-864\" title=\"SNC00030\" src=\"http:\/\/bassdu.mine.nu\/images\/2010\/04\/SNC000301-300x225.jpg\" alt=\"\" width=\"400\" height=\"300\" srcset=\"https:\/\/bassdu.mine.bz\/images\/2010\/04\/SNC000301-300x225.jpg 300w, https:\/\/bassdu.mine.bz\/images\/2010\/04\/SNC000301-1024x768.jpg 1024w\" sizes=\"(max-width: 400px) 100vw, 400px\" \/><\/a><\/p>\n<p style=\"text-align: left;\">De remarcat cele 8 statui de &#8230; daci ce str\u0103juiesc Arcul, precum \u015fi alte efigii ale str\u0103mo\u015filor no\u015ftri !<\/p>\n<p style=\"text-align: left;\">Se b\u0103nuie\u015fte c\u0103 \u201dblestemul lui Decebal\u201d, l-a materializat Constantin, dup\u0103 \u00eencercarea altui \u00eemp\u0103rat dac, pe nume Regalian<\/p>\n<p style=\"text-align: left;\">Bine\u00een\u0163eles c\u0103 aceste informa\u0163ii, &#8230; nu le avem de la istoricii no\u015ftri, sau din actualele manuale de Istorie, de\u015fi al\u0163ii, precum Eminescu, \u015ftiau ei ce \u015ftiau !<\/p>\n","protected":false},"excerpt":{"rendered":"<p>SIMBOLURI DRAGI NOU\u0102 Columna lui Traian, pe bazamentul c\u0103reia se pot vedea \u015fi azi armele, armurile \u015fi steagurile str\u0103mo\u015filor no\u015ftri, care se pare c\u0103 nu erau a\u015fa barbari, cum ni se \u201dbag\u0103 \u00een cap\u201d !!! Arcul lui Constantin, primul \u00cemp\u0103rat cre\u015ftin \u015fi (al\u0103turi de al\u0163ii) de origine &#8230; dacic\u0103 ! De remarcat cele 8 statui [&hellip;]<\/p>\n","protected":false},"author":2,"featured_media":0,"comment_status":"open","ping_status":"open","sticky":false,"template":"","format":"standard","meta":{"footnotes":""},"categories":[3],"tags":[284,128,45,1582,297],"jetpack_featured_media_url":"","_links":{"self":[{"href":"https:\/\/bassdu.mine.bz\/index.php?rest_route=\/wp\/v2\/posts\/858"}],"collection":[{"href":"https:\/\/bassdu.mine.bz\/index.php?rest_route=\/wp\/v2\/posts"}],"about":[{"href":"https:\/\/bassdu.mine.bz\/index.php?rest_route=\/wp\/v2\/types\/post"}],"author":[{"embeddable":true,"href":"https:\/\/bassdu.mine.bz\/index.php?rest_route=\/wp\/v2\/users\/2"}],"replies":[{"embeddable":true,"href":"https:\/\/bassdu.mine.bz\/index.php?rest_route=%2Fwp%2Fv2%2Fcomments&post=858"}],"version-history":[{"count":3,"href":"https:\/\/bassdu.mine.bz\/index.php?rest_route=\/wp\/v2\/posts\/858\/revisions"}],"predecessor-version":[{"id":899,"href":"https:\/\/bassdu.mine.bz\/index.php?rest_route=\/wp\/v2\/posts\/858\/revisions\/899"}],"wp:attachment":[{"href":"https:\/\/bassdu.mine.bz\/index.php?rest_route=%2Fwp%2Fv2%2Fmedia&parent=858"}],"wp:term":[{"taxonomy":"category","embeddable":true,"href":"https:\/\/bassdu.mine.bz\/index.php?rest_route=%2Fwp%2Fv2%2Fcategories&post=858"},{"taxonomy":"post_tag","embeddable":true,"href":"https:\/\/bassdu.mine.bz\/index.php?rest_route=%2Fwp%2Fv2%2Ftags&post=858"}],"curies":[{"name":"wp","href":"https:\/\/api.w.org\/{rel}","templated":true}]}}