{"id":921,"date":"2010-04-24T20:20:49","date_gmt":"2010-04-24T19:20:49","guid":{"rendered":"http:\/\/bassdu.mine.nu\/?p=921"},"modified":"2010-04-24T21:59:28","modified_gmt":"2010-04-24T20:59:28","slug":"%e2%80%9dterra-dacica-aeterna%e2%80%9d","status":"publish","type":"post","link":"https:\/\/bassdu.mine.bz\/?p=921","title":{"rendered":"\u201dTerra Dacica Aeterna\u201d"},"content":{"rendered":"<p><!-- \t\t@page { margin: 2cm } \t\tP { margin-bottom: 0.21cm } -->\u201d<span style=\"font-size: medium;\"><strong>Terra Dacica Aeterna\u201d<\/strong><\/span><\/p>\n<p>Cu ocazia <strong>Festivalului de Reenactment \u201dNATALE DI ROMA\u201d<\/strong>, am avut pl\u0103cuta ocazie s\u0103 cunosc un grup de <strong>sufleti\u015fti<\/strong> evocatori ai trecutului glorios al Neamului. Ceea ce m-a bucurat nespus, a fost nu numai <em>Evocarea<\/em>, dar \u015fi <em>Cunoa\u015fterea<\/em> acestui <strong> Glorios Trecut<\/strong>, de c\u0103tre clujenii de la <strong>\u201dTerra Dacica Aeterna\u201d<\/strong>.<\/p>\n<p style=\"text-align: center;\"><object classid=\"clsid:d27cdb6e-ae6d-11cf-96b8-444553540000\" width=\"425\" height=\"350\" codebase=\"http:\/\/download.macromedia.com\/pub\/shockwave\/cabs\/flash\/swflash.cab#version=6,0,40,0\"><param name=\"src\" value=\"http:\/\/www.youtube.com\/v\/DCG8DJLy8Hw\" \/><\/object><\/p>\n<p style=\"text-align: center;\"><span style=\"text-decoration: underline;\"><strong>Onorul dacilor la Arcul de Triumf al\u00a0 \u00eenainta\u0219ului lor CONSTANTIN<\/strong><\/span><\/p>\n<p>Nu o s\u0103 fac nume, dar v\u0103 garantez c\u0103 sunt to\u0163i de <em>mare valoare<\/em>, din toate <em>punctele de vedere<\/em> !<\/p>\n<p>Ceea ce m\u0103 deranjeaz\u0103 ins\u0103, este <strong>dezinteresul Autorit\u0103\u0163ilor<\/strong> pentru acest tip de reprezentare, ace\u015fti <strong>ADEV\u0102RA\u0162I AMBASADORI,<\/strong> neav\u00e2nd nici un sprijin, suport\u00e2nd din <em>propriile buzunare<\/em> cheltuielile inerente acestei activit\u0103\u0163i ! Consider c\u0103 ceea ce fac ei pentru \u0162ar\u0103, este mult mai important dec\u00e2t (de exemplu) ceea ce (nu) fac diverse <em>Asocia\u0163ii a\u015fa-zis Culturale<\/em> din peninsul\u0103.  Din c\u00e2te am \u00een\u0163eles, reprezentarea cultural\u0103 a Patriei, este l\u0103sat\u0103 pe m\u00e2na unor <em>culturnici<\/em> care deseori, nu au absolvit nici Liceul !?  Ba se mai \u015fi ceart\u0103 \u00eentre ei \u015fi se \u00eemproa\u015fc\u0103 cu noroi, alter\u00e2nd \u015fi mai mult <strong>imaginea deja \u201d\u015fifonat\u0103\u201d a rom\u00e2nilor din Italia <\/strong>! Personal am trimis invita\u0163ii de participare la acest <em>Eveniment<\/em>, tuturor <em>Asocia\u0163iilor din Roma<\/em>, la care nu au r\u0103spuns dec\u00e2t \u201d<strong>Dacia Felix\u201d<\/strong> a d-lui <em>Coman<\/em>, prin persoana sa \u015fi (pl\u0103cut\u0103 surpriz\u0103!) <strong>Partidul Identitatea Rom\u00e2neasc\u0103<\/strong>, cu o important\u0103 reprezentan\u0163\u0103, \u00een frunte cu Secretarul s\u0103u general, d-l <em>Munteanu<\/em>.<\/p>\n<div id=\"attachment_922\" style=\"width: 310px\" class=\"wp-caption aligncenter\"><a href=\"http:\/\/bassdu.mine.nu\/images\/2010\/04\/23626_1267794703377_1485097901_637079_459359_n.jpg\"><img loading=\"lazy\" decoding=\"async\" aria-describedby=\"caption-attachment-922\" class=\"size-medium wp-image-922\" title=\"prieteni ... daci\" src=\"http:\/\/bassdu.mine.nu\/images\/2010\/04\/23626_1267794703377_1485097901_637079_459359_n-300x199.jpg\" alt=\"\" width=\"300\" height=\"199\" srcset=\"https:\/\/bassdu.mine.bz\/images\/2010\/04\/23626_1267794703377_1485097901_637079_459359_n-300x199.jpg 300w, https:\/\/bassdu.mine.bz\/images\/2010\/04\/23626_1267794703377_1485097901_637079_459359_n.jpg 639w\" sizes=\"(max-width: 300px) 100vw, 300px\" \/><\/a><p id=\"caption-attachment-922\" class=\"wp-caption-text\">schimb de opinii \u00een Circus Maximus<\/p><\/div>\n<p>Mai mult succes am avut cu jurnali\u015ftii, care s-au interesat de <strong>Eveniment<\/strong> (<em>ar fi fost culmea s\u0103 nu o fac\u0103!<\/em>). Au prezentat manifestarea \u00a0 jurnalistele<strong> Miruna C\u00e2jv\u0103neanu<\/strong> de la <em>Hotnews \u015fi Gazeta Rom\u00e2neasc\u0103<\/em>, <strong>Iulia Maximinian<\/strong> de la <em>Adev\u0103rul<\/em>, <strong>Marius Fr\u0103\u0163il\u0103<\/strong> de la <em>Agerpres<\/em> \u015fi<strong> Elena Postelnicu<\/strong> de la<em> Radio Rom\u00e2nia Actualit\u0103\u0163i.<\/em><\/p>\n<p>Iat\u0103 de ce propun guvernan\u0163ilor s\u0103 \u00eenceteze finan\u021barea miriadei de<em> Asocia\u0163ii<\/em> \u015fi s\u0103 accepte o <strong>REPREZENTARE UNIC\u0102, deci O SINGUR\u0102 ASOCIA\u0162IE A ROM\u00c2NILOR DIN DIASPORA,<\/strong> care s\u0103 aib\u0103 responsabilitatea ap\u0103r\u0103rii <em>intereselor<\/em> cona\u0163ionalilor din Italia, precum \u015fi promovarea ac\u0163iunilor de \u00eembun\u0103t\u0103\u0163ire a i<em>maginii rom\u00e2nilor \u015fi Rom\u00e2niei<\/em>.<\/p>\n<p>\u00cen leg\u0103tur\u0103 cu Evenimentul de la Roma, \u0163in s\u0103 precizez c\u0103 am participat<strong> \u00een privat<\/strong> \u015fi am invitat to\u0163i prietenii mei de pe Facebook, <strong>f\u0103r\u0103 s\u0103 politizez<\/strong>, deoarece <strong>\u201dTerra Dacica Aeterna<\/strong>\u201d se ocup\u0103 de <strong>Reenactment,<\/strong> iar <strong>\u201dMi\u015fcarea Virtual\u0103 DACIA\u201d<\/strong> de &#8230; <strong>politic\u0103<\/strong>.<\/p>\n<p><em>Fotografiile \u015fi film\u0103rile au fost realizate de mine, pot fi vizionate inclusiv pe <strong>canalul youtube al \u201dMi\u015fc\u0103rii Virtuale DACIA\u201d<\/strong> \u015fi pot fi utilizate liber de to\u0163i cei interesa\u0163i.<\/em><\/p>\n<p style=\"text-align: center;\"><object classid=\"clsid:d27cdb6e-ae6d-11cf-96b8-444553540000\" width=\"425\" height=\"350\" codebase=\"http:\/\/download.macromedia.com\/pub\/shockwave\/cabs\/flash\/swflash.cab#version=6,0,40,0\"><param name=\"src\" value=\"http:\/\/www.youtube.com\/v\/38LnYlNAWN0\" \/><\/object><\/p>\n<p style=\"text-align: center;\"><span style=\"text-decoration: underline;\"><strong>Onorul la Columna lui Traian<\/strong><\/span><\/p>\n<p>Tot \u00een calitate de privat, apelez la to\u0163i prietenii mei \u00een stare s\u0103 \u201d<strong>dea o m\u00e2n\u0103 de ajutor<\/strong>\u201d, s\u0103 o fac\u0103, sponsoriz\u00e2nd ace\u015fti <strong>AMBASADORI<\/strong>.<\/p>\n<p><strong>Acela\u015fi apel \u00eel fac \u015fi Autorit\u0103\u0163ilor rom\u00e2ne\u015fti !!!<\/strong><\/p>\n","protected":false},"excerpt":{"rendered":"<p>\u201dTerra Dacica Aeterna\u201d Cu ocazia Festivalului de Reenactment \u201dNATALE DI ROMA\u201d, am avut pl\u0103cuta ocazie s\u0103 cunosc un grup de sufleti\u015fti evocatori ai trecutului glorios al Neamului. Ceea ce m-a bucurat nespus, a fost nu numai Evocarea, dar \u015fi Cunoa\u015fterea acestui Glorios Trecut, de c\u0103tre clujenii de la \u201dTerra Dacica Aeterna\u201d. Onorul dacilor la Arcul [&hellip;]<\/p>\n","protected":false},"author":2,"featured_media":0,"comment_status":"open","ping_status":"open","sticky":false,"template":"","format":"standard","meta":{"footnotes":""},"categories":[3],"tags":[305,301,308,309,307,284,128,167,43,297],"jetpack_featured_media_url":"","_links":{"self":[{"href":"https:\/\/bassdu.mine.bz\/index.php?rest_route=\/wp\/v2\/posts\/921"}],"collection":[{"href":"https:\/\/bassdu.mine.bz\/index.php?rest_route=\/wp\/v2\/posts"}],"about":[{"href":"https:\/\/bassdu.mine.bz\/index.php?rest_route=\/wp\/v2\/types\/post"}],"author":[{"embeddable":true,"href":"https:\/\/bassdu.mine.bz\/index.php?rest_route=\/wp\/v2\/users\/2"}],"replies":[{"embeddable":true,"href":"https:\/\/bassdu.mine.bz\/index.php?rest_route=%2Fwp%2Fv2%2Fcomments&post=921"}],"version-history":[{"count":9,"href":"https:\/\/bassdu.mine.bz\/index.php?rest_route=\/wp\/v2\/posts\/921\/revisions"}],"predecessor-version":[{"id":926,"href":"https:\/\/bassdu.mine.bz\/index.php?rest_route=\/wp\/v2\/posts\/921\/revisions\/926"}],"wp:attachment":[{"href":"https:\/\/bassdu.mine.bz\/index.php?rest_route=%2Fwp%2Fv2%2Fmedia&parent=921"}],"wp:term":[{"taxonomy":"category","embeddable":true,"href":"https:\/\/bassdu.mine.bz\/index.php?rest_route=%2Fwp%2Fv2%2Fcategories&post=921"},{"taxonomy":"post_tag","embeddable":true,"href":"https:\/\/bassdu.mine.bz\/index.php?rest_route=%2Fwp%2Fv2%2Ftags&post=921"}],"curies":[{"name":"wp","href":"https:\/\/api.w.org\/{rel}","templated":true}]}}