{"id":932,"date":"2010-04-25T01:10:30","date_gmt":"2010-04-25T00:10:30","guid":{"rendered":"http:\/\/bassdu.mine.nu\/?p=932"},"modified":"2013-02-05T22:38:03","modified_gmt":"2013-02-05T21:38:03","slug":"columna-lui-traian","status":"publish","type":"post","link":"https:\/\/bassdu.mine.bz\/?p=932","title":{"rendered":"Columna lui Traian"},"content":{"rendered":"<p><!-- \t\t@page { margin: 2cm } \t\tP { margin-bottom: 0.21cm } --><span style=\"text-decoration: underline;\"><strong>Columna lui Traian<\/strong><\/span><\/p>\n<p><em>Poate nu sunt eu normal<\/em>, dar cu ocazia vizitelor la Roma, primul drum \u00eel fac la <strong>Forul Imperial<\/strong>, unde fac un lung popas pe pietrele din fa\u0163a <strong>Columnei lui Traian<\/strong>, dup\u0103 care m\u0103 \u201d<em>r\u0103coresc<\/em>\u201d sub <strong>Arcul lui Constantin.<\/strong><\/p>\n<p><em>Poate nu sunt eu normal<\/em>, dar mie <strong>\u00een preajma Columnei, mi se umezesc ochii,<\/strong> v\u0103z\u00e2nd capetele dacilor \u00een m\u00e2inile romanilor.<\/p>\n<p><em>Poate nu sunt eu normal<\/em>, dar nu v\u0103d altceva, dec\u00e2t <strong>o Mare Tragedie a str\u0103mo\u015filor no\u015ftri<\/strong>, sculptat\u0103 \u00een <em>marmura rece<\/em> a unei <strong>Columne<\/strong>, <em>ridicate pe cheltuiala victimelor<\/em> !?<\/p>\n<p><em>Poate nu sunt eu normal<\/em>, dar mi se pare ciudat c\u0103 <strong>dacii <\/strong>nu au un <strong>Monument al Holocaustului<\/strong> (de dat\u0103 ce se sus\u0163ine aceast\u0103 teorie \u00een \u201dlumea bun\u0103\u201d) \u015fi \u00een &#8230; <strong>DACIA<\/strong>, iar in fa\u0163a celui de la <strong>Roma<\/strong>, &#8230; <em>ne m\u00e2ndrim !?!?<\/em><\/p>\n<p><strong>Chiar a\u015fa de fraieri s\u0103 fim noi, s\u0103-i credem pe al\u0163ii c\u0103 am fi &#8230; urma\u015fii lor ?<\/strong><\/p>\n<p>Norocul meu cu <strong>Arcul de Triumf al dacului Constantin<\/strong>, care \u00eemi \u201d<em>ridic\u0103 moralul<\/em>\u201d !<\/p>\n<p>Eu a\u015f avea o propunere de f\u0103cut <em>\u00eenal\u0163ilor prela\u0163i<\/em> ai <strong>Bisericii Ortodoxe<\/strong> \u015fi anume aceea de a oficia o <strong>Slujb\u0103 de Pomenire<\/strong> pentru ace\u015fti <strong>Martiri ai Neamului<\/strong> ! Sper ca ei s\u0103 aib\u0103 permisiunea de a face acest lucru \u015fi s\u0103 nu p\u0103\u0163easc\u0103 precum dacii \u015fi romanii de la \u201d<strong>Terra Dacica Aeterna<\/strong>\u201d, care au trebuit s\u0103 vad\u0103 <strong>Columna<\/strong> din afara \u201d<strong>\u0163arcului<\/strong>\u201d, nefiind pe lista nominal\u0103 de acces la monument. La insisten\u0163ele mele, \u201dport\u0103ri\u0163a\u201d a telefonat \u201dIntendentului\u201d (cine o fi ?), care a refuzat accesul <strong>dacilor<\/strong>. Men\u0163ionez c\u0103 zona <strong>Forului Imperial<\/strong> era invadat\u0103 de <em>turi\u015fti<\/em>, care se repezeau care mai de care, <em>s\u0103 fac\u0103 poze cu &#8230;dacii ! <\/em>Imagina\u0163i-v\u0103 c\u00e2\u0163i ar fi dorit s\u0103 asiste la un astfel de eveniment. La un moment dat, s-a al\u0103turat \u00een sprijinul nostru \u015fi un <em>profesor de Istorie italian<\/em>, dar tot f\u0103r\u0103 rezultat !?<\/p>\n<p><a href=\"http:\/\/bassdu.mine.nu\/images\/2010\/04\/SNC000902.jpg\"><img loading=\"lazy\" decoding=\"async\" class=\"aligncenter size-medium wp-image-933\" title=\"dacii \u015fi romanii din DACIA la Column\u0103\" src=\"http:\/\/bassdu.mine.nu\/images\/2010\/04\/SNC000902-300x225.jpg\" alt=\"\" width=\"300\" height=\"225\" srcset=\"https:\/\/bassdu.mine.bz\/images\/2010\/04\/SNC000902-300x225.jpg 300w, https:\/\/bassdu.mine.bz\/images\/2010\/04\/SNC000902-1024x768.jpg 1024w\" sizes=\"(max-width: 300px) 100vw, 300px\" \/><\/a><\/p>\n<p>Eu nu m\u0103 \u00eentreb de ce <em>Sf\u00e2ntul Petru<\/em> a luat locul lui <em>Traian<\/em> pe <strong>Column\u0103<\/strong>, sau <em>cine<\/em> a f\u0103cut asta, de\u015fi a trona pe scenele unui <strong>r\u0103zboi s\u00e2ngeros<\/strong>, nu mi se pare o <strong>alegere \u00een\u0163eleapt\u0103<\/strong> ! Dar o <strong>Slujb\u0103 de Pomenire<\/strong> mi se pare un <em>minim gest<\/em>, care poate ar face s\u0103 se \u00eentoarc\u0103 <strong>Spiritul Stramo\u015filor<\/strong>, in ajutorul acelui <em>p\u0103m\u00e2nt martirizat,<\/em> ce se cheam\u0103 &#8230; <span style=\"text-decoration: underline;\"><strong>DACIA!<\/strong><\/span><\/p>\n<p><a><br \/>\n<\/a><\/p>\n","protected":false},"excerpt":{"rendered":"<p>Columna lui Traian Poate nu sunt eu normal, dar cu ocazia vizitelor la Roma, primul drum \u00eel fac la Forul Imperial, unde fac un lung popas pe pietrele din fa\u0163a Columnei lui Traian, dup\u0103 care m\u0103 \u201dr\u0103coresc\u201d sub Arcul lui Constantin. Poate nu sunt eu normal, dar mie \u00een preajma Columnei, mi se umezesc ochii, [&hellip;]<\/p>\n","protected":false},"author":2,"featured_media":0,"comment_status":"open","ping_status":"open","sticky":false,"template":"","format":"standard","meta":{"footnotes":""},"categories":[3],"tags":[307,284,45,297],"jetpack_featured_media_url":"","_links":{"self":[{"href":"https:\/\/bassdu.mine.bz\/index.php?rest_route=\/wp\/v2\/posts\/932"}],"collection":[{"href":"https:\/\/bassdu.mine.bz\/index.php?rest_route=\/wp\/v2\/posts"}],"about":[{"href":"https:\/\/bassdu.mine.bz\/index.php?rest_route=\/wp\/v2\/types\/post"}],"author":[{"embeddable":true,"href":"https:\/\/bassdu.mine.bz\/index.php?rest_route=\/wp\/v2\/users\/2"}],"replies":[{"embeddable":true,"href":"https:\/\/bassdu.mine.bz\/index.php?rest_route=%2Fwp%2Fv2%2Fcomments&post=932"}],"version-history":[{"count":5,"href":"https:\/\/bassdu.mine.bz\/index.php?rest_route=\/wp\/v2\/posts\/932\/revisions"}],"predecessor-version":[{"id":1370,"href":"https:\/\/bassdu.mine.bz\/index.php?rest_route=\/wp\/v2\/posts\/932\/revisions\/1370"}],"wp:attachment":[{"href":"https:\/\/bassdu.mine.bz\/index.php?rest_route=%2Fwp%2Fv2%2Fmedia&parent=932"}],"wp:term":[{"taxonomy":"category","embeddable":true,"href":"https:\/\/bassdu.mine.bz\/index.php?rest_route=%2Fwp%2Fv2%2Fcategories&post=932"},{"taxonomy":"post_tag","embeddable":true,"href":"https:\/\/bassdu.mine.bz\/index.php?rest_route=%2Fwp%2Fv2%2Ftags&post=932"}],"curies":[{"name":"wp","href":"https:\/\/api.w.org\/{rel}","templated":true}]}}