{"id":938,"date":"2010-04-29T21:32:08","date_gmt":"2010-04-29T20:32:08","guid":{"rendered":"http:\/\/bassdu.mine.nu\/?p=938"},"modified":"2012-12-16T19:33:30","modified_gmt":"2012-12-16T18:33:30","slug":"nationalismul","status":"publish","type":"post","link":"https:\/\/bassdu.mine.bz\/?p=938","title":{"rendered":"Na\u0163ionalismul"},"content":{"rendered":"<p><!-- \t\t@page { margin: 2cm } \t\tP { margin-bottom: 0.21cm } --><span style=\"font-size: medium;\"><strong>Na\u0163ionalismul<br \/>\n<\/strong><\/span><\/p>\n<p><span style=\"font-size: medium;\"><strong><br \/>\n<\/strong><\/span><span style=\"color: #000080;\"><strong>Dac\u0103 privim dic\u0163ionarele, r\u0103m\u00e2nem cruci\u0163i \u00een fa\u0163a unor defini\u0163ii (nu toate) care situeaz\u0103 NA\u0162IONALISMUL \u00een \u201esfera extremismului\u201d !?<\/strong> <\/span><br \/>\n<span style=\"color: #000080;\">Pe dobitocii care dau astfel de defini\u0163ii, \u00eei \u00eentreb de ce \u0162IGANII , sau EVREII, sau POPOARELE EUROPENE OCCIDENTALE pot fi na\u0163ionaliste, iar noi NU ???\u00a0<\/span><br \/>\n<span style=\"color: #000080;\">\u015ei cu asta cred c\u0103 am epuizat argumentele !!!<\/span><br \/>\n<span style=\"font-size: medium;\"><strong><br \/>\n<\/strong><\/span><\/p>\n<p><strong>GLOBALIZAREA<\/strong> este un fenomen despre care se vorbe\u015fte foarte mult \u00een ultimul timp, de\u015fi acest proces a ap\u0103rut odat\u0103 cu primele imperii multina\u0163ionale. <strong>CUCERITORII<\/strong> f\u0103ceau tot posibilul s\u0103 \u201duniformizeze\u201d societatea, prin anientarea resurselor \u015fi specificului na\u0163ional al <strong>CUCERI\u0162ILOR<\/strong>, \u201d<em>plimb\u00e2ndu-i \u00een schimb cu z\u0103h\u0103relul<\/em>\u201d.<\/p>\n<p>Este adev\u0103rat c\u0103 \u00een ultimul timp, datorit\u0103 \u201d<em>cre\u015fterii mobilit\u0103\u0163ii<\/em>\u201d \u015fi a \u201d<em>manipul\u0103rii mediatice<\/em>\u201d, acest fenomen s-a accelerat, r\u0103m\u00e2n\u00e2nd \u00eens\u0103 ceea ce a fost din totdeauna : <strong>COLONIALISM CAMUFLAT<\/strong>. \u00cen trecut se globaliza cu <em>for\u0163a militar\u0103<\/em>, sau cu alte <em>\u201darme\u201d<\/em>, pe c\u00e2nd azi se folose\u015fte exclusiv &#8230; <strong>banul<\/strong>. CUCERITORII au ace\u015fti bani \u015fi \u201daranjeaz\u0103 c\u0103r\u0163ile pe mas\u0103\u201d, \u00een a\u015fa fel ca ceea <em>ce cump\u0103r\u0103 s\u0103 coste pu\u0163in<\/em>, iar ceea <em>ce v\u00e2nd s\u0103 coste mult <\/em>! Dar nici asta nu \u201d<em>\u00eei satur\u0103<\/em>\u201d, pentru c\u0103 de fapt ceea ce pl\u0103tesc, o fac cu <em>BANI CE NU EXIST\u0102 DEC\u00c2T PE &#8230; H\u00c2RTIE <\/em>!<\/p>\n<p style=\"text-align: center;\"><object width=\"425\" height=\"350\" classid=\"clsid:d27cdb6e-ae6d-11cf-96b8-444553540000\" codebase=\"http:\/\/download.macromedia.com\/pub\/shockwave\/cabs\/flash\/swflash.cab#version=6,0,40,0\"><param name=\"src\" value=\"http:\/\/www.youtube.com\/v\/6unDcYBQSpQ\" \/><\/object><\/p>\n<p>Astfel, CUCERI\u0162II cump\u0103r\u0103 case \u201df<em>\u0103r\u0103 s\u0103 vad\u0103 banii<\/em>\u201d, pentru a le pl\u0103ti dou\u0103 &#8211; trei genera\u0163ii, sau \u015fi mai r\u0103u, pierd totul &#8230; pentru imposibilitate de plat\u0103. A\u015fa ajung b\u0103ncile s\u0103 aib\u0103 un patrimoniu imobiliar, f\u0103r\u0103 s\u0103 &#8230; construiasc\u0103 ! <strong>TOTUL NU ESTE ALTCEVA, DEC\u00c2T UN JOC CU C\u0102R\u0162I M\u0102SLUITE ! <\/strong> Nu degeaba \u201d<em>se joac\u0103<\/em>\u201d \u00een Burs\u0103, chiar dac\u0103 \u00een final nu este dec\u00e2t o <strong>SPECUL\u0102<\/strong> cu &#8230; <strong>soarta oamenilor, sau a &#8230; statelor <\/strong>! A\u015fa s-a ajuns ca Rom\u00e2nia s\u0103 nu mai aib\u0103 nici m\u0103car ceea ce avea pe timpul \u201dr\u0103posatului\u201d ! Toate resursele naturale sunt \u00een m\u00e2na Multina\u0163ionalelor, cet\u0103\u0163enii \u015fi Statul sunt \u00eendatora\u0163i B\u0103ncilor str\u0103ine, iar\u201dm\u00e2na de lucru\u201d \u015fi \u201dcrema intelectualit\u0103\u0163ii\u201d iau drumul emigra\u0163iei, s\u0103r\u0103cind <strong>Patria <\/strong>\u015fi din punct de vedere <strong>Poten\u0163ial \u015fi Spiritual.<\/strong> <em>Ba mai trebuie s\u0103 le fim \u015fi &#8230; recunosc\u0103tori CUCERITORILOR<\/em> !? <strong> \u00centocmai ca \u00een fa\u0163a Columnei lui Traian, unde trebuie s\u0103 &#8230; ne m\u00e2ndrim, \u00een loc s\u0103 v\u0103rs\u0103m o lacrim\u0103 !!! <\/strong><\/p>\n<p><strong><br \/>\n<\/strong><\/p>\n<p><strong>Aceast\u0103 situa\u0163ie nu mai poate continua ! <\/strong><\/p>\n<p>Noi exist\u0103m de milenii<strong> AICI <\/strong>\u015fi suntem <strong>R\u0102D\u0102CIN\u0102<\/strong>, ci nu &#8230; <strong>L\u0102STAR !<\/strong> A\u015fa cum se accept\u0103 c\u0103 <strong>indo-europenii<\/strong> \u201dau plecat\u201d din <strong>Spa\u0163iul Carpato \u2013 Dun\u0103reano &#8211; Pontic<\/strong>, trebuie s\u0103 se accepte c\u0103 \u015fi <strong>RESTUL are acelea\u015fi origini<\/strong> !!!<\/p>\n<p>Circul\u0103 fel de fel de \u201dteorii\u201d, prin care <strong>CUCERITORII,<\/strong> vor s\u0103 \u201ddemonstreze\u201d leg\u0103turi str\u0103vechi cu &#8230; <strong>Spa\u0163iul Mioritic<\/strong>, c\u0103ut\u00e2nd \u201d<em>s\u0103 dea la o parte<\/em>\u201d tocmai pe legitimii \u201d<em>ocupan\u0163i<\/em>\u201d, adic\u0103 &#8230; pe noi !? <strong> Aceste \u201dteorii\u201d trebuiesc comb\u0103tute cu vehemen\u0163\u0103, dar \u015fi argumentat, mai ales de cei ce \u201dsunt de meserie\u201d \u015fi care \u00een aceste momente &#8230; LIPSESC, spre ru\u015finea lor.<\/strong><\/p>\n<p>Am avut norocul s\u0103 ne na\u015ftem \u00een spa\u0163iul cel mai propice <strong>SUPRAVIE\u0162UIRII<\/strong> \u015fi cu cel mai mare \u015fi diversificat <strong>POTEN\u0162IAL<\/strong> ! Este <strong>RIDICOL\u0102<\/strong> orice \u201dteorie\u201d care \u00eencearc\u0103 s\u0103 <strong>NE CONVING\u0102 C\u0102 &#8230; AM P\u0102R\u0102SIT ACEAST\u0102 FORT\u0102REA\u0162\u0102 NUMIT\u0102 \u015eI GR\u0102DINA MAICII DOMNULUI<\/strong> !<\/p>\n<p>R\u0103spunsul trebuie s\u0103 fie un <strong>Na\u0163ionalism S\u0103n\u0103tos<\/strong>, care s\u0103 ne permit\u0103 s\u0103 devenim st\u0103p\u00e2nii propriilor <strong>Resurse<\/strong>, a propriului <strong>Trecut<\/strong>, a propriei <strong>Culturi<\/strong>, ale propriilor<strong> Tradi\u0163ii<\/strong> \u015fi \u00een final, a propriului <strong>Viitor.<\/strong><\/p>\n<p style=\"text-align: center;\"><object width=\"425\" height=\"350\" classid=\"clsid:d27cdb6e-ae6d-11cf-96b8-444553540000\" codebase=\"http:\/\/download.macromedia.com\/pub\/shockwave\/cabs\/flash\/swflash.cab#version=6,0,40,0\"><param name=\"src\" value=\"http:\/\/www.youtube.com\/v\/5Zf5ZqNy5aU\" \/><\/object><\/p>\n<p>Am zis <strong>Na\u0163ionalism S\u0103n\u0103tos,<\/strong> deoarece exist\u0103 \u015fi unul &#8230; Bolnav. Reamintesc tuturor \u201dintransigen\u0163ilor\u201d, o zic\u0103toare rom\u00e2neasc\u0103 :<strong> \u201dNu face altora ceea ce \u0163ie nu-\u0163i place !\u201d<\/strong> Este nevoie deci de <strong>Echilibru<\/strong> \u00eentre ceea ce se cere altora \u015fi ceea ce se pretinde pentru sine. <strong>Regulile<\/strong> trebuie s\u0103 fie clare \u015fi acelea\u015fi pentru <strong>TO\u0162I.<\/strong> De exemplu, ceea ce dorim pentru cei de un s\u00e2nge cu noi \u201d<em>din afar\u0103<\/em>\u201d, trebuie s\u0103 fim gata s\u0103 oferim \u015fi celor diver\u015fi \u201d<em>din interior<\/em>\u201d ! To\u0163i locuitorii <strong>DACIEI<\/strong> trebuie s\u0103 fie m\u00e2ndri de a fi v\u0103zut lumina zilei pe acest <strong>t\u0103r\u00e2m binecuv\u00e2ntat<\/strong>, <em>indiferent de etnie, religie sau alte particularit\u0103\u0163i ! <\/em>Asta se chiam\u0103 <strong>COEREN\u0162\u0102 !<\/strong><\/p>\n<p><em><strong>\u00cen \u00eencheiere, nu pot s\u0103 nu m\u0103 \u00eentreb cum putem noi s\u0103 ignor\u0103m m\u0103re\u0163ia \u015fi adev\u0103ratul nume al acestui teritoriu ? Cum putem noi s\u0103-l ador\u0103m pe Traian \u015fi al s\u0103u Imperiu ? <\/strong><\/em><\/p>\n<p>Cert este un lucru : de 2000 de ani suntem asedia\u0163i de diver\u015fi <strong>GLOBALIZATORI. <\/strong><\/p>\n<p><strong>&#8230; A venit Timpul s\u0103 \u201dne scutur\u0103m\u201d \u015fi s\u0103 demonstr\u0103m c\u0103 <em>DACIA<\/em>, exist\u0103 INC\u0102! <\/strong><\/p>\n","protected":false},"excerpt":{"rendered":"<p>Na\u0163ionalismul Dac\u0103 privim dic\u0163ionarele, r\u0103m\u00e2nem cruci\u0163i \u00een fa\u0163a unor defini\u0163ii (nu toate) care situeaz\u0103 NA\u0162IONALISMUL \u00een \u201esfera extremismului\u201d !? Pe dobitocii care dau astfel de defini\u0163ii, \u00eei \u00eentreb de ce \u0162IGANII , sau EVREII, sau POPOARELE EUROPENE OCCIDENTALE pot fi na\u0163ionaliste, iar noi NU ???\u00a0 \u015ei cu asta cred c\u0103 am epuizat argumentele !!! GLOBALIZAREA [&hellip;]<\/p>\n","protected":false},"author":2,"featured_media":0,"comment_status":"open","ping_status":"open","sticky":false,"template":"","format":"standard","meta":{"footnotes":""},"categories":[73],"tags":[312,117,45,311,151,313,314,120],"jetpack_featured_media_url":"","_links":{"self":[{"href":"https:\/\/bassdu.mine.bz\/index.php?rest_route=\/wp\/v2\/posts\/938"}],"collection":[{"href":"https:\/\/bassdu.mine.bz\/index.php?rest_route=\/wp\/v2\/posts"}],"about":[{"href":"https:\/\/bassdu.mine.bz\/index.php?rest_route=\/wp\/v2\/types\/post"}],"author":[{"embeddable":true,"href":"https:\/\/bassdu.mine.bz\/index.php?rest_route=\/wp\/v2\/users\/2"}],"replies":[{"embeddable":true,"href":"https:\/\/bassdu.mine.bz\/index.php?rest_route=%2Fwp%2Fv2%2Fcomments&post=938"}],"version-history":[{"count":6,"href":"https:\/\/bassdu.mine.bz\/index.php?rest_route=\/wp\/v2\/posts\/938\/revisions"}],"predecessor-version":[{"id":947,"href":"https:\/\/bassdu.mine.bz\/index.php?rest_route=\/wp\/v2\/posts\/938\/revisions\/947"}],"wp:attachment":[{"href":"https:\/\/bassdu.mine.bz\/index.php?rest_route=%2Fwp%2Fv2%2Fmedia&parent=938"}],"wp:term":[{"taxonomy":"category","embeddable":true,"href":"https:\/\/bassdu.mine.bz\/index.php?rest_route=%2Fwp%2Fv2%2Fcategories&post=938"},{"taxonomy":"post_tag","embeddable":true,"href":"https:\/\/bassdu.mine.bz\/index.php?rest_route=%2Fwp%2Fv2%2Ftags&post=938"}],"curies":[{"name":"wp","href":"https:\/\/api.w.org\/{rel}","templated":true}]}}