{"id":986,"date":"2010-05-29T21:34:37","date_gmt":"2010-05-29T20:34:37","guid":{"rendered":"http:\/\/bassdu.mine.nu\/?p=986"},"modified":"2010-05-29T23:47:26","modified_gmt":"2010-05-29T22:47:26","slug":"mi-r-a-ataca-mvd","status":"publish","type":"post","link":"https:\/\/bassdu.mine.bz\/?p=986","title":{"rendered":"Mi.R.A. atac\u0103 MVD !"},"content":{"rendered":"<p><!-- \t\t@page { margin: 2cm } \t\tP { margin-bottom: 0.21cm } \t\tH3 { margin-bottom: 0.21cm } \t\tA:link { so-language: zxx } --><\/p>\n<p style=\"text-align: center;\"><span style=\"font-size: medium;\"><strong>Atac asupra \u201dMi\u015fc\u0103rii Virtuale DACIA\u201d, din partea \u201dMi\u015fc\u0103rii pentru o Rom\u00e2nie Altfel\u201d  &#8211;  Mi.R.A.<\/strong><\/span><\/p>\n<p><span style=\"font-size: small;\">Iat\u0103 insultele adresate mine pe Facebook, de ROMEO TARHON, lider al Mi.R.A., patronat\u0103 de principele Radu Dud\u0103, apropos de video-mesajele adresate aderen\u0163ilor la \u201dMi\u015fcarea Virtual\u0103 DACIA\u201d :<\/span><\/p>\n<p>\u201d<span style=\"font-size: small;\"><span style=\"font-size: medium;\"><strong><a href=\"http:\/\/www.facebook.com\/romeo.tarhon\">Romeo Tarhon<\/a> Stimabile miscarea virtuoasa pe teava gionanni, te rog sa te abtii sa imi mai trimiti nevinovatele dumitale ineptii pseudopatriotice din Italia, unde traiesti virtual(!), tara care se uita la voi ca la o paria. Abtine-te sa ma mai asaltezi cu mesaje private de doua&#8230;lire, nu ti-am permis, nu suntem prieteni, nu impartasimacelasi ideal.<\/strong><\/span><\/span><\/p>\n<p><span style=\"font-size: medium;\"><strong>&#8230;&#8230;&#8230;&#8230;&#8230;&#8230;&#8230;&#8230;&#8230;&#8230;&#8230;&#8230;&#8230;&#8230;&#8230;&#8230;&#8230;&#8230;&#8230;&#8230;&#8230;&#8230;&#8230;..<\/strong><\/span><\/p>\n<h3><a href=\"http:\/\/www.facebook.com\/romeo.tarhon\">Romeo Tarhon<\/a> Esti si dumneata o mica manivela care vre sa porneasca un motor fara biela&#8230;Nu faci decat sa dezbini romanii din comunitatilede acolo, sa induci in eroare, sa atragi pe facebook adepti care sa iti &#8220;asculte&#8221; ratacismele printr-o lume ostila, starina. Patria este aici, este in durerile (re)facerii si plange&#8230;Patria es&#8230;te aici si este REALA. Insusi termenul &#8220;miscare&#8221; exprima dinamism, mobilitate&#8230;O miscare &#8220;virtuala&#8217; faci dumneata, poate, cand iti imaginezi&#8230;\u201d<\/h3>\n<p>Iat\u0103 r\u0103spunsul meu articulat \u015fi \u00eentr-o rom\u00e2neasc\u0103 mai valabil\u0103 ca a sus-numitului, care \u201dm\u0103n\u00e2nc\u0103 p\u00e2ine cu salam \u00een &#8230; DACIA\u201d:<\/p>\n<ol>\n<li>1. \u00a0 Nimeni nu v\u0103 oblig\u0103 s\u0103 r\u0103m\u00e2ne\u0163i membru al MVD, deci s\u0103 \tprimi\u0163i mesajele mele. Chiar \u015fi a\u015fa, nimeni nu v\u0103 oblig\u0103 s\u0103 ap\u0103sa\u0163i \u201dplay\u201d !  Oricum am luat m\u0103suri s\u0103 &#8230; nu v\u0103 mai \tderanjez \u015fi s\u0103 &#8230;  nu mai deranja\u0163i !<\/li>\n<li>2.\u00a0 \u0162in s\u0103 aduc la cuno\u015ftin\u0163a tuturor, c\u0103 eu personal am \tsprijinit \u00een Italia candidatura d-lui Dud\u0103 la Pre\u015fiden\u0163ie, \tconsider\u00e2ndu-l un &#8230; \u201dr\u0103u minor\u201d.  Men\u0163ionez c\u0103 am fost \tprezent la \u201dForumul Comunit\u0103\u0163ii Rom\u00e2ne\u015fti din Italia\u201d<span style=\"font-size: small;\"> din 2009 de la Milano, av\u00e2nd ocazia s\u0103-l cunosc de    persoan\u0103. \tDac\u0103 ini\u0163iativa d-lui Tarhon este aprobat\u0103 de principe, \u00eenseamn\u0103 \tc\u0103 este adev\u0103rat c\u0103 :\u201dpe cine nu la\u015fi s\u0103 moar\u0103, nu te las\u0103 \ts\u0103 tr\u0103ie\u015fti\u201d.   \ud83d\ude42<\/span><\/li>\n<li><span style=\"font-size: small;\">3.\u00a0 Eu nu sunt \tsigur c\u0103 voi reu\u015fi s\u0103 schimb Rom\u00e2nia, dar \u201dnu m\u0103 \u00eemb\u0103t cu \tap\u0103 rece\u201d, c\u0103 ar reu\u015fi a\u015fa ceva, cineva legat de &#8230; \tHohentzollern ! Dac\u0103 DACIA va mai avea vreodat\u0103 un rege, acesta va \tfi &#8230; p\u0103m\u00e2ntean \u015fi f\u0103r\u0103 leg\u0103tur\u0103 cu &#8230; Exteriorul !<\/span><\/li>\n<li><span style=\"font-size: small;\">4.\u00a0 Dac\u0103 d-l Dud\u0103 \t\u00ee\u015fi va cere scuze (ceea ce nu cred \u015fi nu a\u015ftept), recomand s\u0103 \tprofite de ocazie \u015fi s\u0103 conving\u0103 familia regal\u0103, s\u0103 ne spun\u0103 \t\u015fi nou\u0103 ce s-a f\u0103cut cu PL\u0102CU\u0162ELE DE AUR de la SINAIA, care au \tdevenit &#8230; DE PLUMB !<\/span><\/li>\n<li><span style=\"font-size: small;\">5.\u00a0 Recomand d-lui \tROMEO TARHON s\u0103 mai studieze limba rom\u00e2n\u0103, \u00eenainte de a se ocupa \tde Rom\u00e2nia (sau s\u0103 schimbe ochelarii, sau &#8230; keyboard-ul) !<\/span><\/li>\n<li><span style=\"font-size: small;\">6.\u00a0 \u00cenchei \tasigur\u00e2ndu-v\u0103 c\u0103 nu v\u0103 voi mai prezenta INEP\u0162IILE mele, &#8230; \tl\u0103s\u00e2ndu-v\u0103 libertatea de a v\u0103 ocupa de cele personale !   \ud83d\ude42<\/span><\/li>\n<li><span style=\"font-size: small;\">7.\u00a0 V\u0103 reamintesc, \u00een cazul \u00een care a\u0163i uitat, c\u0103 d-voastr\u0103 mi-a\u0163i cerut prietenia \u015fi intrarea \u00een MVD \u015fi c\u0103 nu a\u0163i ap\u0103sat pe \u201dbutonul de ie\u015fire \u015fi &#8230; desprietenire\u201d, probabil ap\u0103s\u00e2nd &#8230; al\u0103turi !\u00a0 Se \u00eent\u00e2mpl\u0103 !\u00a0 <strong>V-am dat eu o m\u00e2n\u0103 de ajutor !<\/strong> \ud83d\ude42<br \/>\n<\/span><\/li>\n<\/ol>\n","protected":false},"excerpt":{"rendered":"<p>Atac asupra \u201dMi\u015fc\u0103rii Virtuale DACIA\u201d, din partea \u201dMi\u015fc\u0103rii pentru o Rom\u00e2nie Altfel\u201d &#8211; Mi.R.A. Iat\u0103 insultele adresate mine pe Facebook, de ROMEO TARHON, lider al Mi.R.A., patronat\u0103 de principele Radu Dud\u0103, apropos de video-mesajele adresate aderen\u0163ilor la \u201dMi\u015fcarea Virtual\u0103 DACIA\u201d : \u201dRomeo Tarhon Stimabile miscarea virtuoasa pe teava gionanni, te rog sa te abtii sa [&hellip;]<\/p>\n","protected":false},"author":2,"featured_media":0,"comment_status":"open","ping_status":"open","sticky":false,"template":"","format":"standard","meta":{"footnotes":""},"categories":[73],"tags":[45,326,325,114],"jetpack_featured_media_url":"","_links":{"self":[{"href":"https:\/\/bassdu.mine.bz\/index.php?rest_route=\/wp\/v2\/posts\/986"}],"collection":[{"href":"https:\/\/bassdu.mine.bz\/index.php?rest_route=\/wp\/v2\/posts"}],"about":[{"href":"https:\/\/bassdu.mine.bz\/index.php?rest_route=\/wp\/v2\/types\/post"}],"author":[{"embeddable":true,"href":"https:\/\/bassdu.mine.bz\/index.php?rest_route=\/wp\/v2\/users\/2"}],"replies":[{"embeddable":true,"href":"https:\/\/bassdu.mine.bz\/index.php?rest_route=%2Fwp%2Fv2%2Fcomments&post=986"}],"version-history":[{"count":9,"href":"https:\/\/bassdu.mine.bz\/index.php?rest_route=\/wp\/v2\/posts\/986\/revisions"}],"predecessor-version":[{"id":990,"href":"https:\/\/bassdu.mine.bz\/index.php?rest_route=\/wp\/v2\/posts\/986\/revisions\/990"}],"wp:attachment":[{"href":"https:\/\/bassdu.mine.bz\/index.php?rest_route=%2Fwp%2Fv2%2Fmedia&parent=986"}],"wp:term":[{"taxonomy":"category","embeddable":true,"href":"https:\/\/bassdu.mine.bz\/index.php?rest_route=%2Fwp%2Fv2%2Fcategories&post=986"},{"taxonomy":"post_tag","embeddable":true,"href":"https:\/\/bassdu.mine.bz\/index.php?rest_route=%2Fwp%2Fv2%2Ftags&post=986"}],"curies":[{"name":"wp","href":"https:\/\/api.w.org\/{rel}","templated":true}]}}