{"id":686,"count":1,"description":"","link":"https:\/\/bassdu.mine.bz\/?tag=stefan-cel-mare-si-sfant","name":"\u015etefan cel Mare \u015fi Sf\u00e2nt","slug":"stefan-cel-mare-si-sfant","taxonomy":"post_tag","meta":[],"_links":{"self":[{"href":"https:\/\/bassdu.mine.bz\/index.php?rest_route=\/wp\/v2\/tags\/686"}],"collection":[{"href":"https:\/\/bassdu.mine.bz\/index.php?rest_route=\/wp\/v2\/tags"}],"about":[{"href":"https:\/\/bassdu.mine.bz\/index.php?rest_route=\/wp\/v2\/taxonomies\/post_tag"}],"wp:post_type":[{"href":"https:\/\/bassdu.mine.bz\/index.php?rest_route=%2Fwp%2Fv2%2Fposts&tags=686"}],"curies":[{"name":"wp","href":"https:\/\/api.w.org\/{rel}","templated":true}]}}