{"id":818,"count":1,"description":"","link":"https:\/\/bassdu.mine.bz\/?tag=forte-de-aparare-nationala","name":"For\u0163e de Ap\u0103rare Na\u0163ional\u0103","slug":"forte-de-aparare-nationala","taxonomy":"post_tag","meta":[],"_links":{"self":[{"href":"https:\/\/bassdu.mine.bz\/index.php?rest_route=\/wp\/v2\/tags\/818"}],"collection":[{"href":"https:\/\/bassdu.mine.bz\/index.php?rest_route=\/wp\/v2\/tags"}],"about":[{"href":"https:\/\/bassdu.mine.bz\/index.php?rest_route=\/wp\/v2\/taxonomies\/post_tag"}],"wp:post_type":[{"href":"https:\/\/bassdu.mine.bz\/index.php?rest_route=%2Fwp%2Fv2%2Fposts&tags=818"}],"curies":[{"name":"wp","href":"https:\/\/api.w.org\/{rel}","templated":true}]}}