{"id":897,"count":1,"description":"","link":"https:\/\/bassdu.mine.bz\/?tag=curatenie-etnica","name":"cur\u0103\u0163enie etnic\u0103","slug":"curatenie-etnica","taxonomy":"post_tag","meta":[],"_links":{"self":[{"href":"https:\/\/bassdu.mine.bz\/index.php?rest_route=\/wp\/v2\/tags\/897"}],"collection":[{"href":"https:\/\/bassdu.mine.bz\/index.php?rest_route=\/wp\/v2\/tags"}],"about":[{"href":"https:\/\/bassdu.mine.bz\/index.php?rest_route=\/wp\/v2\/taxonomies\/post_tag"}],"wp:post_type":[{"href":"https:\/\/bassdu.mine.bz\/index.php?rest_route=%2Fwp%2Fv2%2Fposts&tags=897"}],"curies":[{"name":"wp","href":"https:\/\/api.w.org\/{rel}","templated":true}]}}